{"id":8481,"date":"2021-09-09T10:17:04","date_gmt":"2021-09-09T13:17:04","guid":{"rendered":"https:\/\/radiorevelacionfm.cl\/?p=8481"},"modified":"2021-09-09T10:17:04","modified_gmt":"2021-09-09T13:17:04","slug":"camara-de-diputados-da-luz-verde-a-proyecto-de-reingreso-educativo","status":"publish","type":"post","link":"https:\/\/radiorevelacionfm.cl\/?p=8481","title":{"rendered":"C\u00e1mara de Diputados da luz verde a proyecto de reingreso educativo"},"content":{"rendered":"<div class=\"flex_column av_one_full  flex_column_div av-zero-column-padding first  avia-builder-el-0  el_before_av_one_full  avia-builder-el-first  \" style='border-radius:0px; '><div  class='avia-image-container  av-styling-    avia-builder-el-1  avia-builder-el-no-sibling  avia-align-center '  itemprop=\"image\" itemscope=\"itemscope\" itemtype=\"https:\/\/schema.org\/ImageObject\"  ><div class='avia-image-container-inner'><div class='avia-image-overlay-wrap'><img decoding=\"async\" class='wp-image-8483 avia-img-lazy-loading-not-8483 avia_image' src=\"https:\/\/radiorevelacionfm.cl\/wp-content\/uploads\/2021\/09\/estudiante-1-1-1-1.jpg\" alt='' title='estudiante 1-1 (1) (1)' height=\"600\" width=\"1203\"  itemprop=\"thumbnailUrl\" srcset=\"https:\/\/radiorevelacionfm.cl\/wp-content\/uploads\/2021\/09\/estudiante-1-1-1-1.jpg 1203w, https:\/\/radiorevelacionfm.cl\/wp-content\/uploads\/2021\/09\/estudiante-1-1-1-1-300x150.jpg 300w, https:\/\/radiorevelacionfm.cl\/wp-content\/uploads\/2021\/09\/estudiante-1-1-1-1-1030x514.jpg 1030w, https:\/\/radiorevelacionfm.cl\/wp-content\/uploads\/2021\/09\/estudiante-1-1-1-1-768x383.jpg 768w, https:\/\/radiorevelacionfm.cl\/wp-content\/uploads\/2021\/09\/estudiante-1-1-1-1-705x352.jpg 705w, https:\/\/radiorevelacionfm.cl\/wp-content\/uploads\/2021\/09\/estudiante-1-1-1-1-600x299.jpg 600w\" sizes=\"(max-width: 1203px) 100vw, 1203px\" \/><\/div><\/div><\/div><\/div><div class=\"flex_column av_one_full  flex_column_div av-zero-column-padding first  avia-builder-el-2  el_after_av_one_full  el_before_av_one_full  column-top-margin\" style='border-radius:0px; '><section class=\"av_textblock_section \"  itemscope=\"itemscope\" itemtype=\"https:\/\/schema.org\/BlogPosting\" itemprop=\"blogPost\" ><div class='avia_textblock  '   itemprop=\"text\" ><p style=\"text-align: center;\"><strong><span style=\"font-size: 18pt;\">C\u00e1mara de Diputados da luz verde a proyecto de reingreso educativo<\/span><\/strong><\/p>\n<div id=\"gtx-trans\" style=\"position: absolute; left: -50px; top: 4.31534px;\">\n<div class=\"gtx-trans-icon\"><\/div>\n<\/div>\n<\/div><\/section><\/div><div class=\"flex_column av_one_full  flex_column_div av-zero-column-padding first  avia-builder-el-4  el_after_av_one_full  el_before_av_hr  column-top-margin\" style='border-radius:0px; '><section class=\"av_textblock_section \"  itemscope=\"itemscope\" itemtype=\"https:\/\/schema.org\/BlogPosting\" itemprop=\"blogPost\" ><div class='avia_textblock  '   itemprop=\"text\" ><p class=\"v1MsoNormal\" style=\"text-align: justify;\">Este mi\u00e9rcoles fue una jornada decisiva para el Ministerio de Educaci\u00f3n, porque la sala de la c\u00e1mara de Diputados dio luz verde al proyecto que establece un sistema de subvenciones para la modalidad educativa de reingreso.<\/p>\n<p class=\"v1MsoNormal\" style=\"text-align: justify;\">Con 86 votos a favor, 27 en contra y 21 abstenciones, el proyecto que establece subvenciones para la modalidad de reingreso educativo fue aprobado por los diputados, lo que quiere decir que la iniciativa que busca ofrecer una oportunidad educativa que permita a los estudiantes que est\u00e1n fuera del sistema escolar contar con los apoyos pedag\u00f3gicos, socioemocionales y t\u00e9cnicos necesarios para retomar y completar sus trayectorias educativas, ahora ser\u00e1 discutida en el Senado.<\/p>\n<p class=\"v1MsoNormal\" style=\"text-align: justify;\">\u201cEsta nueva modalidad se trabaj\u00f3 luego de dos a\u00f1os con el Consejo Nacional de Educaci\u00f3n y el proyecto que hoy se ha despachado de la C\u00e1mara de Diputados asigna recursos para que podamos contar con una modalidad educativa especialmente dise\u00f1ada en las necesidades de los ni\u00f1os y j\u00f3venes que est\u00e1n excluidos del sistema educativo. Los esfuerzos est\u00e1n tanto en retener a los alumnos que est\u00e1n en riego de salirse, como sobre todo en recuperar a estos j\u00f3venes que est\u00e1n fuera y que necesitan del sistema educativo para desarrollar al m\u00e1ximo sus capacidades y acceder a nuevas oportunidades. La aprobaci\u00f3n de la modalidad de reingreso y espec\u00edficamente de los recursos para esa modalidad es una muy buena noticia para aquellos ni\u00f1os que est\u00e1n excluidos del sistema y deben ser reincorporados\u201d, asegur\u00f3 el ministro de Educaci\u00f3n, Ra\u00fal Figueroa.<\/p>\n<p class=\"v1MsoNormal\" style=\"text-align: justify;\"><b><span lang=\"ES\">\u00bfQui\u00e9nes podr\u00e1n acceder a esta nueva modalidad?<\/span><\/b><\/p>\n<p class=\"v1MsoNormal\" style=\"text-align: justify;\"><span lang=\"ES\">Todos los ni\u00f1os, ni\u00f1as y adolescentes entre 12 y 21 a\u00f1os que, habiendo estado matriculados previamente en el sistema escolar chileno\u00a0<b>se encuentran hoy fuera del sistema escolar<\/b>\u00a0<b>por m\u00e1s de dos a\u00f1os<\/b>\u00a0por diversos motivos asociados a contextos de vulnerabilidad personal, familiar y\/o exclusi\u00f3n social.<\/span><\/p>\n<p class=\"v1MsoNormal\" style=\"text-align: justify;\"><span lang=\"ES\">Estos estudiantes, que son cerca de 99 mil ni\u00f1os, ni\u00f1as y j\u00f3venes de entre 12 y 21 a\u00f1os, que forman parte de los m\u00e1s de 180 mil que se encuentran excluidos del sistema escolar desde los 5 a los 21 a\u00f1os, pueden ingresar a dos programas de la modalidad:<\/span><\/p>\n<ol style=\"text-align: justify;\" type=\"1\">\n<li class=\"v1MsoNormal\"><b><span lang=\"ES-MX\">Recompromiso<\/span><\/b><span lang=\"ES-MX\">\u00a0<b>Educativo<\/b>: Busca restaurar el v\u00ednculo educativo del estudiante para que contin\u00fae con su proceso educativo. Est\u00e1 dirigido a estudiantes entre 12 y 21 a\u00f1os que podr\u00e1n reingresar en la educaci\u00f3n regular o continuar su proceso educativo en el programa de reingreso escolar.<\/span><\/li>\n<li class=\"v1MsoNormal\"><b><span lang=\"ES-MX\">Reingreso<\/span><\/b><span lang=\"ES-MX\">\u00a0<b>Escolar<\/b>: Est\u00e1 orientado a estudiantes de entre 16 y 21 a\u00f1os y tiene por finalidad\u00a0<b>permitir a los estudiantes completar su educaci\u00f3n escolar<\/b>, ofreciendo distintos subprogramas de formaci\u00f3n que pueden ser human\u00edstico-cient\u00edfico, t\u00e9cnico profesional, de oficio o de certificaci\u00f3n de competencias.<\/span><\/li>\n<\/ol>\n<p class=\"v1MsoNormal\" style=\"text-align: justify;\">La subvenci\u00f3n por estudiante ser\u00e1 de m\u00e1s de $130 mil en estos nuevos espacios, que se constituir\u00e1n en una jornada diferenciada en los Centros de Educaci\u00f3n Integrada de Adultos (CEIA), o en aulas de reingreso ubicadas en establecimientos de educaci\u00f3n regular.<\/p>\n<\/div><\/section><\/div><div  style='height:50px' class='hr hr-invisible   avia-builder-el-6  el_after_av_one_full  el_before_av_social_share '><span class='hr-inner ' ><span class='hr-inner-style'><\/span><\/span><\/div><\/p>\n<div  class='av-social-sharing-box  avia-builder-el-7  el_after_av_hr  el_before_av_hr  '><div class='av-share-box'><h5 class='av-share-link-description av-no-toc '>Compartir esta noticia<\/h5><ul class='av-share-box-list noLightbox'><li class='av-share-link av-social-link-facebook' ><a target=\"_blank\" aria-label=\"Compartir en Facebook\" href='https:\/\/www.facebook.com\/sharer.php?u=https:\/\/radiorevelacionfm.cl\/?p=8481&#038;t=C%C3%A1mara%20de%20Diputados%20da%20luz%20verde%20a%20proyecto%20de%20reingreso%20educativo' aria-hidden='false' data-av_icon='\ue8f3' data-av_iconfont='entypo-fontello' title='' data-avia-related-tooltip='Compartir en Facebook' rel=\"noopener\"><span class='avia_hidden_link_text'>Compartir en Facebook<\/span><\/a><\/li><li class='av-share-link av-social-link-twitter' ><a target=\"_blank\" aria-label=\"Compartir en Twitter\" href='https:\/\/twitter.com\/share?text=C%C3%A1mara%20de%20Diputados%20da%20luz%20verde%20a%20proyecto%20de%20reingreso%20educativo&#038;url=https:\/\/radiorevelacionfm.cl\/?p=8481' aria-hidden='false' data-av_icon='\ue8f1' data-av_iconfont='entypo-fontello' title='' data-avia-related-tooltip='Compartir en Twitter' rel=\"noopener\"><span class='avia_hidden_link_text'>Compartir en Twitter<\/span><\/a><\/li><li class='av-share-link av-social-link-whatsapp' ><a target=\"_blank\" aria-label=\"Compartir en Whatsapp\" href='https:\/\/api.whatsapp.com\/send?text=https:\/\/radiorevelacionfm.cl\/?p=8481' aria-hidden='false' data-av_icon='\uf232' data-av_iconfont='entypo-fontello' title='' data-avia-related-tooltip='Compartir en Whatsapp' rel=\"noopener\"><span class='avia_hidden_link_text'>Compartir en Whatsapp<\/span><\/a><\/li><li class='av-share-link av-social-link-linkedin' ><a target=\"_blank\" aria-label=\"Compartir en LinkedIn\" href='https:\/\/linkedin.com\/shareArticle?mini=true&#038;title=C%C3%A1mara%20de%20Diputados%20da%20luz%20verde%20a%20proyecto%20de%20reingreso%20educativo&#038;url=https:\/\/radiorevelacionfm.cl\/?p=8481' aria-hidden='false' data-av_icon='\ue8fc' data-av_iconfont='entypo-fontello' title='' data-avia-related-tooltip='Compartir en LinkedIn' rel=\"noopener\"><span class='avia_hidden_link_text'>Compartir en LinkedIn<\/span><\/a><\/li><li class='av-share-link av-social-link-mail' ><a  aria-label=\"Compartir por correo\" href='mailto:?subject=C%C3%A1mara%20de%20Diputados%20da%20luz%20verde%20a%20proyecto%20de%20reingreso%20educativo&#038;body=https:\/\/radiorevelacionfm.cl\/?p=8481' aria-hidden='false' data-av_icon='\ue805' data-av_iconfont='entypo-fontello' title='' data-avia-related-tooltip='Compartir por correo'><span class='avia_hidden_link_text'>Compartir por correo<\/span><\/a><\/li><\/ul><\/div><\/div>\n<div  style='height:50px' class='hr hr-invisible   avia-builder-el-8  el_after_av_social_share  el_before_av_comments_list '><span class='hr-inner ' ><span class='hr-inner-style'><\/span><\/span><\/div>\n<div  class='av-buildercomment  av-blog-meta-html-info-disabled av-blog-meta-tag-disabled  '><\/div>\n","protected":false},"excerpt":{"rendered":"","protected":false},"author":1,"featured_media":8483,"comment_status":"open","ping_status":"open","sticky":false,"template":"","format":"standard","meta":{"footnotes":""},"categories":[49],"tags":[],"class_list":["post-8481","post","type-post","status-publish","format-standard","has-post-thumbnail","hentry","category-educacion"],"jetpack_featured_media_url":"https:\/\/radiorevelacionfm.cl\/wp-content\/uploads\/2021\/09\/estudiante-1-1-1-1.jpg","_links":{"self":[{"href":"https:\/\/radiorevelacionfm.cl\/index.php?rest_route=\/wp\/v2\/posts\/8481","targetHints":{"allow":["GET"]}}],"collection":[{"href":"https:\/\/radiorevelacionfm.cl\/index.php?rest_route=\/wp\/v2\/posts"}],"about":[{"href":"https:\/\/radiorevelacionfm.cl\/index.php?rest_route=\/wp\/v2\/types\/post"}],"author":[{"embeddable":true,"href":"https:\/\/radiorevelacionfm.cl\/index.php?rest_route=\/wp\/v2\/users\/1"}],"replies":[{"embeddable":true,"href":"https:\/\/radiorevelacionfm.cl\/index.php?rest_route=%2Fwp%2Fv2%2Fcomments&post=8481"}],"version-history":[{"count":1,"href":"https:\/\/radiorevelacionfm.cl\/index.php?rest_route=\/wp\/v2\/posts\/8481\/revisions"}],"predecessor-version":[{"id":8484,"href":"https:\/\/radiorevelacionfm.cl\/index.php?rest_route=\/wp\/v2\/posts\/8481\/revisions\/8484"}],"wp:featuredmedia":[{"embeddable":true,"href":"https:\/\/radiorevelacionfm.cl\/index.php?rest_route=\/wp\/v2\/media\/8483"}],"wp:attachment":[{"href":"https:\/\/radiorevelacionfm.cl\/index.php?rest_route=%2Fwp%2Fv2%2Fmedia&parent=8481"}],"wp:term":[{"taxonomy":"category","embeddable":true,"href":"https:\/\/radiorevelacionfm.cl\/index.php?rest_route=%2Fwp%2Fv2%2Fcategories&post=8481"},{"taxonomy":"post_tag","embeddable":true,"href":"https:\/\/radiorevelacionfm.cl\/index.php?rest_route=%2Fwp%2Fv2%2Ftags&post=8481"}],"curies":[{"name":"wp","href":"https:\/\/api.w.org\/{rel}","templated":true}]}}