{"id":8478,"date":"2021-09-09T09:33:15","date_gmt":"2021-09-09T12:33:15","guid":{"rendered":"https:\/\/radiorevelacionfm.cl\/?p=8478"},"modified":"2021-09-09T09:44:11","modified_gmt":"2021-09-09T12:44:11","slug":"seremi-del-mop-monumento-nacional-bodegas-portuarias-en-puerto-ibanez-rescata-y-pone-en-valor-parte-de-nuestra-historia-regional","status":"publish","type":"post","link":"https:\/\/radiorevelacionfm.cl\/?p=8478","title":{"rendered":"Seremi del MOP: \u201dMonumento Nacional Bodegas Portuarias en Puerto Ib\u00e1\u00f1ez rescata y pone en valor parte de nuestra historia regional\u201d"},"content":{"rendered":"<div class=\"flex_column av_one_full  flex_column_div av-zero-column-padding first  avia-builder-el-0  el_before_av_one_full  avia-builder-el-first  \" style='border-radius:0px; '><div  class='avia-image-container  av-styling-    avia-builder-el-1  avia-builder-el-no-sibling  avia-align-center '  itemprop=\"image\" itemscope=\"itemscope\" itemtype=\"https:\/\/schema.org\/ImageObject\"  ><div class='avia-image-container-inner'><div class='avia-image-overlay-wrap'><img decoding=\"async\" class='wp-image-8479 avia-img-lazy-loading-not-8479 avia_image' src=\"https:\/\/radiorevelacionfm.cl\/wp-content\/uploads\/2021\/09\/IMG_Ibanez-1-1.jpg\" alt='' title='IMG_Iba\u00f1ez (1) (1)' height=\"600\" width=\"808\"  itemprop=\"thumbnailUrl\" srcset=\"https:\/\/radiorevelacionfm.cl\/wp-content\/uploads\/2021\/09\/IMG_Ibanez-1-1.jpg 808w, https:\/\/radiorevelacionfm.cl\/wp-content\/uploads\/2021\/09\/IMG_Ibanez-1-1-300x223.jpg 300w, https:\/\/radiorevelacionfm.cl\/wp-content\/uploads\/2021\/09\/IMG_Ibanez-1-1-768x570.jpg 768w, https:\/\/radiorevelacionfm.cl\/wp-content\/uploads\/2021\/09\/IMG_Ibanez-1-1-705x524.jpg 705w, https:\/\/radiorevelacionfm.cl\/wp-content\/uploads\/2021\/09\/IMG_Ibanez-1-1-600x446.jpg 600w\" sizes=\"(max-width: 808px) 100vw, 808px\" \/><\/div><\/div><\/div><\/div>\n<div class=\"flex_column av_one_full  flex_column_div av-zero-column-padding first  avia-builder-el-2  el_after_av_one_full  el_before_av_one_full  column-top-margin\" style='border-radius:0px; '><section class=\"av_textblock_section \"  itemscope=\"itemscope\" itemtype=\"https:\/\/schema.org\/BlogPosting\" itemprop=\"blogPost\" ><div class='avia_textblock  '   itemprop=\"text\" ><p style=\"text-align: center;\"><span style=\"font-size: 18pt;\"><strong>Seremi del MOP: \u201dMonumento Nacional Bodegas Portuarias en Puerto Ib\u00e1\u00f1ez rescata y pone en valor parte de nuestra historia regional\u201d<\/strong><\/span><\/p>\n<div id=\"gtx-trans\" style=\"position: absolute; left: -50px; top: 4.31534px;\">\n<div class=\"gtx-trans-icon\"><\/div>\n<\/div>\n<\/div><\/section><\/div><div class=\"flex_column av_one_full  flex_column_div av-zero-column-padding first  avia-builder-el-4  el_after_av_one_full  el_before_av_hr  column-top-margin\" style='border-radius:0px; '><section class=\"av_textblock_section \"  itemscope=\"itemscope\" itemtype=\"https:\/\/schema.org\/BlogPosting\" itemprop=\"blogPost\" ><div class='avia_textblock  '   itemprop=\"text\" ><p style=\"text-align: justify;\">La Direcci\u00f3n Regional de Arquitectura del MOP est\u00e1 desarrollando el Dise\u00f1o para restaurar este inmueble, el que tiene 70% de avance y suma la participaci\u00f3n de la comunidad, quienes han compartido la historia de este conjunto de edificaciones contribuyendo a rescatar su patrimonio.<\/p>\n<p style=\"text-align: justify;\">\u201cA m\u00ed me parece muy importante que se le de utilidad a las Bodegas Portuarias, porque en su momento yo tuve la oportunidad de conocer el movimiento que hubo ah\u00ed cuando estaba el muelle ubicado en ese espacio. Los camiones tra\u00edan la carga de Coyhaique, la descargaban ah\u00ed en las bodegas y ah\u00ed permanec\u00eda hasta que ven\u00edan los barcos. Despu\u00e9s funcion\u00f3 la Barcaza y se llevaban la carga al interior para distribuirla. Hab\u00eda mucho tr\u00e1fico de veh\u00edculos, de personas que viajaban, de personas que trabajaban ah\u00ed\u2026Puedo recordar a los muelleros, que se llamaban al grupo de personas que trabajaban en la descarga de mineral que tra\u00edan desde Puerto Cristal espec\u00edficamente. Me parece muy importante que se restauren y se arreglen esas bodegas para que puedan funcionar de nuevo otra vez y darle vida a nuestra costanera, a nuestro pueblo, a nuestra regi\u00f3n y al pa\u00eds. Tuve la oportunidad en varias vacaciones de verano de ir a Puerto Cristal en los barcos que en ese entonces navegaban don Edmundo y don Cot\u00e9 (\u2026) y se demoraban como cinco horas. Uno iba al muelle a dejar encomiendas que mand\u00e1bamos a Cristal a los familiares y conocidos all\u00e1. Entonces, uno ve\u00eda todo el movimiento que hab\u00eda en ese entonces, transportaban animales en los barcos y despu\u00e9s de que sali\u00f3 la Carretera para el interior empez\u00f3 a disminuir; luego se cerr\u00f3 la mina en Puerto Cristal y disminuy\u00f3 el tr\u00e1fico y posteriormente la naturaleza nos quit\u00f3 el muelle cuando hizo erupci\u00f3n el volc\u00e1n Hudson, ah\u00ed se llen\u00f3 de arena volc\u00e1nica el lago y la Barcaza ya no pudo llegar m\u00e1s y se cambi\u00f3 el muelle al sector donde est\u00e1 actualmente, m\u00e1s all\u00e1 del arroyo el lechoso y el muelle funciona ahora en otro lugar\u201d, destac\u00f3 la \u00a0Artesana en greda y microempresaria familiar Marfa \u00c1guila Levic\u00e1n.<\/p>\n<p style=\"text-align: justify;\">Las palabras de la Artesana Marfa \u00c1guila rememoran la historia\u00a0 y la \u00a0importancia que estas Bodegas Portuarias ubicadas en la localidad de Puerto Ingeniero Ib\u00e1\u00f1ez tienen para la comunidad, por esta raz\u00f3n el Secretario Regional Ministerial de Obras P\u00fablicas N\u00e9stor Mera Mu\u00f1oz, hace unos meses atr\u00e1s inform\u00f3 a los vecinos de Puerto Ingeniero Ib\u00e1\u00f1ez que se realizar\u00eda un Dise\u00f1o para restaurar este conjunto de edificaciones, y hoy podemos informar que este Dise\u00f1o cuenta con 70% de avance en su ejecuci\u00f3n. \u201cNuestra Direcci\u00f3n Regional de Arquitectura est\u00e1 elaborando un proyecto integral y generando los antecedentes necesarios junto con el Dise\u00f1o arquitect\u00f3nico para realizar la restauraci\u00f3n y habilitaci\u00f3n de este Monumento Nacional y su entorno inmediato, porque queremos relevar y promover el valor patrimonial de este Monumento, eliminar sus patolog\u00edas y rehabilitar su infraestructura para ser usada como Centro de Actividades Culturales, permitiendo de esta forma el acceso de la comunidad a este conjunto de edificaciones que destaca por su valor como patrimonio arquitect\u00f3nico e hist\u00f3rico debido a que fue \u00a0parte del proceso de poblamiento surgido en 1930 y de la actividad comercial y productiva que se desarrollaba en esa \u00e9poca en la cuenca del lago General Carrera, por lo tanto consideramos que ser\u00e1 un verdadero aporte para los vecinos de Puerto Ib\u00e1\u00f1ez y tambi\u00e9n para el desarrollo educativo, cultural, econ\u00f3mico y social del sector\u201d.<\/p>\n<p style=\"text-align: justify;\">As\u00ed lo refrend\u00f3 tambi\u00e9n Marfa \u00c1guila, quien comento \u201cme gustar\u00eda que hubiera tr\u00e1fico otra vez de gente, de veh\u00edculos que lleguen a ver exposiciones o lo que se haga, pero ser\u00eda bonito que tuviera ese movimiento que hubo hace a\u00f1os atr\u00e1s, porque ahora es bonita la costanera, nuestro lago es hermoso lo que hay, pero ser\u00eda m\u00e1s bonito que las Bodegas estuvieran funcionando, que tengan vida otra vez esas bodegas (\u2026) y que sea accesible para todas las personas y siempre que exista participaci\u00f3n de p\u00fablico se les cuente la historia de las Bodegas\u201d, agreg\u00f3 Marfa \u00c1guila.<\/p>\n<p style=\"text-align: justify;\">Este nuevo Dise\u00f1o permitir\u00e1 establecer la historia constructiva del inmueble, hoy protegido por la Ley 17.288, y las condiciones en que se levant\u00f3 originalmente cada edificio, cuenta con una inversi\u00f3n FNDR de $164 millones, tiene un plazo de 605 d\u00edas para su materializaci\u00f3n y recientemente se realiz\u00f3 la segunda reuni\u00f3n de participaci\u00f3n ciudadana con la comunidad para compartir experiencias, historias y los detalles del Dise\u00f1o, oportunidad en la que el Alcalde de la comuna de R\u00edo Ib\u00e1\u00f1ez, Marcelo Santana manifest\u00f3 \u201cTuvimos la posibilidad\u00a0 de estar en la reuni\u00f3n de participaci\u00f3n ciudadana en donde se nos dio a conocer una etapa avanzada del proyecto de Dise\u00f1o y restauraci\u00f3n, y la verdad es que estamos muy contentos con el resultado del trabajo que ha realizado durante los \u00faltimos meses la Consultora Tandem y que tiene como principal objeto la puesta en valor de un patrimonio hist\u00f3rico como son las Bodegas Portuarias de Puerto Ib\u00e1\u00f1ez. Estamos muy ansiosos de que este proyecto de traduzca prontamente en una obra, va a ser una obra de alto impacto no s\u00f3lo desde el punto de vista de la restauraci\u00f3n del patrimonio, sino tambi\u00e9n de poner en valor una zona que tiene mucha historia para nuestra comuna, como lo es el muelle antiguo y las bodegas portuarias de nuestra localidad. Adem\u00e1s, est\u00e1 pensado en una de las Bodegas tener espacio para que nuestras organizaciones puedan hacer cultura, puedan hacer arte, rescate de los oficios, manifestaciones culturales y tambi\u00e9n un espacio para rememorar lo que aconteci\u00f3 en esa zona portuaria de Puerto Ib\u00e1\u00f1ez hace d\u00e9cadas atr\u00e1s, entonces va a gestionar y va a impulsar el turismo -que es el turismo que nosotros estamos buscando- un turismo a escala local y con participaci\u00f3n de los servicios locales, que es lo que tambi\u00e9n\u00a0 se busca en estas iniciativas\u201d.<\/p>\n<\/div><\/section><\/div><\/p>\n<div  style='height:50px' class='hr hr-invisible   avia-builder-el-6  el_after_av_one_full  el_before_av_social_share '><span class='hr-inner ' ><span class='hr-inner-style'><\/span><\/span><\/div>\n<div  class='av-social-sharing-box  avia-builder-el-7  el_after_av_hr  el_before_av_hr  '><div class='av-share-box'><h5 class='av-share-link-description av-no-toc '>Compartir esta noticia<\/h5><ul class='av-share-box-list noLightbox'><li class='av-share-link av-social-link-facebook' ><a target=\"_blank\" aria-label=\"Compartir en Facebook\" href='https:\/\/www.facebook.com\/sharer.php?u=https:\/\/radiorevelacionfm.cl\/?p=8478&#038;t=Seremi%20del%20MOP%3A%20%E2%80%9DMonumento%20Nacional%20Bodegas%20Portuarias%20en%20Puerto%20Ib%C3%A1%C3%B1ez%20rescata%20y%20pone%20en%20valor%20parte%20de%20nuestra%20historia%20regional%E2%80%9D' aria-hidden='false' data-av_icon='\ue8f3' data-av_iconfont='entypo-fontello' title='' data-avia-related-tooltip='Compartir en Facebook' rel=\"noopener\"><span class='avia_hidden_link_text'>Compartir en Facebook<\/span><\/a><\/li><li class='av-share-link av-social-link-twitter' ><a target=\"_blank\" aria-label=\"Compartir en Twitter\" href='https:\/\/twitter.com\/share?text=Seremi%20del%20MOP%3A%20%E2%80%9DMonumento%20Nacional%20Bodegas%20Portuarias%20en%20Puerto%20Ib%C3%A1%C3%B1ez%20rescata%20y%20pone%20en%20valor%20parte%20de%20nuestra%20historia%20regional%E2%80%9D&#038;url=https:\/\/radiorevelacionfm.cl\/?p=8478' aria-hidden='false' data-av_icon='\ue8f1' data-av_iconfont='entypo-fontello' title='' data-avia-related-tooltip='Compartir en Twitter' rel=\"noopener\"><span class='avia_hidden_link_text'>Compartir en Twitter<\/span><\/a><\/li><li class='av-share-link av-social-link-whatsapp' ><a target=\"_blank\" aria-label=\"Compartir en Whatsapp\" href='https:\/\/api.whatsapp.com\/send?text=https:\/\/radiorevelacionfm.cl\/?p=8478' aria-hidden='false' data-av_icon='\uf232' data-av_iconfont='entypo-fontello' title='' data-avia-related-tooltip='Compartir en Whatsapp' rel=\"noopener\"><span class='avia_hidden_link_text'>Compartir en Whatsapp<\/span><\/a><\/li><li class='av-share-link av-social-link-linkedin' ><a target=\"_blank\" aria-label=\"Compartir en LinkedIn\" href='https:\/\/linkedin.com\/shareArticle?mini=true&#038;title=Seremi%20del%20MOP%3A%20%E2%80%9DMonumento%20Nacional%20Bodegas%20Portuarias%20en%20Puerto%20Ib%C3%A1%C3%B1ez%20rescata%20y%20pone%20en%20valor%20parte%20de%20nuestra%20historia%20regional%E2%80%9D&#038;url=https:\/\/radiorevelacionfm.cl\/?p=8478' aria-hidden='false' data-av_icon='\ue8fc' data-av_iconfont='entypo-fontello' title='' data-avia-related-tooltip='Compartir en LinkedIn' rel=\"noopener\"><span class='avia_hidden_link_text'>Compartir en LinkedIn<\/span><\/a><\/li><li class='av-share-link av-social-link-mail' ><a  aria-label=\"Compartir por correo\" href='mailto:?subject=Seremi%20del%20MOP%3A%20%E2%80%9DMonumento%20Nacional%20Bodegas%20Portuarias%20en%20Puerto%20Ib%C3%A1%C3%B1ez%20rescata%20y%20pone%20en%20valor%20parte%20de%20nuestra%20historia%20regional%E2%80%9D&#038;body=https:\/\/radiorevelacionfm.cl\/?p=8478' aria-hidden='false' data-av_icon='\ue805' data-av_iconfont='entypo-fontello' title='' data-avia-related-tooltip='Compartir por correo'><span class='avia_hidden_link_text'>Compartir por correo<\/span><\/a><\/li><\/ul><\/div><\/div>\n<div  style='height:50px' class='hr hr-invisible   avia-builder-el-8  el_after_av_social_share  el_before_av_comments_list '><span class='hr-inner ' ><span class='hr-inner-style'><\/span><\/span><\/div>\n<div  class='av-buildercomment  av-blog-meta-html-info-disabled av-blog-meta-tag-disabled  '><\/div>\n","protected":false},"excerpt":{"rendered":"","protected":false},"author":1,"featured_media":8479,"comment_status":"open","ping_status":"open","sticky":false,"template":"","format":"standard","meta":{"footnotes":""},"categories":[38],"tags":[],"class_list":["post-8478","post","type-post","status-publish","format-standard","has-post-thumbnail","hentry","category-regional"],"jetpack_featured_media_url":"https:\/\/radiorevelacionfm.cl\/wp-content\/uploads\/2021\/09\/IMG_Ibanez-1-1.jpg","_links":{"self":[{"href":"https:\/\/radiorevelacionfm.cl\/index.php?rest_route=\/wp\/v2\/posts\/8478","targetHints":{"allow":["GET"]}}],"collection":[{"href":"https:\/\/radiorevelacionfm.cl\/index.php?rest_route=\/wp\/v2\/posts"}],"about":[{"href":"https:\/\/radiorevelacionfm.cl\/index.php?rest_route=\/wp\/v2\/types\/post"}],"author":[{"embeddable":true,"href":"https:\/\/radiorevelacionfm.cl\/index.php?rest_route=\/wp\/v2\/users\/1"}],"replies":[{"embeddable":true,"href":"https:\/\/radiorevelacionfm.cl\/index.php?rest_route=%2Fwp%2Fv2%2Fcomments&post=8478"}],"version-history":[{"count":2,"href":"https:\/\/radiorevelacionfm.cl\/index.php?rest_route=\/wp\/v2\/posts\/8478\/revisions"}],"predecessor-version":[{"id":8485,"href":"https:\/\/radiorevelacionfm.cl\/index.php?rest_route=\/wp\/v2\/posts\/8478\/revisions\/8485"}],"wp:featuredmedia":[{"embeddable":true,"href":"https:\/\/radiorevelacionfm.cl\/index.php?rest_route=\/wp\/v2\/media\/8479"}],"wp:attachment":[{"href":"https:\/\/radiorevelacionfm.cl\/index.php?rest_route=%2Fwp%2Fv2%2Fmedia&parent=8478"}],"wp:term":[{"taxonomy":"category","embeddable":true,"href":"https:\/\/radiorevelacionfm.cl\/index.php?rest_route=%2Fwp%2Fv2%2Fcategories&post=8478"},{"taxonomy":"post_tag","embeddable":true,"href":"https:\/\/radiorevelacionfm.cl\/index.php?rest_route=%2Fwp%2Fv2%2Ftags&post=8478"}],"curies":[{"name":"wp","href":"https:\/\/api.w.org\/{rel}","templated":true}]}}