{"id":8472,"date":"2021-09-08T18:23:29","date_gmt":"2021-09-08T21:23:29","guid":{"rendered":"https:\/\/radiorevelacionfm.cl\/?p=8472"},"modified":"2021-09-08T18:23:29","modified_gmt":"2021-09-08T21:23:29","slug":"alcalde-de-cisnes-y-seremi-de-vivienda-se-reunen-para-abordar-opciones-de-subsidios-termicos","status":"publish","type":"post","link":"https:\/\/radiorevelacionfm.cl\/?p=8472","title":{"rendered":"Alcalde de Cisnes y Seremi de Vivienda se re\u00fanen para abordar opciones de Subsidios T\u00e9rmicos"},"content":{"rendered":"<div class=\"flex_column av_one_full  flex_column_div av-zero-column-padding first  avia-builder-el-0  el_before_av_one_full  avia-builder-el-first  \" style='border-radius:0px; '><div  class='avia-image-container  av-styling-    avia-builder-el-1  avia-builder-el-no-sibling  avia-align-center '  itemprop=\"image\" itemscope=\"itemscope\" itemtype=\"https:\/\/schema.org\/ImageObject\"  ><div class='avia-image-container-inner'><div class='avia-image-overlay-wrap'><img decoding=\"async\" class='wp-image-8473 avia-img-lazy-loading-not-8473 avia_image' src=\"https:\/\/radiorevelacionfm.cl\/wp-content\/uploads\/2021\/09\/seremi-de-vivienda-y-alcalde-de-la-comuna-de-cisnes_optimized.jpeg\" alt='' title='seremi-de-vivienda-y-alcalde-de-la-comuna-de-cisnes_optimized' height=\"603\" width=\"948\"  itemprop=\"thumbnailUrl\" srcset=\"https:\/\/radiorevelacionfm.cl\/wp-content\/uploads\/2021\/09\/seremi-de-vivienda-y-alcalde-de-la-comuna-de-cisnes_optimized.jpeg 948w, https:\/\/radiorevelacionfm.cl\/wp-content\/uploads\/2021\/09\/seremi-de-vivienda-y-alcalde-de-la-comuna-de-cisnes_optimized-300x191.jpeg 300w, https:\/\/radiorevelacionfm.cl\/wp-content\/uploads\/2021\/09\/seremi-de-vivienda-y-alcalde-de-la-comuna-de-cisnes_optimized-768x489.jpeg 768w, https:\/\/radiorevelacionfm.cl\/wp-content\/uploads\/2021\/09\/seremi-de-vivienda-y-alcalde-de-la-comuna-de-cisnes_optimized-705x448.jpeg 705w, https:\/\/radiorevelacionfm.cl\/wp-content\/uploads\/2021\/09\/seremi-de-vivienda-y-alcalde-de-la-comuna-de-cisnes_optimized-600x382.jpeg 600w\" sizes=\"(max-width: 948px) 100vw, 948px\" \/><\/div><\/div><\/div><\/div><div class=\"flex_column av_one_full  flex_column_div av-zero-column-padding first  avia-builder-el-2  el_after_av_one_full  el_before_av_one_full  column-top-margin\" style='border-radius:0px; '><section class=\"av_textblock_section \"  itemscope=\"itemscope\" itemtype=\"https:\/\/schema.org\/BlogPosting\" itemprop=\"blogPost\" ><div class='avia_textblock  '   itemprop=\"text\" ><p style=\"text-align: center;\"><strong><span style=\"font-size: 18pt;\">Alcalde de Cisnes y Seremi de Vivienda se re\u00fanen para abordar opciones de Subsidios T\u00e9rmicos <\/span><\/strong><\/p>\n<div id=\"gtx-trans\" style=\"position: absolute; left: -50px; top: 4.31534px;\">\n<div class=\"gtx-trans-icon\"><\/div>\n<\/div>\n<\/div><\/section><\/div><div class=\"flex_column av_one_full  flex_column_div av-zero-column-padding first  avia-builder-el-4  el_after_av_one_full  el_before_av_hr  column-top-margin\" style='border-radius:0px; '><section class=\"av_textblock_section \"  itemscope=\"itemscope\" itemtype=\"https:\/\/schema.org\/BlogPosting\" itemprop=\"blogPost\" ><div class='avia_textblock  '   itemprop=\"text\" ><p style=\"text-align: justify;\">Un positivo encuentro de trabajo sostuvieron este mi\u00e9rcoles el Seremi de Vivienda, Diego Silva y el Alcalde de la comuna de Cisnes, Francisco Roncagliolo, ocasi\u00f3n en que abordaron variados temas de inter\u00e9s para esa comunidad, destacando el planteamiento del edil para extender a otras comunas la aplicaci\u00f3n de los subsidios t\u00e9rmicos que entrega el Minvu en Coyhaique, en el marco del Plan de Descontaminaci\u00f3n Atmosf\u00e9rica (PDA).<\/p>\n<p style=\"text-align: justify;\">El Seremi Diego Silva valor\u00f3 la reuni\u00f3n indicando que si bien se ha avanzado mucho en vivienda, pavimentaci\u00f3n y espacios p\u00fablicos, es cierto que en esta comuna y en toda la regi\u00f3n hay cientos de casas que fueron levantadas mediante autoconstrucci\u00f3n o que ha sufrido deterioro por el paso del tiempo y por lo tanto necesitan un mejoramiento profundo, muy superior al que ofrece el subsidio t\u00e9rmico tradicional, el cual cuenta con recursos inferiores y que por lo tanto no alcanzan para intervenir la totalidad de la envolvente de las viviendas.<\/p>\n<p style=\"text-align: justify;\">En ese contexto el Seremi coincidi\u00f3 en que la idea ser\u00eda entonces buscar algunas alternativas que permitan a las familias del resto de la regi\u00f3n, como las de la comuna de Cisnes, acceder a estos subsidios t\u00e9rmicos con est\u00e1ndar PDA, donde incluso se llega a montos que superan los 13 millones de pesos, con un gran y positivo impacto para la calidad de vida de la gente, para el ahorro y sobre todo para bajar los \u00edndices de contaminaci\u00f3n que nos est\u00e1n afectando en muchas ciudades, en especial por el uso de le\u00f1a como principal combustible para calefacci\u00f3n. \u201cPor eso valoramos mucho el planteamiento y la solicitud del Alcalde Roncagliolo, ya que se basa en una realidad indesmentible que sin duda estamos haciendo ver en el nivel central de nuestro Ministerio, donde el tema se conoce y se est\u00e1 analizando con mucha seriedad para brindar a nuestras autoridades y a nuestra comunidad las soluciones que tanto se merecen y en el menor tiempo posible\u201d, precis\u00f3.<\/p>\n<p style=\"text-align: justify;\">Agreg\u00f3 la autoridad sectorial que adem\u00e1s todos estos subsidios se transforman en obras, en movimiento para las econom\u00edas locales, en trabajo para nuestra gente y para las peque\u00f1as empresas que organizan los proyectos y para las que los ejecutan. \u201cComo dice nuestro Ministro Felipe Ward, es un c\u00edrculo virtuoso que queremos ver tambi\u00e9n ac\u00e1, que queremos llevar a toda la regi\u00f3n, donde se pueda apreciar el profundo cambio que hemos visto este a\u00f1o por ejemplo con m\u00e1s de mil 300 familias que beneficiamos en Coyhaique. Eso no solo es una mejor vivienda, sino tambi\u00e9n empleo, bienestar, salud y futuro para nuestra gente\u201d, manifest\u00f3.<\/p>\n<p style=\"text-align: justify;\">De igual forma el Alcalde de la comuna, Francisco Roncagliolo, indic\u00f3 que fue un encuentro muy provechoso, donde hubo una buena recepci\u00f3n de las demandas locales, ya que el contar con subsidios tipo PDA para mejorar las viviendas en la comuna ser\u00eda un tremendo avance en la infatigable tarea por mejorar la vida de miles de familias, por permitir un acceso igualitario a los beneficios del Estado y por seguir avanzando en planificar de\u00a0 mejor forma\u00a0 el desarrollo futuro de nuestras principales ciudades de la regi\u00f3n.<\/p>\n<p style=\"text-align: justify;\">Tanto el Seremi de Vivienda como el Alcalde se mostraron optimistas de que pronto podr\u00edan haber positivos anuncios en este sentido, lo que adem\u00e1s es un gran incentivo para seguir trabajando en forma coordinada y estrecha para seguir atendiendo en forma oportuna las principales necesidades de los habitantes de la comuna.<\/p>\n<\/div><\/section><\/div><div  style='height:50px' class='hr hr-invisible   avia-builder-el-6  el_after_av_one_full  el_before_av_social_share '><span class='hr-inner ' ><span class='hr-inner-style'><\/span><\/span><\/div><\/p>\n<div  class='av-social-sharing-box  avia-builder-el-7  el_after_av_hr  el_before_av_hr  '><div class='av-share-box'><h5 class='av-share-link-description av-no-toc '>Compartir esta noticia<\/h5><ul class='av-share-box-list noLightbox'><li class='av-share-link av-social-link-facebook' ><a target=\"_blank\" aria-label=\"Compartir en Facebook\" href='https:\/\/www.facebook.com\/sharer.php?u=https:\/\/radiorevelacionfm.cl\/?p=8472&#038;t=Alcalde%20de%20Cisnes%20y%20Seremi%20de%20Vivienda%20se%20re%C3%BAnen%20para%20abordar%20opciones%20de%20Subsidios%20T%C3%A9rmicos' aria-hidden='false' data-av_icon='\ue8f3' data-av_iconfont='entypo-fontello' title='' data-avia-related-tooltip='Compartir en Facebook' rel=\"noopener\"><span class='avia_hidden_link_text'>Compartir en Facebook<\/span><\/a><\/li><li class='av-share-link av-social-link-twitter' ><a target=\"_blank\" aria-label=\"Compartir en Twitter\" href='https:\/\/twitter.com\/share?text=Alcalde%20de%20Cisnes%20y%20Seremi%20de%20Vivienda%20se%20re%C3%BAnen%20para%20abordar%20opciones%20de%20Subsidios%20T%C3%A9rmicos&#038;url=https:\/\/radiorevelacionfm.cl\/?p=8472' aria-hidden='false' data-av_icon='\ue8f1' data-av_iconfont='entypo-fontello' title='' data-avia-related-tooltip='Compartir en Twitter' rel=\"noopener\"><span class='avia_hidden_link_text'>Compartir en Twitter<\/span><\/a><\/li><li class='av-share-link av-social-link-whatsapp' ><a target=\"_blank\" aria-label=\"Compartir en Whatsapp\" href='https:\/\/api.whatsapp.com\/send?text=https:\/\/radiorevelacionfm.cl\/?p=8472' aria-hidden='false' data-av_icon='\uf232' data-av_iconfont='entypo-fontello' title='' data-avia-related-tooltip='Compartir en Whatsapp' rel=\"noopener\"><span class='avia_hidden_link_text'>Compartir en Whatsapp<\/span><\/a><\/li><li class='av-share-link av-social-link-linkedin' ><a target=\"_blank\" aria-label=\"Compartir en LinkedIn\" href='https:\/\/linkedin.com\/shareArticle?mini=true&#038;title=Alcalde%20de%20Cisnes%20y%20Seremi%20de%20Vivienda%20se%20re%C3%BAnen%20para%20abordar%20opciones%20de%20Subsidios%20T%C3%A9rmicos&#038;url=https:\/\/radiorevelacionfm.cl\/?p=8472' aria-hidden='false' data-av_icon='\ue8fc' data-av_iconfont='entypo-fontello' title='' data-avia-related-tooltip='Compartir en LinkedIn' rel=\"noopener\"><span class='avia_hidden_link_text'>Compartir en LinkedIn<\/span><\/a><\/li><li class='av-share-link av-social-link-mail' ><a  aria-label=\"Compartir por correo\" href='mailto:?subject=Alcalde%20de%20Cisnes%20y%20Seremi%20de%20Vivienda%20se%20re%C3%BAnen%20para%20abordar%20opciones%20de%20Subsidios%20T%C3%A9rmicos&#038;body=https:\/\/radiorevelacionfm.cl\/?p=8472' aria-hidden='false' data-av_icon='\ue805' data-av_iconfont='entypo-fontello' title='' data-avia-related-tooltip='Compartir por correo'><span class='avia_hidden_link_text'>Compartir por correo<\/span><\/a><\/li><\/ul><\/div><\/div>\n<div  style='height:50px' class='hr hr-invisible   avia-builder-el-8  el_after_av_social_share  el_before_av_comments_list '><span class='hr-inner ' ><span class='hr-inner-style'><\/span><\/span><\/div>\n<div  class='av-buildercomment  av-blog-meta-html-info-disabled av-blog-meta-tag-disabled  '><\/div>\n","protected":false},"excerpt":{"rendered":"","protected":false},"author":1,"featured_media":8473,"comment_status":"open","ping_status":"open","sticky":false,"template":"","format":"standard","meta":{"footnotes":""},"categories":[57],"tags":[],"class_list":["post-8472","post","type-post","status-publish","format-standard","has-post-thumbnail","hentry","category-vivienda"],"jetpack_featured_media_url":"https:\/\/radiorevelacionfm.cl\/wp-content\/uploads\/2021\/09\/seremi-de-vivienda-y-alcalde-de-la-comuna-de-cisnes_optimized.jpeg","_links":{"self":[{"href":"https:\/\/radiorevelacionfm.cl\/index.php?rest_route=\/wp\/v2\/posts\/8472","targetHints":{"allow":["GET"]}}],"collection":[{"href":"https:\/\/radiorevelacionfm.cl\/index.php?rest_route=\/wp\/v2\/posts"}],"about":[{"href":"https:\/\/radiorevelacionfm.cl\/index.php?rest_route=\/wp\/v2\/types\/post"}],"author":[{"embeddable":true,"href":"https:\/\/radiorevelacionfm.cl\/index.php?rest_route=\/wp\/v2\/users\/1"}],"replies":[{"embeddable":true,"href":"https:\/\/radiorevelacionfm.cl\/index.php?rest_route=%2Fwp%2Fv2%2Fcomments&post=8472"}],"version-history":[{"count":1,"href":"https:\/\/radiorevelacionfm.cl\/index.php?rest_route=\/wp\/v2\/posts\/8472\/revisions"}],"predecessor-version":[{"id":8474,"href":"https:\/\/radiorevelacionfm.cl\/index.php?rest_route=\/wp\/v2\/posts\/8472\/revisions\/8474"}],"wp:featuredmedia":[{"embeddable":true,"href":"https:\/\/radiorevelacionfm.cl\/index.php?rest_route=\/wp\/v2\/media\/8473"}],"wp:attachment":[{"href":"https:\/\/radiorevelacionfm.cl\/index.php?rest_route=%2Fwp%2Fv2%2Fmedia&parent=8472"}],"wp:term":[{"taxonomy":"category","embeddable":true,"href":"https:\/\/radiorevelacionfm.cl\/index.php?rest_route=%2Fwp%2Fv2%2Fcategories&post=8472"},{"taxonomy":"post_tag","embeddable":true,"href":"https:\/\/radiorevelacionfm.cl\/index.php?rest_route=%2Fwp%2Fv2%2Ftags&post=8472"}],"curies":[{"name":"wp","href":"https:\/\/api.w.org\/{rel}","templated":true}]}}