{"id":8469,"date":"2021-09-08T17:55:59","date_gmt":"2021-09-08T20:55:59","guid":{"rendered":"https:\/\/radiorevelacionfm.cl\/?p=8469"},"modified":"2021-09-08T17:55:59","modified_gmt":"2021-09-08T20:55:59","slug":"abren-licitacion-de-11-servicios-de-transporte-gratuito-que-beneficiaran-a-269-escolares-de-aysen-coyhaique-y-rio-ibanez","status":"publish","type":"post","link":"https:\/\/radiorevelacionfm.cl\/?p=8469","title":{"rendered":"Abren licitaci\u00f3n de 11 servicios de transporte gratuito que beneficiar\u00e1n a 269 escolares de Ays\u00e9n, Coyhaique y R\u00edo Ib\u00e1\u00f1ez"},"content":{"rendered":"<div class=\"flex_column av_one_full  flex_column_div av-zero-column-padding first  avia-builder-el-0  el_before_av_one_full  avia-builder-el-first  \" style='border-radius:0px; '><div  class='avia-image-container  av-styling-    avia-builder-el-1  avia-builder-el-no-sibling  avia-align-center '  itemprop=\"image\" itemscope=\"itemscope\" itemtype=\"https:\/\/schema.org\/ImageObject\"  ><div class='avia-image-container-inner'><div class='avia-image-overlay-wrap'><img decoding=\"async\" class='wp-image-8470 avia-img-lazy-loading-not-8470 avia_image' src=\"https:\/\/radiorevelacionfm.cl\/wp-content\/uploads\/2021\/09\/dsc_1740-1_optimized.jpg\" alt='' title='dsc_1740-(1)_optimized' height=\"600\" width=\"903\"  itemprop=\"thumbnailUrl\" srcset=\"https:\/\/radiorevelacionfm.cl\/wp-content\/uploads\/2021\/09\/dsc_1740-1_optimized.jpg 903w, https:\/\/radiorevelacionfm.cl\/wp-content\/uploads\/2021\/09\/dsc_1740-1_optimized-300x199.jpg 300w, https:\/\/radiorevelacionfm.cl\/wp-content\/uploads\/2021\/09\/dsc_1740-1_optimized-768x510.jpg 768w, https:\/\/radiorevelacionfm.cl\/wp-content\/uploads\/2021\/09\/dsc_1740-1_optimized-705x468.jpg 705w, https:\/\/radiorevelacionfm.cl\/wp-content\/uploads\/2021\/09\/dsc_1740-1_optimized-600x399.jpg 600w\" sizes=\"(max-width: 903px) 100vw, 903px\" \/><\/div><\/div><\/div><\/div><div class=\"flex_column av_one_full  flex_column_div av-zero-column-padding first  avia-builder-el-2  el_after_av_one_full  el_before_av_one_full  column-top-margin\" style='border-radius:0px; '><section class=\"av_textblock_section \"  itemscope=\"itemscope\" itemtype=\"https:\/\/schema.org\/BlogPosting\" itemprop=\"blogPost\" ><div class='avia_textblock  '   itemprop=\"text\" ><p style=\"text-align: center;\"><strong><span style=\"font-size: 18pt;\">Abren licitaci\u00f3n de 11 servicios de transporte gratuito que beneficiar\u00e1n a 269 escolares de Ays\u00e9n, Coyhaique y R\u00edo Ib\u00e1\u00f1ez<\/span><\/strong><\/p>\n<div id=\"gtx-trans\" style=\"position: absolute; left: -50px; top: 4.31534px;\">\n<div class=\"gtx-trans-icon\"><\/div>\n<\/div>\n<\/div><\/section><\/div><div class=\"flex_column av_one_full  flex_column_div av-zero-column-padding first  avia-builder-el-4  el_after_av_one_full  el_before_av_hr  column-top-margin\" style='border-radius:0px; '><section class=\"av_textblock_section \"  itemscope=\"itemscope\" itemtype=\"https:\/\/schema.org\/BlogPosting\" itemprop=\"blogPost\" ><div class='avia_textblock  '   itemprop=\"text\" ><p style=\"font-weight: 400; text-align: justify;\">Para garantizar que 269 estudiantes de sectores apartados de Ays\u00e9n, Coyhaique y R\u00edo Ib\u00e1\u00f1ez accedan a sus establecimientos educacionales en 2022, el Ministerio de Transportes y Telecomunicaciones inici\u00f3 un proceso masivo de licitaci\u00f3n p\u00fablica para implementar 11 servicios gratuitos de transporte escolar.<\/p>\n<p style=\"font-weight: 400; text-align: justify;\">Durante este llamado de licitaci\u00f3n, la cartera encabezada por la Ministra Gloria Hutt destinar\u00e1 m\u00e1s de 216 millones de pesos anuales de subsidio para dar continuidad a estos servicios del Programa Transporte Escolar Gratuito, que entregar\u00e1n conectividad a estudiantes de estas 3 comunas de la regi\u00f3n.<\/p>\n<p style=\"font-weight: 400; text-align: justify;\">Esta iniciativa entrega un subsidio a quienes operan estos recorridos, el cual queda establecido por contrato entre el MTT y los due\u00f1os de buses o furgones, lo que permite garantizar a los alumnos beneficiados contar con locomoci\u00f3n durante todo el a\u00f1o escolar sin costo econ\u00f3mico para sus familias.<\/p>\n<p style=\"font-weight: 400; text-align: justify;\">El seremiTT Fabi\u00e1n Rojas se refiri\u00f3 a la utilidad que estos medios de locomoci\u00f3n prestan a los estudiantes de los sectores m\u00e1s aislados, por lo cual es vital contar con operadores dispuestos a entregar un buen servicio: \u201cEstos subsidios van a beneficio directo de las familias y tambi\u00e9n de los escolares que tienen que desplazarse en distintas rutas. Llamamos a los transportistas que han participado &#8211; y hago un llamado especialmente a los nuevos transportistas que quieran hacer estos servicios \u2013 a descargar las bases en la p\u00e1gina web\u00a0<a href=\"http:\/\/www.dtpr.gob.cl\/\" data-saferedirecturl=\"https:\/\/www.google.com\/url?q=http:\/\/www.dtpr.gob.cl&amp;source=gmail&amp;ust=1631217409433000&amp;usg=AFQjCNFFbh6GYmGE9pFUaANDcoFL4nAq0g\">www.dtpr.gob.cl<\/a>\u00a0 o\u00a0<a href=\"http:\/\/www.mtt.gob.cl\/\" data-saferedirecturl=\"https:\/\/www.google.com\/url?q=http:\/\/www.mtt.gob.cl&amp;source=gmail&amp;ust=1631217409433000&amp;usg=AFQjCNH6Zgh_CNHNoskZDcCzkzRIeanw7A\">www.mtt.gob.cl<\/a>\u00a0 o retirarlas en nuestras oficinas de Dussen 188, Coyhaique\u201d.<\/p>\n<p style=\"font-weight: 400; text-align: justify;\">La nueva licitaci\u00f3n incluye s\u00f3lo una fracci\u00f3n del total de los servicios de Transporte Escolar Gratuito que operar\u00e1n en 2022 en la Regi\u00f3n de Ays\u00e9n, porque existen otros 6 recorridos que tienen contrato vigente con el MTT para continuar su funcionamiento el pr\u00f3ximo a\u00f1o.<\/p>\n<p style=\"font-weight: 400; text-align: justify;\">En total, ser\u00e1n 396 los estudiantes de sectores apartados y rurales de la regi\u00f3n beneficiados con 17 servicios de Transporte Escolar Gratuito, subsidiados con recursos del Fondo Espejo durante 2022.<\/p>\n<p style=\"font-weight: 400; text-align: justify;\">Las rutas que se licitan en este concurso p\u00fablico son La Junta \u2013 Puyuhuapi \u2013 Coyhaique, Bajada Ib\u00e1\u00f1ez \u2013 Cerro Castillo, Puerto Cisnes \u2013 Coyhaique, Villa Ma\u00f1ihuales \u2013Puerto Ays\u00e9n, Km.26 \u2013 El Balseo \u2013 Puerto Ays\u00e9n, Villa La Tapera \u2013 Coyhaique, Pangal \u2013 Puerto Ays\u00e9n, El Salto \u2013 Puerto Ays\u00e9n, Villa Ma\u00f1ihuales \u2013 Coyhaique, Chacabuco \u2013 Puerto Ays\u00e9n y Puerto Ib\u00e1\u00f1ez \u2013 Cerro Castillo \u2013 Coyhaique.<\/p>\n<p style=\"font-weight: 400; text-align: justify;\">El proceso de recepci\u00f3n de ofertas para este llamado finalizar\u00e1 el 29 de septiembre. Los transportistas interesados, que cumplan con los requisitos para operar este tipo de servicios, pueden postular completamente online en el sitio\u00a0<a href=\"https:\/\/dtpr.mtt.gob.cl\/ConsultaLicitaciones\/WebPage\/TE\/inicio.aspx\" data-saferedirecturl=\"https:\/\/www.google.com\/url?q=https:\/\/dtpr.mtt.gob.cl\/ConsultaLicitaciones\/WebPage\/TE\/inicio.aspx&amp;source=gmail&amp;ust=1631217409433000&amp;usg=AFQjCNHqy1e9nh_gjYf1XeaOProJyfNSAQ\">https:\/\/dtpr.mtt.gob.cl\/ConsultaLicitaciones\/WebPage\/TE\/inicio.aspx<\/a>.<\/p>\n<\/div><\/section><\/div><div  style='height:50px' class='hr hr-invisible   avia-builder-el-6  el_after_av_one_full  el_before_av_social_share '><span class='hr-inner ' ><span class='hr-inner-style'><\/span><\/span><\/div><\/p>\n<div  class='av-social-sharing-box  avia-builder-el-7  el_after_av_hr  el_before_av_hr  '><div class='av-share-box'><h5 class='av-share-link-description av-no-toc '>Compartir esta noticia<\/h5><ul class='av-share-box-list noLightbox'><li class='av-share-link av-social-link-facebook' ><a target=\"_blank\" aria-label=\"Compartir en Facebook\" href='https:\/\/www.facebook.com\/sharer.php?u=https:\/\/radiorevelacionfm.cl\/?p=8469&#038;t=Abren%20licitaci%C3%B3n%20de%2011%20servicios%20de%20transporte%20gratuito%20que%20beneficiar%C3%A1n%20a%20269%20escolares%20de%20Ays%C3%A9n%2C%20Coyhaique%20y%20R%C3%ADo%20Ib%C3%A1%C3%B1ez' aria-hidden='false' data-av_icon='\ue8f3' data-av_iconfont='entypo-fontello' title='' data-avia-related-tooltip='Compartir en Facebook' rel=\"noopener\"><span class='avia_hidden_link_text'>Compartir en Facebook<\/span><\/a><\/li><li class='av-share-link av-social-link-twitter' ><a target=\"_blank\" aria-label=\"Compartir en Twitter\" href='https:\/\/twitter.com\/share?text=Abren%20licitaci%C3%B3n%20de%2011%20servicios%20de%20transporte%20gratuito%20que%20beneficiar%C3%A1n%20a%20269%20escolares%20de%20Ays%C3%A9n%2C%20Coyhaique%20y%20R%C3%ADo%20Ib%C3%A1%C3%B1ez&#038;url=https:\/\/radiorevelacionfm.cl\/?p=8469' aria-hidden='false' data-av_icon='\ue8f1' data-av_iconfont='entypo-fontello' title='' data-avia-related-tooltip='Compartir en Twitter' rel=\"noopener\"><span class='avia_hidden_link_text'>Compartir en Twitter<\/span><\/a><\/li><li class='av-share-link av-social-link-whatsapp' ><a target=\"_blank\" aria-label=\"Compartir en Whatsapp\" href='https:\/\/api.whatsapp.com\/send?text=https:\/\/radiorevelacionfm.cl\/?p=8469' aria-hidden='false' data-av_icon='\uf232' data-av_iconfont='entypo-fontello' title='' data-avia-related-tooltip='Compartir en Whatsapp' rel=\"noopener\"><span class='avia_hidden_link_text'>Compartir en Whatsapp<\/span><\/a><\/li><li class='av-share-link av-social-link-linkedin' ><a target=\"_blank\" aria-label=\"Compartir en LinkedIn\" href='https:\/\/linkedin.com\/shareArticle?mini=true&#038;title=Abren%20licitaci%C3%B3n%20de%2011%20servicios%20de%20transporte%20gratuito%20que%20beneficiar%C3%A1n%20a%20269%20escolares%20de%20Ays%C3%A9n%2C%20Coyhaique%20y%20R%C3%ADo%20Ib%C3%A1%C3%B1ez&#038;url=https:\/\/radiorevelacionfm.cl\/?p=8469' aria-hidden='false' data-av_icon='\ue8fc' data-av_iconfont='entypo-fontello' title='' data-avia-related-tooltip='Compartir en LinkedIn' rel=\"noopener\"><span class='avia_hidden_link_text'>Compartir en LinkedIn<\/span><\/a><\/li><li class='av-share-link av-social-link-mail' ><a  aria-label=\"Compartir por correo\" href='mailto:?subject=Abren%20licitaci%C3%B3n%20de%2011%20servicios%20de%20transporte%20gratuito%20que%20beneficiar%C3%A1n%20a%20269%20escolares%20de%20Ays%C3%A9n%2C%20Coyhaique%20y%20R%C3%ADo%20Ib%C3%A1%C3%B1ez&#038;body=https:\/\/radiorevelacionfm.cl\/?p=8469' aria-hidden='false' data-av_icon='\ue805' data-av_iconfont='entypo-fontello' title='' data-avia-related-tooltip='Compartir por correo'><span class='avia_hidden_link_text'>Compartir por correo<\/span><\/a><\/li><\/ul><\/div><\/div>\n<div  style='height:50px' class='hr hr-invisible   avia-builder-el-8  el_after_av_social_share  el_before_av_comments_list '><span class='hr-inner ' ><span class='hr-inner-style'><\/span><\/span><\/div>\n<div  class='av-buildercomment  av-blog-meta-html-info-disabled av-blog-meta-tag-disabled  '><\/div>\n","protected":false},"excerpt":{"rendered":"","protected":false},"author":1,"featured_media":8470,"comment_status":"open","ping_status":"open","sticky":false,"template":"","format":"standard","meta":{"footnotes":""},"categories":[59],"tags":[],"class_list":["post-8469","post","type-post","status-publish","format-standard","has-post-thumbnail","hentry","category-transporte"],"jetpack_featured_media_url":"https:\/\/radiorevelacionfm.cl\/wp-content\/uploads\/2021\/09\/dsc_1740-1_optimized.jpg","_links":{"self":[{"href":"https:\/\/radiorevelacionfm.cl\/index.php?rest_route=\/wp\/v2\/posts\/8469","targetHints":{"allow":["GET"]}}],"collection":[{"href":"https:\/\/radiorevelacionfm.cl\/index.php?rest_route=\/wp\/v2\/posts"}],"about":[{"href":"https:\/\/radiorevelacionfm.cl\/index.php?rest_route=\/wp\/v2\/types\/post"}],"author":[{"embeddable":true,"href":"https:\/\/radiorevelacionfm.cl\/index.php?rest_route=\/wp\/v2\/users\/1"}],"replies":[{"embeddable":true,"href":"https:\/\/radiorevelacionfm.cl\/index.php?rest_route=%2Fwp%2Fv2%2Fcomments&post=8469"}],"version-history":[{"count":1,"href":"https:\/\/radiorevelacionfm.cl\/index.php?rest_route=\/wp\/v2\/posts\/8469\/revisions"}],"predecessor-version":[{"id":8471,"href":"https:\/\/radiorevelacionfm.cl\/index.php?rest_route=\/wp\/v2\/posts\/8469\/revisions\/8471"}],"wp:featuredmedia":[{"embeddable":true,"href":"https:\/\/radiorevelacionfm.cl\/index.php?rest_route=\/wp\/v2\/media\/8470"}],"wp:attachment":[{"href":"https:\/\/radiorevelacionfm.cl\/index.php?rest_route=%2Fwp%2Fv2%2Fmedia&parent=8469"}],"wp:term":[{"taxonomy":"category","embeddable":true,"href":"https:\/\/radiorevelacionfm.cl\/index.php?rest_route=%2Fwp%2Fv2%2Fcategories&post=8469"},{"taxonomy":"post_tag","embeddable":true,"href":"https:\/\/radiorevelacionfm.cl\/index.php?rest_route=%2Fwp%2Fv2%2Ftags&post=8469"}],"curies":[{"name":"wp","href":"https:\/\/api.w.org\/{rel}","templated":true}]}}