{"id":8466,"date":"2021-09-08T17:07:04","date_gmt":"2021-09-08T20:07:04","guid":{"rendered":"https:\/\/radiorevelacionfm.cl\/?p=8466"},"modified":"2021-09-08T17:07:04","modified_gmt":"2021-09-08T20:07:04","slug":"como-en-tierra-de-nadie-el-irregular-sistema-de-mega-loteos-que-se-masifican-en-aysen","status":"publish","type":"post","link":"https:\/\/radiorevelacionfm.cl\/?p=8466","title":{"rendered":"Como en tierra de nadie: El irregular sistema de mega loteos que se masifican en Ays\u00e9n"},"content":{"rendered":"<div class=\"flex_column av_one_full  flex_column_div av-zero-column-padding first  avia-builder-el-0  el_before_av_one_full  avia-builder-el-first  \" style='border-radius:0px; '><div  class='avia-image-container  av-styling-    avia-builder-el-1  avia-builder-el-no-sibling  avia-align-center '  itemprop=\"image\" itemscope=\"itemscope\" itemtype=\"https:\/\/schema.org\/ImageObject\"  ><div class='avia-image-container-inner'><div class='avia-image-overlay-wrap'><img decoding=\"async\" class='wp-image-8467 avia-img-lazy-loading-not-8467 avia_image' src=\"https:\/\/radiorevelacionfm.cl\/wp-content\/uploads\/2021\/09\/Josefina-Ruiz-2_Baja-1-1.jpg\" alt='' title='Josefina Ruiz 2_Baja (1) (1)' height=\"600\" width=\"1106\"  itemprop=\"thumbnailUrl\" srcset=\"https:\/\/radiorevelacionfm.cl\/wp-content\/uploads\/2021\/09\/Josefina-Ruiz-2_Baja-1-1.jpg 1106w, https:\/\/radiorevelacionfm.cl\/wp-content\/uploads\/2021\/09\/Josefina-Ruiz-2_Baja-1-1-300x163.jpg 300w, https:\/\/radiorevelacionfm.cl\/wp-content\/uploads\/2021\/09\/Josefina-Ruiz-2_Baja-1-1-1030x559.jpg 1030w, https:\/\/radiorevelacionfm.cl\/wp-content\/uploads\/2021\/09\/Josefina-Ruiz-2_Baja-1-1-768x417.jpg 768w, https:\/\/radiorevelacionfm.cl\/wp-content\/uploads\/2021\/09\/Josefina-Ruiz-2_Baja-1-1-705x382.jpg 705w, https:\/\/radiorevelacionfm.cl\/wp-content\/uploads\/2021\/09\/Josefina-Ruiz-2_Baja-1-1-600x325.jpg 600w\" sizes=\"(max-width: 1106px) 100vw, 1106px\" \/><\/div><\/div><\/div><\/div><div class=\"flex_column av_one_full  flex_column_div av-zero-column-padding first  avia-builder-el-2  el_after_av_one_full  el_before_av_one_full  column-top-margin\" style='border-radius:0px; '><section class=\"av_textblock_section \"  itemscope=\"itemscope\" itemtype=\"https:\/\/schema.org\/BlogPosting\" itemprop=\"blogPost\" ><div class='avia_textblock  '   itemprop=\"text\" ><p style=\"text-align: center;\"><span style=\"font-size: 18pt;\"><b><span lang=\"ES\">Como en tierra de nadie: El irregular sistema de mega loteos que se masifican en Ays<\/span><\/b><b><span lang=\"X-NONE\">\u00e9n<\/span><\/b><\/span><\/p>\n<div id=\"gtx-trans\" style=\"position: absolute; left: -50px; top: 4.31534px;\">\n<div class=\"gtx-trans-icon\"><\/div>\n<\/div>\n<\/div><\/section><\/div><div class=\"flex_column av_one_full  flex_column_div av-zero-column-padding first  avia-builder-el-4  el_after_av_one_full  el_before_av_hr  column-top-margin\" style='border-radius:0px; '><section class=\"av_textblock_section \"  itemscope=\"itemscope\" itemtype=\"https:\/\/schema.org\/BlogPosting\" itemprop=\"blogPost\" ><div class='avia_textblock  '   itemprop=\"text\" ><p class=\"v1MsoNormal\" style=\"text-align: justify;\"><span lang=\"ES\">Un alto inter<\/span><span lang=\"X-NONE\">\u00e9s por parte de la comunidad local, empresarios y autoridades del territorio gener\u00f3 el webinar<span class=\"v1gmail-Apple-converted-space\">\u00a0<\/span><\/span><span lang=\"ES\">\u00abSubdivisi\u00f3n predial en la cuenca del CHELENKO\u00bb desarrollado<span class=\"v1gmail-Apple-converted-space\">\u00a0<\/span><\/span><span lang=\"X-NONE\">a trav\u00e9s de la plataforma Zoom y Facebook Live. La actividad, organizada el martes 31 de agosto y que cont\u00f3 con la participaci\u00f3n de m\u00e1s de 70 personas, fue convocada por la<span class=\"v1gmail-Apple-converted-space\">\u00a0<\/span><\/span><span lang=\"ES\">Corporaci\u00f3n Chelenko, entidad<span class=\"v1gmail-Apple-converted-space\">\u00a0<\/span><\/span><span lang=\"X-NONE\">que re\u00fane a peque\u00f1as empresas, mayormente familiares, de emprendedores tur\u00edsticos de la cuenca del Lago General Carrera y que es la contraparte privada de la Zona de Inter\u00e9s Tur\u00edstico Chelenko.<\/span><\/p>\n<p class=\"v1MsoNormal\" style=\"text-align: justify;\"><span lang=\"ES\">El objetivo fue generar una instancia para construir una normativa u ordenanza territorial para nuevos asentamientos urbanos, a fin de coexistir en armon\u00eda con el entorno y comunidades, disminuir impacto en t\u00e9rminos de corredores biol\u00f3gicos, deforestaci\u00f3n por despeje y caminos, cuidado de quebradas, acu\u00edferos y humedales.<span class=\"v1gmail-Apple-converted-space\">\u00a0<\/span><\/span><\/p>\n<p class=\"v1MsoNormal\" style=\"text-align: justify;\"><span lang=\"ES\">Para la abogada<span class=\"v1gmail-Apple-converted-space\">\u00a0<\/span>Josefina Ruiz, de la Corporaci\u00f3n Chelenko, la ofensiva actual de grandes subdivisiones en distintos sectores de la regi<\/span><span lang=\"X-NONE\">\u00f3n<span class=\"v1gmail-Apple-converted-space\">\u00a0<\/span><\/span><span lang=\"ES\">(de grandes loteos, que no son comparables con las parcelaciones peque\u00f1as que realizan pobladores para sus familias o para ventas individuales)<span class=\"v1gmail-Apple-converted-space\">\u00a0<\/span><\/span><span lang=\"X-NONE\">se basa en una ilegalidad. \u00abEstas parcelas de agrado son proyectos urbanos, en terrenos rurales, que nunca tuvieron el debido cambio uso de suelo ni tampoco contaron con las autorizaciones respectivas\u00bb explic\u00f3. Agreg\u00f3 que\u00bb<span class=\"v1gmail-Apple-converted-space\">\u00a0<\/span>hay una hist\u00f3rica falta de ejercicio de la obligaci\u00f3n de parte del Minvu, as\u00ed como de las respectivas direcciones de Obras Municipales, para fiscalizar que no se generen estos nuevos n\u00facleos urbanos\u00bb.<\/span><\/p>\n<p class=\"v1MsoNormal\" style=\"text-align: justify;\"><span lang=\"ES\">Entre los efectos de que el mercado sea el que defina el uso del suelo, se incluye en primer lugar la reducci<\/span><span lang=\"X-NONE\">\u00f3n del terreno agr\u00edcola, as\u00ed como la presi\u00f3n sobre el territorio por cada nueva vivienda para aguas servidas, caminos, desechos. Tambi\u00e9n, elusi\u00f3n del impuesto territorial, problemas en t\u00e9rminos de servidumbres de tr\u00e1nsito para turismo y pobladores originales, loteos brujos o venta de derechos, y la fragmentaci\u00f3n del paisaje e impacto a nivel cultural.<\/span><\/p>\n<p class=\"v1MsoNormal\" style=\"text-align: justify;\"><span lang=\"ES\">En este sentido, apunt<\/span><span lang=\"X-NONE\">\u00f3 a que los tres principales organismos p\u00fablicos involucrados (Servicio Agr\u00edcola y Ganadero, SAG; Ministerio de Vivienda y Urbanismo, MINVU; Direcci\u00f3n de Obras Municipales respectiva) -e incluso los Conservadores de Bienes Ra\u00edces- est\u00e1n incumpliendo con lo que la ley se\u00f1ala, en el sentido de no autorizar nuevos centros urbanos al margen de la planificaci\u00f3n p\u00fablica. \u00abLa pr\u00e1ctica poco rigurosa que han tenido los servicios p\u00fablicos ha hecho que en el subconsciente nacional quede instaurado que es legal como se hace ahora. Pero no es legal, ya que no se aplica la normativa en su conjunto ni se sigue el esp\u00edritu de la ley\u00bb puntualiz\u00f3. M\u00e1s cuando en general estos proyectos son presentados por empresas inmobiliarias cuyo giro es habitacional, distinta de giro agr\u00edcola.<\/span><\/p>\n<p class=\"v1MsoNormal\" style=\"text-align: justify;\"><b><span lang=\"ES\">\u00bfQu<\/span><\/b><b><span lang=\"X-NONE\">\u00e9 hacer?<\/span><\/b><\/p>\n<p class=\"v1MsoNormal\" style=\"text-align: justify;\"><span lang=\"ES\">En su exposici<\/span><span lang=\"X-NONE\">\u00f3n, Josefina Ruiz plante\u00f3 como Corporaci\u00f3n Chelenko una serie de l\u00edneas<span class=\"v1gmail-Apple-converted-space\">\u00a0<\/span><\/span><span lang=\"ES\">de trabajo que se pueden seguir para hacerse cargo de este tema.<span class=\"v1gmail-Apple-converted-space\">\u00a0<\/span><\/span><\/p>\n<p class=\"v1MsoNormal\" style=\"text-align: justify;\"><span lang=\"ES\">Una de ellas es solicitar a la Divisi<\/span><span lang=\"X-NONE\">\u00f3n de Desarrollo Urbano (DDU) del MINVU o al SAG que realicen un estudio de los proyectos inmobiliarios de gran escala que se est\u00e1n desarrollando en el territorio. Asimismo, que los municipios fiscalicen y denuncien los casos identificados a los juzgados de Polic\u00eda Local por infracci\u00f3n urban\u00edstica y solicitar a la Direcci\u00f3n General de Aguas, los municipios, MINVU, SAG y Servicio de Evaluaci\u00f3n Ambiental, que informen si estos proyectos de loteo cuentan con los permisos correspondientes.\u00a0<span class=\"v1gmail-Apple-converted-space\">\u00a0<\/span><\/span><\/p>\n<p class=\"v1MsoNormal\" style=\"text-align: justify;\"><span lang=\"X-NONE\">Otra acci\u00f3n ser\u00eda avanzar en gravar territorios excepcionales con la figura de derecho real de conservaci\u00f3n y los reglamentos de copropiedad, que son acuerdos privados que se pueden utilizar para proteger el territorio.<\/span><\/p>\n<p class=\"v1MsoNormal\" style=\"text-align: justify;\"><span lang=\"ES\">\u00abOtra cosa que<\/span><span lang=\"X-NONE\"><span class=\"v1gmail-Apple-converted-space\">\u00a0<\/span>podemos hacer es proponer una mesa de trabajo entre los distintos organismos involucrados y las comunidades, y aqu\u00ed podr\u00edamos invitar a la DDU para que explique bien c\u00f3mo el MINVU est\u00e1 interpretando la ley a nivel regional<\/span><span lang=\"ES\">\u00bb se\u00f1al<\/span><span lang=\"X-NONE\">\u00f3.<\/span><\/p>\n<p class=\"v1MsoNormal\" style=\"text-align: justify;\"><span lang=\"ES\">De todas formas, se requiere que avancen las iniciativas legales en discusi<\/span><span lang=\"X-NONE\">\u00f3n en el Congreso, como el<span class=\"v1gmail-Apple-converted-space\">\u00a0<\/span><\/span><span lang=\"ES\"><a href=\"https:\/\/www.senado.cl\/appsenado\/index.php?mo=comisiones&amp;ac=sesiones_celebradas&amp;idcomision=192&amp;tipo=3&amp;legi=485&amp;ano=2021&amp;desde=0&amp;hasta=0&amp;idsesion=16426&amp;idpunto=21051&amp;listado=2\" target=\"_blank\" rel=\"noopener noreferrer\"><span lang=\"X-NONE\">que modifica el Decreto Ley 3.516<\/span><\/a><\/span><span lang=\"X-NONE\"><span class=\"v1gmail-Apple-converted-space\">\u00a0<\/span>que establece normas sobre divisi\u00f3n de predios r\u00fasticos, actualmente en segundo tr\u00e1mite Constitucional en la Comisi\u00f3n de Agricultura del Senado.<\/span><\/p>\n<p class=\"v1MsoNormal\" style=\"text-align: justify;\"><span lang=\"ES\">Al respecto,<span class=\"v1gmail-Apple-converted-space\">\u00a0<\/span>Patricio Herman<span class=\"v1gmail-Apple-converted-space\">\u00a0<\/span>de Defendamos la Ciudad aclar<\/span><span lang=\"X-NONE\">\u00f3 que uno de los problemas es que aunque todos conocen el problema \u00abnadie hace nada\u00bb.\u00a0<span class=\"v1gmail-Apple-converted-space\">\u00a0<\/span>\u00abCuando el SAG dice que otorga los permisos, yo entiendo que siempre los otorga en el entendido que tienen la certeza de que esas parcelaciones son para actividades agr\u00edcolas\u00bb expres\u00f3.\u00a0<\/span><\/p>\n<p class=\"v1MsoNormal\" style=\"text-align: justify;\"><span lang=\"X-NONE\">Esta afirmaci\u00f3n se basa en que \u00abel propio Decreto Ley 3.516 se\u00f1ala que el seremi de Vivienda, el SAG y las tantas municipalidades que hay en el pa\u00eds tienen que denunciar las conformaciones de condominios habitacionales conforme a estas subdivisiones prediales para actividades agr\u00edcolas\u00bb.<\/span><\/p>\n<p class=\"v1MsoNormal\" style=\"text-align: justify;\"><span lang=\"X-NONE\">Record\u00f3 que la \u00fanica autoridad que ha hecho algo al respecto es la alcaldesa de Valdivia, Carla Amtmann, quien orden\u00f3 la<span class=\"v1gmail-Apple-converted-space\">\u00a0<\/span><\/span><span lang=\"ES\"><a href=\"https:\/\/radio.uchile.cl\/2021\/07\/30\/municipalidad-de-valdivia-ordena-la-detencion-de-proyectos-inmobiliarios-en-la-costa-valdiviana\/\" target=\"_blank\" rel=\"noopener noreferrer\"><span lang=\"X-NONE\">detenci\u00f3n de 6 proyectos inmobiliarios<\/span><\/a><\/span><span lang=\"X-NONE\"><span class=\"v1gmail-Apple-converted-space\">\u00a0<\/span>en suelo rural por incumplir la legalidad sobre subdivisiones.<\/span><\/p>\n<p class=\"v1MsoNormal\" style=\"text-align: justify;\"><span lang=\"ES\">En la ocasi<\/span><span lang=\"X-NONE\">\u00f3n tambi\u00e9n expuso<span class=\"v1gmail-Apple-converted-space\">\u00a0<\/span><\/span><span lang=\"ES\">Francisco Lara, jefe de la Divisi\u00f3n de Planificaci\u00f3n y Desarrollo del Gobierno Regional de Ays\u00e9n, quien explic<\/span><span lang=\"X-NONE\">\u00f3 los distintos instrumentos de ordenamiento territorial que operan en el territorio y que son competencia de la entidad.\u00a0<span class=\"v1gmail-Apple-converted-space\">\u00a0<\/span>Asimismo, expuso Felipe Bozo, profesional sectorial del Servicio Agr\u00edcola y Ganadero, quien explic\u00f3 los criterios que aplica el organismo para las subdivisiones de suelo rural.<\/span><\/p>\n<p class=\"v1MsoNormal\" style=\"text-align: justify;\"><span lang=\"ES\">Los participantes realizaron una serie de observaciones y consultas, entre las cuales se plant<\/span><span lang=\"X-NONE\">e\u00f3 la necesidad de que se aplique una moratoria mientras no se modifica la ley o se cuenta con una nueva Constituci\u00f3n.\u00a0<span class=\"v1gmail-Apple-converted-space\">\u00a0<\/span>O, incluso, la conformaci\u00f3n de macro lotes comunitarios, que involucran menor espacio de intervenci\u00f3n.<\/span><\/p>\n<\/div><\/section><\/div><div  style='height:50px' class='hr hr-invisible   avia-builder-el-6  el_after_av_one_full  el_before_av_social_share '><span class='hr-inner ' ><span class='hr-inner-style'><\/span><\/span><\/div><\/p>\n<div  class='av-social-sharing-box  avia-builder-el-7  el_after_av_hr  el_before_av_hr  '><div class='av-share-box'><h5 class='av-share-link-description av-no-toc '>Compartir esta noticia<\/h5><ul class='av-share-box-list noLightbox'><li class='av-share-link av-social-link-facebook' ><a target=\"_blank\" aria-label=\"Compartir en Facebook\" href='https:\/\/www.facebook.com\/sharer.php?u=https:\/\/radiorevelacionfm.cl\/?p=8466&#038;t=Como%20en%20tierra%20de%20nadie%3A%20El%20irregular%20sistema%20de%20mega%20loteos%20que%20se%20masifican%20en%20Ays%C3%A9n' aria-hidden='false' data-av_icon='\ue8f3' data-av_iconfont='entypo-fontello' title='' data-avia-related-tooltip='Compartir en Facebook' rel=\"noopener\"><span class='avia_hidden_link_text'>Compartir en Facebook<\/span><\/a><\/li><li class='av-share-link av-social-link-twitter' ><a target=\"_blank\" aria-label=\"Compartir en Twitter\" href='https:\/\/twitter.com\/share?text=Como%20en%20tierra%20de%20nadie%3A%20El%20irregular%20sistema%20de%20mega%20loteos%20que%20se%20masifican%20en%20Ays%C3%A9n&#038;url=https:\/\/radiorevelacionfm.cl\/?p=8466' aria-hidden='false' data-av_icon='\ue8f1' data-av_iconfont='entypo-fontello' title='' data-avia-related-tooltip='Compartir en Twitter' rel=\"noopener\"><span class='avia_hidden_link_text'>Compartir en Twitter<\/span><\/a><\/li><li class='av-share-link av-social-link-whatsapp' ><a target=\"_blank\" aria-label=\"Compartir en Whatsapp\" href='https:\/\/api.whatsapp.com\/send?text=https:\/\/radiorevelacionfm.cl\/?p=8466' aria-hidden='false' data-av_icon='\uf232' data-av_iconfont='entypo-fontello' title='' data-avia-related-tooltip='Compartir en Whatsapp' rel=\"noopener\"><span class='avia_hidden_link_text'>Compartir en Whatsapp<\/span><\/a><\/li><li class='av-share-link av-social-link-linkedin' ><a target=\"_blank\" aria-label=\"Compartir en LinkedIn\" href='https:\/\/linkedin.com\/shareArticle?mini=true&#038;title=Como%20en%20tierra%20de%20nadie%3A%20El%20irregular%20sistema%20de%20mega%20loteos%20que%20se%20masifican%20en%20Ays%C3%A9n&#038;url=https:\/\/radiorevelacionfm.cl\/?p=8466' aria-hidden='false' data-av_icon='\ue8fc' data-av_iconfont='entypo-fontello' title='' data-avia-related-tooltip='Compartir en LinkedIn' rel=\"noopener\"><span class='avia_hidden_link_text'>Compartir en LinkedIn<\/span><\/a><\/li><li class='av-share-link av-social-link-mail' ><a  aria-label=\"Compartir por correo\" href='mailto:?subject=Como%20en%20tierra%20de%20nadie%3A%20El%20irregular%20sistema%20de%20mega%20loteos%20que%20se%20masifican%20en%20Ays%C3%A9n&#038;body=https:\/\/radiorevelacionfm.cl\/?p=8466' aria-hidden='false' data-av_icon='\ue805' data-av_iconfont='entypo-fontello' title='' data-avia-related-tooltip='Compartir por correo'><span class='avia_hidden_link_text'>Compartir por correo<\/span><\/a><\/li><\/ul><\/div><\/div>\n<div  style='height:50px' class='hr hr-invisible   avia-builder-el-8  el_after_av_social_share  el_before_av_comments_list '><span class='hr-inner ' ><span class='hr-inner-style'><\/span><\/span><\/div>\n<div  class='av-buildercomment  av-blog-meta-html-info-disabled av-blog-meta-tag-disabled  '><\/div>\n","protected":false},"excerpt":{"rendered":"","protected":false},"author":1,"featured_media":8467,"comment_status":"open","ping_status":"open","sticky":false,"template":"","format":"standard","meta":{"footnotes":""},"categories":[38],"tags":[],"class_list":["post-8466","post","type-post","status-publish","format-standard","has-post-thumbnail","hentry","category-regional"],"jetpack_featured_media_url":"https:\/\/radiorevelacionfm.cl\/wp-content\/uploads\/2021\/09\/Josefina-Ruiz-2_Baja-1-1.jpg","_links":{"self":[{"href":"https:\/\/radiorevelacionfm.cl\/index.php?rest_route=\/wp\/v2\/posts\/8466","targetHints":{"allow":["GET"]}}],"collection":[{"href":"https:\/\/radiorevelacionfm.cl\/index.php?rest_route=\/wp\/v2\/posts"}],"about":[{"href":"https:\/\/radiorevelacionfm.cl\/index.php?rest_route=\/wp\/v2\/types\/post"}],"author":[{"embeddable":true,"href":"https:\/\/radiorevelacionfm.cl\/index.php?rest_route=\/wp\/v2\/users\/1"}],"replies":[{"embeddable":true,"href":"https:\/\/radiorevelacionfm.cl\/index.php?rest_route=%2Fwp%2Fv2%2Fcomments&post=8466"}],"version-history":[{"count":1,"href":"https:\/\/radiorevelacionfm.cl\/index.php?rest_route=\/wp\/v2\/posts\/8466\/revisions"}],"predecessor-version":[{"id":8468,"href":"https:\/\/radiorevelacionfm.cl\/index.php?rest_route=\/wp\/v2\/posts\/8466\/revisions\/8468"}],"wp:featuredmedia":[{"embeddable":true,"href":"https:\/\/radiorevelacionfm.cl\/index.php?rest_route=\/wp\/v2\/media\/8467"}],"wp:attachment":[{"href":"https:\/\/radiorevelacionfm.cl\/index.php?rest_route=%2Fwp%2Fv2%2Fmedia&parent=8466"}],"wp:term":[{"taxonomy":"category","embeddable":true,"href":"https:\/\/radiorevelacionfm.cl\/index.php?rest_route=%2Fwp%2Fv2%2Fcategories&post=8466"},{"taxonomy":"post_tag","embeddable":true,"href":"https:\/\/radiorevelacionfm.cl\/index.php?rest_route=%2Fwp%2Fv2%2Ftags&post=8466"}],"curies":[{"name":"wp","href":"https:\/\/api.w.org\/{rel}","templated":true}]}}