{"id":8462,"date":"2021-09-08T16:16:29","date_gmt":"2021-09-08T19:16:29","guid":{"rendered":"https:\/\/radiorevelacionfm.cl\/?p=8462"},"modified":"2021-09-08T16:16:29","modified_gmt":"2021-09-08T19:16:29","slug":"doce-emprendedores-locales-son-parte-de-la-vitrina-digital-fonda-fosis","status":"publish","type":"post","link":"https:\/\/radiorevelacionfm.cl\/?p=8462","title":{"rendered":"Doce emprendedores locales son parte de la vitrina digital Fonda FOSIS"},"content":{"rendered":"<div class=\"flex_column av_one_full  flex_column_div av-zero-column-padding first  avia-builder-el-0  el_before_av_one_full  avia-builder-el-first  \" style='border-radius:0px; '><div  class='avia-image-container  av-styling-    avia-builder-el-1  avia-builder-el-no-sibling  avia-align-center '  itemprop=\"image\" itemscope=\"itemscope\" itemtype=\"https:\/\/schema.org\/ImageObject\"  ><div class='avia-image-container-inner'><div class='avia-image-overlay-wrap'><img decoding=\"async\" class='wp-image-8464 avia-img-lazy-loading-not-8464 avia_image' src=\"https:\/\/radiorevelacionfm.cl\/wp-content\/uploads\/2021\/09\/fonda-fosis-1a-1_optimized.jpg\" alt='' title='fonda-fosis-1a-(1)_optimized' height=\"600\" width=\"959\"  itemprop=\"thumbnailUrl\" srcset=\"https:\/\/radiorevelacionfm.cl\/wp-content\/uploads\/2021\/09\/fonda-fosis-1a-1_optimized.jpg 959w, https:\/\/radiorevelacionfm.cl\/wp-content\/uploads\/2021\/09\/fonda-fosis-1a-1_optimized-300x188.jpg 300w, https:\/\/radiorevelacionfm.cl\/wp-content\/uploads\/2021\/09\/fonda-fosis-1a-1_optimized-768x481.jpg 768w, https:\/\/radiorevelacionfm.cl\/wp-content\/uploads\/2021\/09\/fonda-fosis-1a-1_optimized-705x441.jpg 705w, https:\/\/radiorevelacionfm.cl\/wp-content\/uploads\/2021\/09\/fonda-fosis-1a-1_optimized-600x375.jpg 600w\" sizes=\"(max-width: 959px) 100vw, 959px\" \/><\/div><\/div><\/div><\/div><div class=\"flex_column av_one_full  flex_column_div av-zero-column-padding first  avia-builder-el-2  el_after_av_one_full  el_before_av_one_full  column-top-margin\" style='border-radius:0px; '><section class=\"av_textblock_section \"  itemscope=\"itemscope\" itemtype=\"https:\/\/schema.org\/BlogPosting\" itemprop=\"blogPost\" ><div class='avia_textblock  '   itemprop=\"text\" ><p style=\"text-align: center;\"><strong><span style=\"font-size: 18pt;\">Doce emprendedores locales son parte de la vitrina digital Fonda FOSIS<\/span><\/strong><\/p>\n<div id=\"gtx-trans\" style=\"position: absolute; left: -50px; top: 4.31534px;\">\n<div class=\"gtx-trans-icon\"><\/div>\n<\/div>\n<\/div><\/section><\/div><div class=\"flex_column av_one_full  flex_column_div av-zero-column-padding first  avia-builder-el-4  el_after_av_one_full  el_before_av_hr  column-top-margin\" style='border-radius:0px; '><section class=\"av_textblock_section \"  itemscope=\"itemscope\" itemtype=\"https:\/\/schema.org\/BlogPosting\" itemprop=\"blogPost\" ><div class='avia_textblock  '   itemprop=\"text\" ><p style=\"text-align: justify;\">Hasta la casa de Vilma Millacura en Coyhaique lleg\u00f3 el Seremi (S) de Desarrollo Social y Familia, Sebasti\u00e1n Barra, para anunciar el inicio de la Fonda FOSIS y conocer el emprendimiento de mermeladas y conservas \u201cKochi Chadi\u201d.<\/p>\n<p style=\"text-align: justify;\">Fonda FOSIS es una vitrina digital para que emprendedores tengan la oportunidad de generar ventas online y apoyar a negocios en \u00e9poca de crisis. Esta iniciativa tem\u00e1tica busca rescatar oficios y productos tradicionales de la cultura chilena, considerando elementos identitarios y particulares de cada regi\u00f3n.<\/p>\n<p style=\"text-align: justify;\">En la segunda versi\u00f3n de esta vitrina digital dieciochera, impulsada por el FOSIS, estar\u00e1n presentes cuatro categor\u00edas de productos: Artesan\u00eda y manualidades, mundo infantil, comida &#8211; vestuario y calzado. Los productos disponibles cuentan con promociones y descuentos especiales que se pueden ver en el sitio web <a href=\"http:\/\/www.fonda.fosis.cl\">www.fonda.fosis.cl<\/a> o ingresando a trav\u00e9s del banner en www.fosis.cl<\/p>\n<p style=\"text-align: justify;\">Vilma Millacura, emprendedora de Coyhaique, agradeci\u00f3 el apoyo del FOSIS e invit\u00f3 a preferir productos locales. \u201cTengo mi emprendimiento, hacer hartos a\u00f1os, de conservas, mermelada y comidas casera, donde trabajamos a pedido cuando la gente lo necesita. Yo invito a la gente para que visite la Fonda FOSIS y conozca nuestros productos regionales. Para el 18 tambi\u00e9n vamos a tener empanadas de pino fritas y de horno, junto con nuestras mermeladas y conservas de frutas como cereza, ciruela, mosqueta, frambuesa, frutilla, ruibarbo, nalca y calafate. Yo espero que nos vaya bien en esta vitrina digital a todos los que participamos\u201d.<\/p>\n<p style=\"text-align: justify;\">El Seremi (S) de Desarrollo Social y Familia, Sebasti\u00e1n Barra, destac\u00f3 que \u201cestamos muy contentos de visitar la casa de la se\u00f1ora Vilma, ella es una mujer emblem\u00e1tica para lo que significan los programas de FOSIS. Estamos muy felices de acompa\u00f1arla y lanzar desde este lugar la Fonda FOSIS, que es un apoyo virtual para difundir sus productos. Ella ha recibido apoyo del FOSIS por varios a\u00f1os desde el Yo Emprendo Semilla, hasta el Avanzado, pasando por Educaci\u00f3n Financiera lo cual nos genera gran satisfacci\u00f3n, ya que es lo que buscamos desde la Seremi de Desarrollo Social y Familia, que las personas puedan superarse y adquirir herramientas para salir adelante con sus emprendimientos. Invitamos a toda la gente a que participe de la Fonda FOSIS, un espacio virtual que permite generar una vitrina para emprendimientos regionales\u201d.<\/p>\n<p style=\"text-align: justify;\">Fonda FOSIS est\u00e1 dirigida a emprendedores que han participado en programas de emprendimiento del FOSIS y que tienen oficios tradicionales de las regiones de Arica y Parinacota, Antofagasta, Coquimbo, Valpara\u00edso, O&#8217;Higgins, \u00d1uble, Biob\u00edo, Araucan\u00eda, Los R\u00edos, Ays\u00e9n y Metropolitana. En 2020 se realiz\u00f3 la primera edici\u00f3n de esta vitrina digital, donde participaron m\u00e1s de 200 emprendedores y se concretaron ventas por m\u00e1s de $43 millones.<\/p>\n<\/div><\/section><\/div><div  style='height:50px' class='hr hr-invisible   avia-builder-el-6  el_after_av_one_full  el_before_av_social_share '><span class='hr-inner ' ><span class='hr-inner-style'><\/span><\/span><\/div><\/p>\n<div  class='av-social-sharing-box  avia-builder-el-7  el_after_av_hr  el_before_av_hr  '><div class='av-share-box'><h5 class='av-share-link-description av-no-toc '>Compartir esta noticia<\/h5><ul class='av-share-box-list noLightbox'><li class='av-share-link av-social-link-facebook' ><a target=\"_blank\" aria-label=\"Compartir en Facebook\" href='https:\/\/www.facebook.com\/sharer.php?u=https:\/\/radiorevelacionfm.cl\/?p=8462&#038;t=Doce%20emprendedores%20locales%20son%20parte%20de%20la%20vitrina%20digital%20Fonda%20FOSIS' aria-hidden='false' data-av_icon='\ue8f3' data-av_iconfont='entypo-fontello' title='' data-avia-related-tooltip='Compartir en Facebook' rel=\"noopener\"><span class='avia_hidden_link_text'>Compartir en Facebook<\/span><\/a><\/li><li class='av-share-link av-social-link-twitter' ><a target=\"_blank\" aria-label=\"Compartir en Twitter\" href='https:\/\/twitter.com\/share?text=Doce%20emprendedores%20locales%20son%20parte%20de%20la%20vitrina%20digital%20Fonda%20FOSIS&#038;url=https:\/\/radiorevelacionfm.cl\/?p=8462' aria-hidden='false' data-av_icon='\ue8f1' data-av_iconfont='entypo-fontello' title='' data-avia-related-tooltip='Compartir en Twitter' rel=\"noopener\"><span class='avia_hidden_link_text'>Compartir en Twitter<\/span><\/a><\/li><li class='av-share-link av-social-link-whatsapp' ><a target=\"_blank\" aria-label=\"Compartir en Whatsapp\" href='https:\/\/api.whatsapp.com\/send?text=https:\/\/radiorevelacionfm.cl\/?p=8462' aria-hidden='false' data-av_icon='\uf232' data-av_iconfont='entypo-fontello' title='' data-avia-related-tooltip='Compartir en Whatsapp' rel=\"noopener\"><span class='avia_hidden_link_text'>Compartir en Whatsapp<\/span><\/a><\/li><li class='av-share-link av-social-link-linkedin' ><a target=\"_blank\" aria-label=\"Compartir en LinkedIn\" href='https:\/\/linkedin.com\/shareArticle?mini=true&#038;title=Doce%20emprendedores%20locales%20son%20parte%20de%20la%20vitrina%20digital%20Fonda%20FOSIS&#038;url=https:\/\/radiorevelacionfm.cl\/?p=8462' aria-hidden='false' data-av_icon='\ue8fc' data-av_iconfont='entypo-fontello' title='' data-avia-related-tooltip='Compartir en LinkedIn' rel=\"noopener\"><span class='avia_hidden_link_text'>Compartir en LinkedIn<\/span><\/a><\/li><li class='av-share-link av-social-link-mail' ><a  aria-label=\"Compartir por correo\" href='mailto:?subject=Doce%20emprendedores%20locales%20son%20parte%20de%20la%20vitrina%20digital%20Fonda%20FOSIS&#038;body=https:\/\/radiorevelacionfm.cl\/?p=8462' aria-hidden='false' data-av_icon='\ue805' data-av_iconfont='entypo-fontello' title='' data-avia-related-tooltip='Compartir por correo'><span class='avia_hidden_link_text'>Compartir por correo<\/span><\/a><\/li><\/ul><\/div><\/div>\n<div  style='height:50px' class='hr hr-invisible   avia-builder-el-8  el_after_av_social_share  el_before_av_comments_list '><span class='hr-inner ' ><span class='hr-inner-style'><\/span><\/span><\/div>\n<div  class='av-buildercomment  av-blog-meta-html-info-disabled av-blog-meta-tag-disabled  '><\/div>\n","protected":false},"excerpt":{"rendered":"","protected":false},"author":1,"featured_media":8464,"comment_status":"open","ping_status":"open","sticky":false,"template":"","format":"standard","meta":{"footnotes":""},"categories":[45],"tags":[],"class_list":["post-8462","post","type-post","status-publish","format-standard","has-post-thumbnail","hentry","category-comercio"],"jetpack_featured_media_url":"https:\/\/radiorevelacionfm.cl\/wp-content\/uploads\/2021\/09\/fonda-fosis-1a-1_optimized.jpg","_links":{"self":[{"href":"https:\/\/radiorevelacionfm.cl\/index.php?rest_route=\/wp\/v2\/posts\/8462","targetHints":{"allow":["GET"]}}],"collection":[{"href":"https:\/\/radiorevelacionfm.cl\/index.php?rest_route=\/wp\/v2\/posts"}],"about":[{"href":"https:\/\/radiorevelacionfm.cl\/index.php?rest_route=\/wp\/v2\/types\/post"}],"author":[{"embeddable":true,"href":"https:\/\/radiorevelacionfm.cl\/index.php?rest_route=\/wp\/v2\/users\/1"}],"replies":[{"embeddable":true,"href":"https:\/\/radiorevelacionfm.cl\/index.php?rest_route=%2Fwp%2Fv2%2Fcomments&post=8462"}],"version-history":[{"count":1,"href":"https:\/\/radiorevelacionfm.cl\/index.php?rest_route=\/wp\/v2\/posts\/8462\/revisions"}],"predecessor-version":[{"id":8465,"href":"https:\/\/radiorevelacionfm.cl\/index.php?rest_route=\/wp\/v2\/posts\/8462\/revisions\/8465"}],"wp:featuredmedia":[{"embeddable":true,"href":"https:\/\/radiorevelacionfm.cl\/index.php?rest_route=\/wp\/v2\/media\/8464"}],"wp:attachment":[{"href":"https:\/\/radiorevelacionfm.cl\/index.php?rest_route=%2Fwp%2Fv2%2Fmedia&parent=8462"}],"wp:term":[{"taxonomy":"category","embeddable":true,"href":"https:\/\/radiorevelacionfm.cl\/index.php?rest_route=%2Fwp%2Fv2%2Fcategories&post=8462"},{"taxonomy":"post_tag","embeddable":true,"href":"https:\/\/radiorevelacionfm.cl\/index.php?rest_route=%2Fwp%2Fv2%2Ftags&post=8462"}],"curies":[{"name":"wp","href":"https:\/\/api.w.org\/{rel}","templated":true}]}}