{"id":8456,"date":"2021-09-08T15:09:42","date_gmt":"2021-09-08T18:09:42","guid":{"rendered":"https:\/\/radiorevelacionfm.cl\/?p=8456"},"modified":"2021-09-08T15:16:32","modified_gmt":"2021-09-08T18:16:32","slug":"condenan-a-12-anos-y-15-anos-y-un-dia-de-presidio-a-imputados-por-robo-con-violencia-calificado-en-coyhaique","status":"publish","type":"post","link":"https:\/\/radiorevelacionfm.cl\/?p=8456","title":{"rendered":"Condenan a 12 a\u00f1os y 15 a\u00f1os y un d\u00eda de presidio a imputados por robo con violencia calificado en Coyhaique"},"content":{"rendered":"<div class=\"flex_column av_one_full  flex_column_div av-zero-column-padding first  avia-builder-el-0  el_before_av_one_full  avia-builder-el-first  \" style='border-radius:0px; '><div  class='avia-image-container  av-styling-    avia-builder-el-1  avia-builder-el-no-sibling  avia-align-center '  itemprop=\"image\" itemscope=\"itemscope\" itemtype=\"https:\/\/schema.org\/ImageObject\"  ><div class='avia-image-container-inner'><div class='avia-image-overlay-wrap'><img decoding=\"async\" class='wp-image-8457 avia-img-lazy-loading-not-8457 avia_image' src=\"https:\/\/radiorevelacionfm.cl\/wp-content\/uploads\/2021\/09\/pdi-columbia-1_optimized.jpg\" alt='' title='pdi-columbia-(1)_optimized' height=\"600\" width=\"1067\"  itemprop=\"thumbnailUrl\" srcset=\"https:\/\/radiorevelacionfm.cl\/wp-content\/uploads\/2021\/09\/pdi-columbia-1_optimized.jpg 1067w, https:\/\/radiorevelacionfm.cl\/wp-content\/uploads\/2021\/09\/pdi-columbia-1_optimized-300x169.jpg 300w, https:\/\/radiorevelacionfm.cl\/wp-content\/uploads\/2021\/09\/pdi-columbia-1_optimized-1030x579.jpg 1030w, https:\/\/radiorevelacionfm.cl\/wp-content\/uploads\/2021\/09\/pdi-columbia-1_optimized-768x432.jpg 768w, https:\/\/radiorevelacionfm.cl\/wp-content\/uploads\/2021\/09\/pdi-columbia-1_optimized-705x396.jpg 705w, https:\/\/radiorevelacionfm.cl\/wp-content\/uploads\/2021\/09\/pdi-columbia-1_optimized-600x337.jpg 600w\" sizes=\"(max-width: 1067px) 100vw, 1067px\" \/><\/div><\/div><\/div><\/div>\n<div class=\"flex_column av_one_full  flex_column_div av-zero-column-padding first  avia-builder-el-2  el_after_av_one_full  el_before_av_one_full  column-top-margin\" style='border-radius:0px; '><section class=\"av_textblock_section \"  itemscope=\"itemscope\" itemtype=\"https:\/\/schema.org\/BlogPosting\" itemprop=\"blogPost\" ><div class='avia_textblock  '   itemprop=\"text\" ><p style=\"text-align: center;\"><strong><span style=\"font-size: 18pt;\">Condenan a 12 a\u00f1os y 15 a\u00f1os y un d\u00eda de presidio a imputados por robo con violencia calificado en Coyhaique<\/span><\/strong><\/p>\n<div id=\"gtx-trans\" style=\"position: absolute; left: -50px; top: 4.31534px;\">\n<div class=\"gtx-trans-icon\"><\/div>\n<\/div>\n<\/div><\/section><\/div><div class=\"flex_column av_one_full  flex_column_div av-zero-column-padding first  avia-builder-el-4  el_after_av_one_full  el_before_av_hr  column-top-margin\" style='border-radius:0px; '><section class=\"av_textblock_section \"  itemscope=\"itemscope\" itemtype=\"https:\/\/schema.org\/BlogPosting\" itemprop=\"blogPost\" ><div class='avia_textblock  '   itemprop=\"text\" ><p style=\"text-align: justify;\">Tras una investigaci\u00f3n dirigida por la Fiscal\u00eda Local de Coyhaique, con diligencias efectuadas por la Brigada de Robos y el Lacrim de la Polic\u00eda de Investigaciones, el Tribunal de Juicio Oral conden\u00f3 a dos imputados por el delito de robo con violencia calificado ocurrido al interior y exterior de una tienda en calle 21 de Mayo de Coyhaique.<\/p>\n<p style=\"text-align: justify;\">Seg\u00fan explic\u00f3 el fiscal jefe de Coyhaique, Jos\u00e9 Moris, quien present\u00f3 los argumentos del Ministerio P\u00fablico en el juicio oral, el imputado W.A.T.M. fue condenado a 12 a\u00f1os de presidio mayor en su grado medio y D.I.U.O. a 15 a\u00f1os y un d\u00eda de presidio mayor en su grado m\u00e1ximo, seg\u00fan dio a conocer el domingo el Tribunal de Juicio Oral en Lo Penal.<\/p>\n<p style=\"text-align: justify;\">En relaci\u00f3n a la pena aplicada por el Tribunal, el Fiscal Jos\u00e9 Moris coment\u00f3 que \u201cnaturalmente la se\u00f1al que se da en este sentido es muy importante, ya que delitos de esta gravedad deben ser perseguidos con energ\u00eda por el sistema penal\u201d.<\/p>\n<p style=\"text-align: justify;\">Sobre este caso, el persecutor penal explic\u00f3 que \u201clos hechos implicaron un robo que afect\u00f3 a un local comercial donde resultaron lesionados dos dependientes de dicho local, adem\u00e1s un funcionario de la PDI que se encontraba de franco y que intent\u00f3 tambi\u00e9n retener a los delincuentes\u201d.<\/p>\n<p style=\"text-align: justify;\">ACUSACI\u00d3N<\/p>\n<p style=\"text-align: justify;\">De acuerdo a los hechos de la acusaci\u00f3n presentada por el Ministerio P\u00fablico, en base a las diligencias efectuadas por la Brigada de Robos y el Laboratorio de Criminal\u00edstica de la PDI, el 12 de noviembre del a\u00f1o pasado, alrededor de las 17:35 horas, los imputados -actuando previamente concertados-, ingresaron a la tienda de ropa outdoor del centro de la ciudad.<\/p>\n<p style=\"text-align: justify;\">Una vez en el interior, el imputado W.A.T.M se apropi\u00f3 de casacas que se encontraban exhibidas para la venta, intentando salir del local sin pagarlas. En ese momento, una dependienta del local frustra su huida, inici\u00e1ndose un forcejeo ante lo cual el imputado tir\u00f3 fuertemente las casacas, lesionando a la mujer, caus\u00e1ndole una fractura de la falange del dedo anular izquierdo, de car\u00e1cter grave.<\/p>\n<p style=\"text-align: justify;\">Luego de ello, el imputado logra salir de la tienda donde es enfrentado por un funcionario de la PDI quien intenta reducirlo, sum\u00e1ndose el jefe del local, forcejeando ambos con el imputado W.A.T.M. para evitar su huida.<\/p>\n<p style=\"text-align: justify;\">En tales circunstancias, el imputado D.I.U.O. sale del recinto y tironea al funcionario policial y al jefe de local para que suelten a su coimputado y de esta manera poder escapar, distracci\u00f3n que aprovecha W.A.T.M para extraer de sus vestimentas un cuchillo con el que agrede al funcionario de la PDI, caus\u00e1ndole heridas cortopunzantes en el muslo y gl\u00fateo izquierdos de car\u00e1cter grave. Asimismo, agredi\u00f3 al jefe del local caus\u00e1ndole una herida dorsal y de codo complicada, ambas de car\u00e1cter leve, logrando con ello darse a la fuga ambos.<\/p>\n<\/div><\/section><\/div><\/p>\n<div  style='height:50px' class='hr hr-invisible   avia-builder-el-6  el_after_av_one_full  el_before_av_social_share '><span class='hr-inner ' ><span class='hr-inner-style'><\/span><\/span><\/div>\n<div  class='av-social-sharing-box  avia-builder-el-7  el_after_av_hr  el_before_av_hr  '><div class='av-share-box'><h5 class='av-share-link-description av-no-toc '>Compartir esta noticia<\/h5><ul class='av-share-box-list noLightbox'><li class='av-share-link av-social-link-facebook' ><a target=\"_blank\" aria-label=\"Compartir en Facebook\" href='https:\/\/www.facebook.com\/sharer.php?u=https:\/\/radiorevelacionfm.cl\/?p=8456&#038;t=Condenan%20a%2012%20a%C3%B1os%20y%2015%20a%C3%B1os%20y%20un%20d%C3%ADa%20de%20presidio%20a%20imputados%20por%20robo%20con%20violencia%20calificado%20en%20Coyhaique' aria-hidden='false' data-av_icon='\ue8f3' data-av_iconfont='entypo-fontello' title='' data-avia-related-tooltip='Compartir en Facebook' rel=\"noopener\"><span class='avia_hidden_link_text'>Compartir en Facebook<\/span><\/a><\/li><li class='av-share-link av-social-link-twitter' ><a target=\"_blank\" aria-label=\"Compartir en Twitter\" href='https:\/\/twitter.com\/share?text=Condenan%20a%2012%20a%C3%B1os%20y%2015%20a%C3%B1os%20y%20un%20d%C3%ADa%20de%20presidio%20a%20imputados%20por%20robo%20con%20violencia%20calificado%20en%20Coyhaique&#038;url=https:\/\/radiorevelacionfm.cl\/?p=8456' aria-hidden='false' data-av_icon='\ue8f1' data-av_iconfont='entypo-fontello' title='' data-avia-related-tooltip='Compartir en Twitter' rel=\"noopener\"><span class='avia_hidden_link_text'>Compartir en Twitter<\/span><\/a><\/li><li class='av-share-link av-social-link-whatsapp' ><a target=\"_blank\" aria-label=\"Compartir en Whatsapp\" href='https:\/\/api.whatsapp.com\/send?text=https:\/\/radiorevelacionfm.cl\/?p=8456' aria-hidden='false' data-av_icon='\uf232' data-av_iconfont='entypo-fontello' title='' data-avia-related-tooltip='Compartir en Whatsapp' rel=\"noopener\"><span class='avia_hidden_link_text'>Compartir en Whatsapp<\/span><\/a><\/li><li class='av-share-link av-social-link-linkedin' ><a target=\"_blank\" aria-label=\"Compartir en LinkedIn\" href='https:\/\/linkedin.com\/shareArticle?mini=true&#038;title=Condenan%20a%2012%20a%C3%B1os%20y%2015%20a%C3%B1os%20y%20un%20d%C3%ADa%20de%20presidio%20a%20imputados%20por%20robo%20con%20violencia%20calificado%20en%20Coyhaique&#038;url=https:\/\/radiorevelacionfm.cl\/?p=8456' aria-hidden='false' data-av_icon='\ue8fc' data-av_iconfont='entypo-fontello' title='' data-avia-related-tooltip='Compartir en LinkedIn' rel=\"noopener\"><span class='avia_hidden_link_text'>Compartir en LinkedIn<\/span><\/a><\/li><li class='av-share-link av-social-link-mail' ><a  aria-label=\"Compartir por correo\" href='mailto:?subject=Condenan%20a%2012%20a%C3%B1os%20y%2015%20a%C3%B1os%20y%20un%20d%C3%ADa%20de%20presidio%20a%20imputados%20por%20robo%20con%20violencia%20calificado%20en%20Coyhaique&#038;body=https:\/\/radiorevelacionfm.cl\/?p=8456' aria-hidden='false' data-av_icon='\ue805' data-av_iconfont='entypo-fontello' title='' data-avia-related-tooltip='Compartir por correo'><span class='avia_hidden_link_text'>Compartir por correo<\/span><\/a><\/li><\/ul><\/div><\/div>\n<div  style='height:50px' class='hr hr-invisible   avia-builder-el-8  el_after_av_social_share  el_before_av_comments_list '><span class='hr-inner ' ><span class='hr-inner-style'><\/span><\/span><\/div>\n<div  class='av-buildercomment  av-blog-meta-html-info-disabled av-blog-meta-tag-disabled  '><\/div>\n","protected":false},"excerpt":{"rendered":"","protected":false},"author":1,"featured_media":8457,"comment_status":"open","ping_status":"open","sticky":false,"template":"","format":"standard","meta":{"footnotes":""},"categories":[55],"tags":[],"class_list":["post-8456","post","type-post","status-publish","format-standard","has-post-thumbnail","hentry","category-justicia"],"jetpack_featured_media_url":"https:\/\/radiorevelacionfm.cl\/wp-content\/uploads\/2021\/09\/pdi-columbia-1_optimized.jpg","_links":{"self":[{"href":"https:\/\/radiorevelacionfm.cl\/index.php?rest_route=\/wp\/v2\/posts\/8456","targetHints":{"allow":["GET"]}}],"collection":[{"href":"https:\/\/radiorevelacionfm.cl\/index.php?rest_route=\/wp\/v2\/posts"}],"about":[{"href":"https:\/\/radiorevelacionfm.cl\/index.php?rest_route=\/wp\/v2\/types\/post"}],"author":[{"embeddable":true,"href":"https:\/\/radiorevelacionfm.cl\/index.php?rest_route=\/wp\/v2\/users\/1"}],"replies":[{"embeddable":true,"href":"https:\/\/radiorevelacionfm.cl\/index.php?rest_route=%2Fwp%2Fv2%2Fcomments&post=8456"}],"version-history":[{"count":4,"href":"https:\/\/radiorevelacionfm.cl\/index.php?rest_route=\/wp\/v2\/posts\/8456\/revisions"}],"predecessor-version":[{"id":8461,"href":"https:\/\/radiorevelacionfm.cl\/index.php?rest_route=\/wp\/v2\/posts\/8456\/revisions\/8461"}],"wp:featuredmedia":[{"embeddable":true,"href":"https:\/\/radiorevelacionfm.cl\/index.php?rest_route=\/wp\/v2\/media\/8457"}],"wp:attachment":[{"href":"https:\/\/radiorevelacionfm.cl\/index.php?rest_route=%2Fwp%2Fv2%2Fmedia&parent=8456"}],"wp:term":[{"taxonomy":"category","embeddable":true,"href":"https:\/\/radiorevelacionfm.cl\/index.php?rest_route=%2Fwp%2Fv2%2Fcategories&post=8456"},{"taxonomy":"post_tag","embeddable":true,"href":"https:\/\/radiorevelacionfm.cl\/index.php?rest_route=%2Fwp%2Fv2%2Ftags&post=8456"}],"curies":[{"name":"wp","href":"https:\/\/api.w.org\/{rel}","templated":true}]}}