{"id":8453,"date":"2021-09-08T12:24:46","date_gmt":"2021-09-08T15:24:46","guid":{"rendered":"https:\/\/radiorevelacionfm.cl\/?p=8453"},"modified":"2021-09-08T12:24:46","modified_gmt":"2021-09-08T15:24:46","slug":"diputado-alinco-se-muestra-firme-en-apoyar-el-retiro-del-cuarto-10-de-las-afp","status":"publish","type":"post","link":"https:\/\/radiorevelacionfm.cl\/?p=8453","title":{"rendered":"Diputado Alinco se muestra firme en apoyar el retiro del cuarto 10 % de las AFP"},"content":{"rendered":"<div class=\"flex_column av_one_full  flex_column_div av-zero-column-padding first  avia-builder-el-0  el_before_av_one_full  avia-builder-el-first  \" style='border-radius:0px; '><div  class='avia-image-container  av-styling-    avia-builder-el-1  avia-builder-el-no-sibling  avia-align-center '  itemprop=\"image\" itemscope=\"itemscope\" itemtype=\"https:\/\/schema.org\/ImageObject\"  ><div class='avia-image-container-inner'><div class='avia-image-overlay-wrap'><img decoding=\"async\" class='wp-image-8454 avia-img-lazy-loading-not-8454 avia_image' src=\"https:\/\/radiorevelacionfm.cl\/wp-content\/uploads\/2021\/09\/alinco-1-1.jpg\" alt='' title='alinco (1) (1)' height=\"600\" width=\"800\"  itemprop=\"thumbnailUrl\" srcset=\"https:\/\/radiorevelacionfm.cl\/wp-content\/uploads\/2021\/09\/alinco-1-1.jpg 800w, https:\/\/radiorevelacionfm.cl\/wp-content\/uploads\/2021\/09\/alinco-1-1-300x225.jpg 300w, https:\/\/radiorevelacionfm.cl\/wp-content\/uploads\/2021\/09\/alinco-1-1-768x576.jpg 768w, https:\/\/radiorevelacionfm.cl\/wp-content\/uploads\/2021\/09\/alinco-1-1-705x529.jpg 705w, https:\/\/radiorevelacionfm.cl\/wp-content\/uploads\/2021\/09\/alinco-1-1-600x450.jpg 600w\" sizes=\"(max-width: 800px) 100vw, 800px\" \/><\/div><\/div><\/div><\/div><div class=\"flex_column av_one_full  flex_column_div av-zero-column-padding first  avia-builder-el-2  el_after_av_one_full  el_before_av_one_full  column-top-margin\" style='border-radius:0px; '><section class=\"av_textblock_section \"  itemscope=\"itemscope\" itemtype=\"https:\/\/schema.org\/BlogPosting\" itemprop=\"blogPost\" ><div class='avia_textblock  '   itemprop=\"text\" ><p style=\"text-align: center;\"><strong><span style=\"font-size: 18pt;\">Diputado Alinco se muestra firme en apoyar el retiro del cuarto 10 % de las AFP<\/span><\/strong><\/p>\n<div id=\"gtx-trans\" style=\"position: absolute; left: -50px; top: 4.31534px;\">\n<div class=\"gtx-trans-icon\"><\/div>\n<\/div>\n<\/div><\/section><\/div><div class=\"flex_column av_one_full  flex_column_div av-zero-column-padding first  avia-builder-el-4  el_after_av_one_full  el_before_av_hr  column-top-margin\" style='border-radius:0px; '><section class=\"av_textblock_section \"  itemscope=\"itemscope\" itemtype=\"https:\/\/schema.org\/BlogPosting\" itemprop=\"blogPost\" ><div class='avia_textblock  '   itemprop=\"text\" ><p style=\"text-align: justify;\">El parlamentario Ren\u00e9 Alinco Bustos quiso reiterar a la comunidad regional interesada en que el cuarto retiro del 10 % de las AFP llegue a buen puerto, su total compromiso de voto a favor de la instancia esperada por millones de chilenos y chilenas, quienes a pesar de las distintas f\u00f3rmulas entregadas por el Gobierno -como el IFE-, contin\u00faan enfrentando los problemas colaterales de la pandemia por Covid-19.<\/p>\n<p style=\"text-align: justify;\">En ese contexto, recordemos que el presidente Sebasti\u00e1n Pi\u00f1era, anunci\u00f3 hace poco una Ley Corta de Pensiones, la que seg\u00fan el parlamentario no deber\u00eda desvirtuar el camino legislativo del esperado cuarto retiro, que nuevamente Alinco indic\u00f3, es voluntario, tal como ocurre con los otros tres proyectos de los cuales fue autor.<\/p>\n<p style=\"text-align: justify;\">Desde la ciudad de Puerto Ays\u00e9n, donde Alinco se reuni\u00f3 con dirigentes, quienes le insistieron en abogar por el proyecto y que adem\u00e1s se incluya a los pensionados bajo modalidad de rentas vitalicias, el parlamentario dijo estar junto a los trabajadores y sus \u201cesperanzas, quienes exigen hoy d\u00eda que los de la clase pol\u00edtica, los diputados y senadores de Chile, se acuerden de su pueblo que los eligi\u00f3, y est\u00e1n esperando que se apruebe al m\u00e1s breve plazo el cuarto retiro de sus fondos previsionales\u201d, afirm\u00f3, entregando adem\u00e1s un mensaje a la comunidad, \u201cayseninos y ayseninas, cuenten con el voto de su diputado. El cuarto retiro debe y tiene que ser aprobado\u2026\u201d.<\/p>\n<p style=\"text-align: justify;\">Es importante recordar a la comunidad que durante la semana pasada, la Comisi\u00f3n de Constituci\u00f3n\u00a0<a href=\"https:\/\/www.camara.cl\/cms\/destacado\/2021\/09\/01\/cuarto-retiro-comision-de-constitucion-da-su-respaldo-y-la-medida-avanza-en-su-tramitacion\/\">aprob\u00f3 la idea de legislar<\/a>\u00a0sobre\u00a0seis iniciativas -refundidas- que plantean retirar parcial o totalmente los fondos previsionales. Discusi\u00f3n en la que tambi\u00e9n se contemplan indicaciones para las\u00a0rentas vitalicias, proyectos que fueron aprobados con 7 votos a favor y 6 en contra.<\/p>\n<p style=\"text-align: justify;\">En tanto, para este jueves se estima que inicie la discusi\u00f3n en particular, sesiones en las que el parlamentario estar\u00e1 presente en Valpara\u00edso para reiterar su apoyo total mediante intervenciones hasta que el proyecto llegue a fines de septiembre -aproximadamente-, donde ya se est\u00e1 trabajando en contar con los 93 votos o m\u00e1s, que se necesitan\u00a0 en Sala.<\/p>\n<\/div><\/section><\/div><div  style='height:50px' class='hr hr-invisible   avia-builder-el-6  el_after_av_one_full  el_before_av_social_share '><span class='hr-inner ' ><span class='hr-inner-style'><\/span><\/span><\/div><\/p>\n<div  class='av-social-sharing-box  avia-builder-el-7  el_after_av_hr  el_before_av_hr  '><div class='av-share-box'><h5 class='av-share-link-description av-no-toc '>Compartir esta noticia<\/h5><ul class='av-share-box-list noLightbox'><li class='av-share-link av-social-link-facebook' ><a target=\"_blank\" aria-label=\"Compartir en Facebook\" href='https:\/\/www.facebook.com\/sharer.php?u=https:\/\/radiorevelacionfm.cl\/?p=8453&#038;t=Diputado%20Alinco%20se%20muestra%20firme%20en%20apoyar%20el%20retiro%20del%20cuarto%2010%20%25%20de%20las%20AFP' aria-hidden='false' data-av_icon='\ue8f3' data-av_iconfont='entypo-fontello' title='' data-avia-related-tooltip='Compartir en Facebook' rel=\"noopener\"><span class='avia_hidden_link_text'>Compartir en Facebook<\/span><\/a><\/li><li class='av-share-link av-social-link-twitter' ><a target=\"_blank\" aria-label=\"Compartir en Twitter\" href='https:\/\/twitter.com\/share?text=Diputado%20Alinco%20se%20muestra%20firme%20en%20apoyar%20el%20retiro%20del%20cuarto%2010%20%25%20de%20las%20AFP&#038;url=https:\/\/radiorevelacionfm.cl\/?p=8453' aria-hidden='false' data-av_icon='\ue8f1' data-av_iconfont='entypo-fontello' title='' data-avia-related-tooltip='Compartir en Twitter' rel=\"noopener\"><span class='avia_hidden_link_text'>Compartir en Twitter<\/span><\/a><\/li><li class='av-share-link av-social-link-whatsapp' ><a target=\"_blank\" aria-label=\"Compartir en Whatsapp\" href='https:\/\/api.whatsapp.com\/send?text=https:\/\/radiorevelacionfm.cl\/?p=8453' aria-hidden='false' data-av_icon='\uf232' data-av_iconfont='entypo-fontello' title='' data-avia-related-tooltip='Compartir en Whatsapp' rel=\"noopener\"><span class='avia_hidden_link_text'>Compartir en Whatsapp<\/span><\/a><\/li><li class='av-share-link av-social-link-linkedin' ><a target=\"_blank\" aria-label=\"Compartir en LinkedIn\" href='https:\/\/linkedin.com\/shareArticle?mini=true&#038;title=Diputado%20Alinco%20se%20muestra%20firme%20en%20apoyar%20el%20retiro%20del%20cuarto%2010%20%25%20de%20las%20AFP&#038;url=https:\/\/radiorevelacionfm.cl\/?p=8453' aria-hidden='false' data-av_icon='\ue8fc' data-av_iconfont='entypo-fontello' title='' data-avia-related-tooltip='Compartir en LinkedIn' rel=\"noopener\"><span class='avia_hidden_link_text'>Compartir en LinkedIn<\/span><\/a><\/li><li class='av-share-link av-social-link-mail' ><a  aria-label=\"Compartir por correo\" href='mailto:?subject=Diputado%20Alinco%20se%20muestra%20firme%20en%20apoyar%20el%20retiro%20del%20cuarto%2010%20%25%20de%20las%20AFP&#038;body=https:\/\/radiorevelacionfm.cl\/?p=8453' aria-hidden='false' data-av_icon='\ue805' data-av_iconfont='entypo-fontello' title='' data-avia-related-tooltip='Compartir por correo'><span class='avia_hidden_link_text'>Compartir por correo<\/span><\/a><\/li><\/ul><\/div><\/div>\n<div  style='height:50px' class='hr hr-invisible   avia-builder-el-8  el_after_av_social_share  el_before_av_comments_list '><span class='hr-inner ' ><span class='hr-inner-style'><\/span><\/span><\/div>\n<div  class='av-buildercomment  av-blog-meta-html-info-disabled av-blog-meta-tag-disabled  '><\/div>\n","protected":false},"excerpt":{"rendered":"","protected":false},"author":1,"featured_media":8454,"comment_status":"open","ping_status":"open","sticky":false,"template":"","format":"standard","meta":{"footnotes":""},"categories":[35],"tags":[],"class_list":["post-8453","post","type-post","status-publish","format-standard","has-post-thumbnail","hentry","category-politica"],"jetpack_featured_media_url":"https:\/\/radiorevelacionfm.cl\/wp-content\/uploads\/2021\/09\/alinco-1-1.jpg","_links":{"self":[{"href":"https:\/\/radiorevelacionfm.cl\/index.php?rest_route=\/wp\/v2\/posts\/8453","targetHints":{"allow":["GET"]}}],"collection":[{"href":"https:\/\/radiorevelacionfm.cl\/index.php?rest_route=\/wp\/v2\/posts"}],"about":[{"href":"https:\/\/radiorevelacionfm.cl\/index.php?rest_route=\/wp\/v2\/types\/post"}],"author":[{"embeddable":true,"href":"https:\/\/radiorevelacionfm.cl\/index.php?rest_route=\/wp\/v2\/users\/1"}],"replies":[{"embeddable":true,"href":"https:\/\/radiorevelacionfm.cl\/index.php?rest_route=%2Fwp%2Fv2%2Fcomments&post=8453"}],"version-history":[{"count":1,"href":"https:\/\/radiorevelacionfm.cl\/index.php?rest_route=\/wp\/v2\/posts\/8453\/revisions"}],"predecessor-version":[{"id":8455,"href":"https:\/\/radiorevelacionfm.cl\/index.php?rest_route=\/wp\/v2\/posts\/8453\/revisions\/8455"}],"wp:featuredmedia":[{"embeddable":true,"href":"https:\/\/radiorevelacionfm.cl\/index.php?rest_route=\/wp\/v2\/media\/8454"}],"wp:attachment":[{"href":"https:\/\/radiorevelacionfm.cl\/index.php?rest_route=%2Fwp%2Fv2%2Fmedia&parent=8453"}],"wp:term":[{"taxonomy":"category","embeddable":true,"href":"https:\/\/radiorevelacionfm.cl\/index.php?rest_route=%2Fwp%2Fv2%2Fcategories&post=8453"},{"taxonomy":"post_tag","embeddable":true,"href":"https:\/\/radiorevelacionfm.cl\/index.php?rest_route=%2Fwp%2Fv2%2Ftags&post=8453"}],"curies":[{"name":"wp","href":"https:\/\/api.w.org\/{rel}","templated":true}]}}