{"id":8450,"date":"2021-09-07T21:51:48","date_gmt":"2021-09-08T00:51:48","guid":{"rendered":"https:\/\/radiorevelacionfm.cl\/?p=8450"},"modified":"2021-09-07T21:51:48","modified_gmt":"2021-09-08T00:51:48","slug":"ejercito-realizo-operativo-civico-en-monasterio-de-rio-ibanez-y-en-sector-tejas-verdes-en-coyhaique","status":"publish","type":"post","link":"https:\/\/radiorevelacionfm.cl\/?p=8450","title":{"rendered":"Ej\u00e9rcito realiz\u00f3 operativo c\u00edvico en Monasterio de R\u00edo Ib\u00e1\u00f1ez y en sector Tejas Verdes en Coyhaique"},"content":{"rendered":"<div class=\"flex_column av_one_full  flex_column_div av-zero-column-padding first  avia-builder-el-0  el_before_av_one_full  avia-builder-el-first  \" style='border-radius:0px; '><div  class='avia-image-container  av-styling-    avia-builder-el-1  avia-builder-el-no-sibling  avia-align-center '  itemprop=\"image\" itemscope=\"itemscope\" itemtype=\"https:\/\/schema.org\/ImageObject\"  ><div class='avia-image-container-inner'><div class='avia-image-overlay-wrap'><img decoding=\"async\" class='wp-image-8451 avia-img-lazy-loading-not-8451 avia_image' src=\"https:\/\/radiorevelacionfm.cl\/wp-content\/uploads\/2021\/09\/Monasterio-1-1.jpg\" alt='' title='Monasterio (1) (1)' height=\"600\" width=\"1237\"  itemprop=\"thumbnailUrl\" srcset=\"https:\/\/radiorevelacionfm.cl\/wp-content\/uploads\/2021\/09\/Monasterio-1-1.jpg 1237w, https:\/\/radiorevelacionfm.cl\/wp-content\/uploads\/2021\/09\/Monasterio-1-1-300x146.jpg 300w, https:\/\/radiorevelacionfm.cl\/wp-content\/uploads\/2021\/09\/Monasterio-1-1-1030x500.jpg 1030w, https:\/\/radiorevelacionfm.cl\/wp-content\/uploads\/2021\/09\/Monasterio-1-1-768x373.jpg 768w, https:\/\/radiorevelacionfm.cl\/wp-content\/uploads\/2021\/09\/Monasterio-1-1-705x342.jpg 705w, https:\/\/radiorevelacionfm.cl\/wp-content\/uploads\/2021\/09\/Monasterio-1-1-600x291.jpg 600w\" sizes=\"(max-width: 1237px) 100vw, 1237px\" \/><\/div><\/div><\/div><\/div><div class=\"flex_column av_one_full  flex_column_div av-zero-column-padding first  avia-builder-el-2  el_after_av_one_full  el_before_av_one_full  column-top-margin\" style='border-radius:0px; '><section class=\"av_textblock_section \"  itemscope=\"itemscope\" itemtype=\"https:\/\/schema.org\/BlogPosting\" itemprop=\"blogPost\" ><div class='avia_textblock  '   itemprop=\"text\" ><p style=\"text-align: center;\"><strong><span style=\"font-size: 18pt;\">Ej\u00e9rcito realiz\u00f3 operativo c\u00edvico en Monasterio de R\u00edo Ib\u00e1\u00f1ez y en sector Tejas Verdes en Coyhaique<\/span><\/strong><\/p>\n<div id=\"gtx-trans\" style=\"position: absolute; left: -50px; top: 4.31534px;\">\n<div class=\"gtx-trans-icon\"><\/div>\n<\/div>\n<\/div><\/section><\/div><div class=\"flex_column av_one_full  flex_column_div av-zero-column-padding first  avia-builder-el-4  el_after_av_one_full  el_before_av_hr  column-top-margin\" style='border-radius:0px; '><section class=\"av_textblock_section \"  itemscope=\"itemscope\" itemtype=\"https:\/\/schema.org\/BlogPosting\" itemprop=\"blogPost\" ><div class='avia_textblock  '   itemprop=\"text\" ><p style=\"text-align: justify;\">Enmarcado en las actividades del mes de la patria y en el \u00e1rea de misi\u00f3n institucional \u201cContribuci\u00f3n al desarrollo nacional y acci\u00f3n del Estado\u201d, personal y medios del Destacamento Motorizado N\u00b014 \u201cAys\u00e9n\u201d, realizaron un operativo c\u00edvico en el Monasterio \u201cNuestra Se\u00f1ora de Ays\u00e9n\u201d, el cual se encuentra emplazado en un Valle Cordillerano de la comuna de R\u00edo Ib\u00e1\u00f1ez.<\/p>\n<p style=\"text-align: justify;\">Hasta este lugar, llegaron los efectivos a apoyar a las religiosas en las labores de \u00a0estiva y\u00a0 acopio de le\u00f1a, adem\u00e1s se les realiz\u00f3 una capacitaci\u00f3n en manejo de primeros auxilios, dictado por un enfermero militar, el cual contempl\u00f3 manejo en caso de fracturas, hemorragias, quemaduras, curso que les permitir\u00e1 responder de forma oportuna frente a eventuales emergencias.<\/p>\n<p style=\"text-align: justify;\">En este sentido, la Madre Superiora se\u00f1al\u00f3 \u201cHace mucho tiempo est\u00e1bamos pensando en conseguir una capacitaci\u00f3n de primeros auxilios, es fundamental para nosotras tener los conocimientos\u00a0debido a lo alejados que nos encontramos de un centro asistencial sumado a que en \u00e9poca invernal quedamos aisladas por varios meses producto de la nieve.\u00a0Es por esto, que fue una sorpresa para nosotras que nos hicieran esta capacitaci\u00f3n, estamos muy agradecidas y ojala podamos coordinar en el verano otra capacitaci\u00f3n, estamos felices, fue un regalo que nos cay\u00f3 del cielo\u201d, puntualiz\u00f3.<\/p>\n<p style=\"text-align: justify;\">Por otra parte, el personal militar realiz\u00f3 un operativo de limpieza en el sector de Tejas Verdes en la ciudad de Coyhaique.<\/p>\n<p style=\"text-align: justify;\">En este contexto, los efectivos realizaron labores de limpieza del camino y mantenimiento de este, apoyo que agradecieron los vecinos del sector Tejas Verdes.<\/p>\n<p style=\"text-align: justify;\">Cabe destacar que todas estas actividades realizadas por la instituci\u00f3n, est\u00e1n orientadas a contribuir a mejorar la calidad de vida de las comunidades, sobre todo las que se encuentran en zonas aisladas, al tiempo de dar cuenta de la profunda uni\u00f3n del Ej\u00e9rcito con Chile y todos sus habitantes.<\/p>\n<\/div><\/section><\/div><div  style='height:50px' class='hr hr-invisible   avia-builder-el-6  el_after_av_one_full  el_before_av_social_share '><span class='hr-inner ' ><span class='hr-inner-style'><\/span><\/span><\/div><\/p>\n<div  class='av-social-sharing-box  avia-builder-el-7  el_after_av_hr  el_before_av_hr  '><div class='av-share-box'><h5 class='av-share-link-description av-no-toc '>Compartir esta noticia<\/h5><ul class='av-share-box-list noLightbox'><li class='av-share-link av-social-link-facebook' ><a target=\"_blank\" aria-label=\"Compartir en Facebook\" href='https:\/\/www.facebook.com\/sharer.php?u=https:\/\/radiorevelacionfm.cl\/?p=8450&#038;t=Ej%C3%A9rcito%20realiz%C3%B3%20operativo%20c%C3%ADvico%20en%20Monasterio%20de%20R%C3%ADo%20Ib%C3%A1%C3%B1ez%20y%20en%20sector%20Tejas%20Verdes%20en%20Coyhaique' aria-hidden='false' data-av_icon='\ue8f3' data-av_iconfont='entypo-fontello' title='' data-avia-related-tooltip='Compartir en Facebook' rel=\"noopener\"><span class='avia_hidden_link_text'>Compartir en Facebook<\/span><\/a><\/li><li class='av-share-link av-social-link-twitter' ><a target=\"_blank\" aria-label=\"Compartir en Twitter\" href='https:\/\/twitter.com\/share?text=Ej%C3%A9rcito%20realiz%C3%B3%20operativo%20c%C3%ADvico%20en%20Monasterio%20de%20R%C3%ADo%20Ib%C3%A1%C3%B1ez%20y%20en%20sector%20Tejas%20Verdes%20en%20Coyhaique&#038;url=https:\/\/radiorevelacionfm.cl\/?p=8450' aria-hidden='false' data-av_icon='\ue8f1' data-av_iconfont='entypo-fontello' title='' data-avia-related-tooltip='Compartir en Twitter' rel=\"noopener\"><span class='avia_hidden_link_text'>Compartir en Twitter<\/span><\/a><\/li><li class='av-share-link av-social-link-whatsapp' ><a target=\"_blank\" aria-label=\"Compartir en Whatsapp\" href='https:\/\/api.whatsapp.com\/send?text=https:\/\/radiorevelacionfm.cl\/?p=8450' aria-hidden='false' data-av_icon='\uf232' data-av_iconfont='entypo-fontello' title='' data-avia-related-tooltip='Compartir en Whatsapp' rel=\"noopener\"><span class='avia_hidden_link_text'>Compartir en Whatsapp<\/span><\/a><\/li><li class='av-share-link av-social-link-linkedin' ><a target=\"_blank\" aria-label=\"Compartir en LinkedIn\" href='https:\/\/linkedin.com\/shareArticle?mini=true&#038;title=Ej%C3%A9rcito%20realiz%C3%B3%20operativo%20c%C3%ADvico%20en%20Monasterio%20de%20R%C3%ADo%20Ib%C3%A1%C3%B1ez%20y%20en%20sector%20Tejas%20Verdes%20en%20Coyhaique&#038;url=https:\/\/radiorevelacionfm.cl\/?p=8450' aria-hidden='false' data-av_icon='\ue8fc' data-av_iconfont='entypo-fontello' title='' data-avia-related-tooltip='Compartir en LinkedIn' rel=\"noopener\"><span class='avia_hidden_link_text'>Compartir en LinkedIn<\/span><\/a><\/li><li class='av-share-link av-social-link-mail' ><a  aria-label=\"Compartir por correo\" href='mailto:?subject=Ej%C3%A9rcito%20realiz%C3%B3%20operativo%20c%C3%ADvico%20en%20Monasterio%20de%20R%C3%ADo%20Ib%C3%A1%C3%B1ez%20y%20en%20sector%20Tejas%20Verdes%20en%20Coyhaique&#038;body=https:\/\/radiorevelacionfm.cl\/?p=8450' aria-hidden='false' data-av_icon='\ue805' data-av_iconfont='entypo-fontello' title='' data-avia-related-tooltip='Compartir por correo'><span class='avia_hidden_link_text'>Compartir por correo<\/span><\/a><\/li><\/ul><\/div><\/div>\n<div  style='height:50px' class='hr hr-invisible   avia-builder-el-8  el_after_av_social_share  el_before_av_comments_list '><span class='hr-inner ' ><span class='hr-inner-style'><\/span><\/span><\/div>\n<div  class='av-buildercomment  av-blog-meta-html-info-disabled av-blog-meta-tag-disabled  '><\/div>\n","protected":false},"excerpt":{"rendered":"","protected":false},"author":1,"featured_media":8451,"comment_status":"open","ping_status":"open","sticky":false,"template":"","format":"standard","meta":{"footnotes":""},"categories":[38],"tags":[],"class_list":["post-8450","post","type-post","status-publish","format-standard","has-post-thumbnail","hentry","category-regional"],"jetpack_featured_media_url":"https:\/\/radiorevelacionfm.cl\/wp-content\/uploads\/2021\/09\/Monasterio-1-1.jpg","_links":{"self":[{"href":"https:\/\/radiorevelacionfm.cl\/index.php?rest_route=\/wp\/v2\/posts\/8450","targetHints":{"allow":["GET"]}}],"collection":[{"href":"https:\/\/radiorevelacionfm.cl\/index.php?rest_route=\/wp\/v2\/posts"}],"about":[{"href":"https:\/\/radiorevelacionfm.cl\/index.php?rest_route=\/wp\/v2\/types\/post"}],"author":[{"embeddable":true,"href":"https:\/\/radiorevelacionfm.cl\/index.php?rest_route=\/wp\/v2\/users\/1"}],"replies":[{"embeddable":true,"href":"https:\/\/radiorevelacionfm.cl\/index.php?rest_route=%2Fwp%2Fv2%2Fcomments&post=8450"}],"version-history":[{"count":1,"href":"https:\/\/radiorevelacionfm.cl\/index.php?rest_route=\/wp\/v2\/posts\/8450\/revisions"}],"predecessor-version":[{"id":8452,"href":"https:\/\/radiorevelacionfm.cl\/index.php?rest_route=\/wp\/v2\/posts\/8450\/revisions\/8452"}],"wp:featuredmedia":[{"embeddable":true,"href":"https:\/\/radiorevelacionfm.cl\/index.php?rest_route=\/wp\/v2\/media\/8451"}],"wp:attachment":[{"href":"https:\/\/radiorevelacionfm.cl\/index.php?rest_route=%2Fwp%2Fv2%2Fmedia&parent=8450"}],"wp:term":[{"taxonomy":"category","embeddable":true,"href":"https:\/\/radiorevelacionfm.cl\/index.php?rest_route=%2Fwp%2Fv2%2Fcategories&post=8450"},{"taxonomy":"post_tag","embeddable":true,"href":"https:\/\/radiorevelacionfm.cl\/index.php?rest_route=%2Fwp%2Fv2%2Ftags&post=8450"}],"curies":[{"name":"wp","href":"https:\/\/api.w.org\/{rel}","templated":true}]}}