{"id":8447,"date":"2021-09-08T10:24:31","date_gmt":"2021-09-08T13:24:31","guid":{"rendered":"https:\/\/radiorevelacionfm.cl\/?p=8447"},"modified":"2021-09-08T10:24:31","modified_gmt":"2021-09-08T13:24:31","slug":"concejal-figueroa-aboga-por-mejor-conectividad-movil-para-fachinal-y-el-ceballo","status":"publish","type":"post","link":"https:\/\/radiorevelacionfm.cl\/?p=8447","title":{"rendered":"Concejal Figueroa aboga por mejor conectividad m\u00f3vil para Fachinal y el Ceballo"},"content":{"rendered":"<div class=\"flex_column av_one_full  flex_column_div av-zero-column-padding first  avia-builder-el-0  el_before_av_one_full  avia-builder-el-first  \" style='border-radius:0px; '><div  class='avia-image-container  av-styling-    avia-builder-el-1  avia-builder-el-no-sibling  avia-align-center '  itemprop=\"image\" itemscope=\"itemscope\" itemtype=\"https:\/\/schema.org\/ImageObject\"  ><div class='avia-image-container-inner'><div class='avia-image-overlay-wrap'><img decoding=\"async\" class='wp-image-8448 avia-img-lazy-loading-not-8448 avia_image' src=\"https:\/\/radiorevelacionfm.cl\/wp-content\/uploads\/2021\/09\/MARIO-FIGUEROA-0-1-1.jpg\" alt='' title='MARIO FIGUEROA 0 (1) (1)' height=\"600\" width=\"1231\"  itemprop=\"thumbnailUrl\" srcset=\"https:\/\/radiorevelacionfm.cl\/wp-content\/uploads\/2021\/09\/MARIO-FIGUEROA-0-1-1.jpg 1231w, https:\/\/radiorevelacionfm.cl\/wp-content\/uploads\/2021\/09\/MARIO-FIGUEROA-0-1-1-300x146.jpg 300w, https:\/\/radiorevelacionfm.cl\/wp-content\/uploads\/2021\/09\/MARIO-FIGUEROA-0-1-1-1030x502.jpg 1030w, https:\/\/radiorevelacionfm.cl\/wp-content\/uploads\/2021\/09\/MARIO-FIGUEROA-0-1-1-768x374.jpg 768w, https:\/\/radiorevelacionfm.cl\/wp-content\/uploads\/2021\/09\/MARIO-FIGUEROA-0-1-1-705x344.jpg 705w, https:\/\/radiorevelacionfm.cl\/wp-content\/uploads\/2021\/09\/MARIO-FIGUEROA-0-1-1-600x292.jpg 600w\" sizes=\"(max-width: 1231px) 100vw, 1231px\" \/><\/div><\/div><\/div><\/div><div class=\"flex_column av_one_full  flex_column_div av-zero-column-padding first  avia-builder-el-2  el_after_av_one_full  el_before_av_one_full  column-top-margin\" style='border-radius:0px; '><section class=\"av_textblock_section \"  itemscope=\"itemscope\" itemtype=\"https:\/\/schema.org\/BlogPosting\" itemprop=\"blogPost\" ><div class='avia_textblock  '   itemprop=\"text\" ><p style=\"text-align: center;\"><strong><span style=\"font-size: 18pt;\">Concejal Figueroa aboga por mejor conectividad m\u00f3vil para Fachinal y el Ceballo<\/span><\/strong><\/p>\n<div id=\"gtx-trans\" style=\"position: absolute; left: -50px; top: 4.31534px;\">\n<div class=\"gtx-trans-icon\"><\/div>\n<\/div>\n<\/div><\/section><\/div><div class=\"flex_column av_one_full  flex_column_div av-zero-column-padding first  avia-builder-el-4  el_after_av_one_full  el_before_av_hr  column-top-margin\" style='border-radius:0px; '><section class=\"av_textblock_section \"  itemscope=\"itemscope\" itemtype=\"https:\/\/schema.org\/BlogPosting\" itemprop=\"blogPost\" ><div class='avia_textblock  '   itemprop=\"text\" ><p style=\"text-align: justify;\">El presidente de la junta de vecinos de Fachinal, Rolando Burgos, hace p\u00fablico su malestar porque en ese sector estuvieron alrededor de 15 d\u00edas con problemas en la se\u00f1al de telefon\u00eda m\u00f3vil, \u00fanico medio de comunicaci\u00f3n con sus familiares, el resto de la comuna y la regi\u00f3n. Fue reci\u00e9n la tarde del lunes que el problema se solucion\u00f3 y lograron tener se\u00f1al m\u00e1s estable y sin problemas.<\/p>\n<p style=\"text-align: justify;\">Pero este es un inconveniente que se arrastra hace bastante tiempo, quien ha conversado con los vecinos, dirigentes del lugar y conoce esta situaci\u00f3n es el Concejal, Mario Figueroa Mayorga, quien asegura que la necesidad de conectividad digital tambi\u00e9n se hace presente en el Ceballo.<\/p>\n<p style=\"text-align: justify;\">\u201cSigue siendo preocupante este tema del aislamiento de conectividad que viven los vecinos de Fachinal y quisiera sumar tambi\u00e9n al sector el Ceballo en la comuna de Chile Chico. En Fachinal es peri\u00f3dico el corte en la se\u00f1al de telefon\u00eda, me han informado a trav\u00e9s de la Seremi de Transportes y Telecomunicaciones que ellos reciben se\u00f1al de rebote de un generador que est\u00e1 en Pen\u00ednsula Levican, pero que no est\u00e1 conectado a la red el\u00e9ctrica, por lo tanto, la empresa que est\u00e1 a cargo de esto, debe estar cargando combustible peri\u00f3dicamente, lo que genera que los vecinos est\u00e9n por varios d\u00edas sin se\u00f1al de telefon\u00eda m\u00f3vil\u201d.<\/p>\n<p style=\"text-align: justify;\">El Concejal Figueroa, afirm\u00f3 que existe un proyecto que vendr\u00eda a dotar de telefon\u00eda m\u00f3vil al sector el Ceballo, algo muy necesario, debido a que en el lugar vive mucho adulto mayor.<\/p>\n<p style=\"text-align: justify;\">\u201cDonde ya est\u00e1 en curso un proyecto para dotar, a trav\u00e9s de este mecanismo de compensaci\u00f3n del sistema 5G, donde el Estado a febrero de este a\u00f1o recaud\u00f3 453 millones de d\u00f3lares y en compensaci\u00f3n a ello a trav\u00e9s de la Subtel, se dota de estas antenas de telefon\u00eda m\u00f3vil a sectores apartados de la regi\u00f3n y entre ellos est\u00e1 el Ceballo. Lleva un retraso significativo ese proyecto, viven muchos adultos mayores en ese sector y la verdad es que se hace necesario que las autoridades pertinentes, pongan un poco m\u00e1s de voluntad y aceleren este proceso, para que los vecinos puedan contar con esta tecnolog\u00eda\u201d.<\/p>\n<p style=\"text-align: justify;\">El Concejal, Mario Figueroa, cree que es necesario mejorar la calidad de la telefon\u00eda m\u00f3vil en toda la comuna de Chile Chico, como as\u00ed tambi\u00e9n la transmisi\u00f3n de datos, pero sin dejar de lado peque\u00f1os poblados y sectores netamente rurales que tambi\u00e9n requieren de estar en contacto con el resto de la regi\u00f3n y el mundo.<\/p>\n<\/div><\/section><\/div><div  style='height:50px' class='hr hr-invisible   avia-builder-el-6  el_after_av_one_full  el_before_av_social_share '><span class='hr-inner ' ><span class='hr-inner-style'><\/span><\/span><\/div><\/p>\n<div  class='av-social-sharing-box  avia-builder-el-7  el_after_av_hr  el_before_av_hr  '><div class='av-share-box'><h5 class='av-share-link-description av-no-toc '>Compartir esta noticia<\/h5><ul class='av-share-box-list noLightbox'><li class='av-share-link av-social-link-facebook' ><a target=\"_blank\" aria-label=\"Compartir en Facebook\" href='https:\/\/www.facebook.com\/sharer.php?u=https:\/\/radiorevelacionfm.cl\/?p=8447&#038;t=Concejal%20Figueroa%20aboga%20por%20mejor%20conectividad%20m%C3%B3vil%20para%20Fachinal%20y%20el%20Ceballo' aria-hidden='false' data-av_icon='\ue8f3' data-av_iconfont='entypo-fontello' title='' data-avia-related-tooltip='Compartir en Facebook' rel=\"noopener\"><span class='avia_hidden_link_text'>Compartir en Facebook<\/span><\/a><\/li><li class='av-share-link av-social-link-twitter' ><a target=\"_blank\" aria-label=\"Compartir en Twitter\" href='https:\/\/twitter.com\/share?text=Concejal%20Figueroa%20aboga%20por%20mejor%20conectividad%20m%C3%B3vil%20para%20Fachinal%20y%20el%20Ceballo&#038;url=https:\/\/radiorevelacionfm.cl\/?p=8447' aria-hidden='false' data-av_icon='\ue8f1' data-av_iconfont='entypo-fontello' title='' data-avia-related-tooltip='Compartir en Twitter' rel=\"noopener\"><span class='avia_hidden_link_text'>Compartir en Twitter<\/span><\/a><\/li><li class='av-share-link av-social-link-whatsapp' ><a target=\"_blank\" aria-label=\"Compartir en Whatsapp\" href='https:\/\/api.whatsapp.com\/send?text=https:\/\/radiorevelacionfm.cl\/?p=8447' aria-hidden='false' data-av_icon='\uf232' data-av_iconfont='entypo-fontello' title='' data-avia-related-tooltip='Compartir en Whatsapp' rel=\"noopener\"><span class='avia_hidden_link_text'>Compartir en Whatsapp<\/span><\/a><\/li><li class='av-share-link av-social-link-linkedin' ><a target=\"_blank\" aria-label=\"Compartir en LinkedIn\" href='https:\/\/linkedin.com\/shareArticle?mini=true&#038;title=Concejal%20Figueroa%20aboga%20por%20mejor%20conectividad%20m%C3%B3vil%20para%20Fachinal%20y%20el%20Ceballo&#038;url=https:\/\/radiorevelacionfm.cl\/?p=8447' aria-hidden='false' data-av_icon='\ue8fc' data-av_iconfont='entypo-fontello' title='' data-avia-related-tooltip='Compartir en LinkedIn' rel=\"noopener\"><span class='avia_hidden_link_text'>Compartir en LinkedIn<\/span><\/a><\/li><li class='av-share-link av-social-link-mail' ><a  aria-label=\"Compartir por correo\" href='mailto:?subject=Concejal%20Figueroa%20aboga%20por%20mejor%20conectividad%20m%C3%B3vil%20para%20Fachinal%20y%20el%20Ceballo&#038;body=https:\/\/radiorevelacionfm.cl\/?p=8447' aria-hidden='false' data-av_icon='\ue805' data-av_iconfont='entypo-fontello' title='' data-avia-related-tooltip='Compartir por correo'><span class='avia_hidden_link_text'>Compartir por correo<\/span><\/a><\/li><\/ul><\/div><\/div>\n<div  style='height:50px' class='hr hr-invisible   avia-builder-el-8  el_after_av_social_share  el_before_av_comments_list '><span class='hr-inner ' ><span class='hr-inner-style'><\/span><\/span><\/div>\n<div  class='av-buildercomment  av-blog-meta-html-info-disabled av-blog-meta-tag-disabled  '><\/div>\n","protected":false},"excerpt":{"rendered":"","protected":false},"author":1,"featured_media":8448,"comment_status":"open","ping_status":"open","sticky":false,"template":"","format":"standard","meta":{"footnotes":""},"categories":[38],"tags":[],"class_list":["post-8447","post","type-post","status-publish","format-standard","has-post-thumbnail","hentry","category-regional"],"jetpack_featured_media_url":"https:\/\/radiorevelacionfm.cl\/wp-content\/uploads\/2021\/09\/MARIO-FIGUEROA-0-1-1.jpg","_links":{"self":[{"href":"https:\/\/radiorevelacionfm.cl\/index.php?rest_route=\/wp\/v2\/posts\/8447","targetHints":{"allow":["GET"]}}],"collection":[{"href":"https:\/\/radiorevelacionfm.cl\/index.php?rest_route=\/wp\/v2\/posts"}],"about":[{"href":"https:\/\/radiorevelacionfm.cl\/index.php?rest_route=\/wp\/v2\/types\/post"}],"author":[{"embeddable":true,"href":"https:\/\/radiorevelacionfm.cl\/index.php?rest_route=\/wp\/v2\/users\/1"}],"replies":[{"embeddable":true,"href":"https:\/\/radiorevelacionfm.cl\/index.php?rest_route=%2Fwp%2Fv2%2Fcomments&post=8447"}],"version-history":[{"count":1,"href":"https:\/\/radiorevelacionfm.cl\/index.php?rest_route=\/wp\/v2\/posts\/8447\/revisions"}],"predecessor-version":[{"id":8449,"href":"https:\/\/radiorevelacionfm.cl\/index.php?rest_route=\/wp\/v2\/posts\/8447\/revisions\/8449"}],"wp:featuredmedia":[{"embeddable":true,"href":"https:\/\/radiorevelacionfm.cl\/index.php?rest_route=\/wp\/v2\/media\/8448"}],"wp:attachment":[{"href":"https:\/\/radiorevelacionfm.cl\/index.php?rest_route=%2Fwp%2Fv2%2Fmedia&parent=8447"}],"wp:term":[{"taxonomy":"category","embeddable":true,"href":"https:\/\/radiorevelacionfm.cl\/index.php?rest_route=%2Fwp%2Fv2%2Fcategories&post=8447"},{"taxonomy":"post_tag","embeddable":true,"href":"https:\/\/radiorevelacionfm.cl\/index.php?rest_route=%2Fwp%2Fv2%2Ftags&post=8447"}],"curies":[{"name":"wp","href":"https:\/\/api.w.org\/{rel}","templated":true}]}}