{"id":8444,"date":"2021-09-07T21:08:51","date_gmt":"2021-09-08T00:08:51","guid":{"rendered":"https:\/\/radiorevelacionfm.cl\/?p=8444"},"modified":"2021-09-07T21:08:51","modified_gmt":"2021-09-08T00:08:51","slug":"la-otra-pandemia-autoridades-instan-a-la-comunidad-a-concientizar-sobre-accidentes-de-transito-en-fiestas-patrias","status":"publish","type":"post","link":"https:\/\/radiorevelacionfm.cl\/?p=8444","title":{"rendered":"La Otra Pandemia: Autoridades instan a la comunidad a concientizar sobre accidentes de tr\u00e1nsito en Fiestas Patrias"},"content":{"rendered":"<div class=\"flex_column av_one_full  flex_column_div av-zero-column-padding first  avia-builder-el-0  el_before_av_one_full  avia-builder-el-first  \" style='border-radius:0px; '><div  class='avia-image-container  av-styling-    avia-builder-el-1  avia-builder-el-no-sibling  avia-align-center '  itemprop=\"image\" itemscope=\"itemscope\" itemtype=\"https:\/\/schema.org\/ImageObject\"  ><div class='avia-image-container-inner'><div class='avia-image-overlay-wrap'><img decoding=\"async\" class='wp-image-8445 avia-img-lazy-loading-not-8445 avia_image' src=\"https:\/\/radiorevelacionfm.cl\/wp-content\/uploads\/2021\/09\/campana0-1_optimized.jpg\" alt='' title='campa\u00f1a0-(1)_optimized' height=\"600\" width=\"1136\"  itemprop=\"thumbnailUrl\" srcset=\"https:\/\/radiorevelacionfm.cl\/wp-content\/uploads\/2021\/09\/campana0-1_optimized.jpg 1136w, https:\/\/radiorevelacionfm.cl\/wp-content\/uploads\/2021\/09\/campana0-1_optimized-300x158.jpg 300w, https:\/\/radiorevelacionfm.cl\/wp-content\/uploads\/2021\/09\/campana0-1_optimized-1030x544.jpg 1030w, https:\/\/radiorevelacionfm.cl\/wp-content\/uploads\/2021\/09\/campana0-1_optimized-768x406.jpg 768w, https:\/\/radiorevelacionfm.cl\/wp-content\/uploads\/2021\/09\/campana0-1_optimized-710x375.jpg 710w, https:\/\/radiorevelacionfm.cl\/wp-content\/uploads\/2021\/09\/campana0-1_optimized-705x372.jpg 705w, https:\/\/radiorevelacionfm.cl\/wp-content\/uploads\/2021\/09\/campana0-1_optimized-600x317.jpg 600w\" sizes=\"(max-width: 1136px) 100vw, 1136px\" \/><\/div><\/div><\/div><\/div><div class=\"flex_column av_one_full  flex_column_div av-zero-column-padding first  avia-builder-el-2  el_after_av_one_full  el_before_av_one_full  column-top-margin\" style='border-radius:0px; '><section class=\"av_textblock_section \"  itemscope=\"itemscope\" itemtype=\"https:\/\/schema.org\/BlogPosting\" itemprop=\"blogPost\" ><div class='avia_textblock  '   itemprop=\"text\" ><p style=\"text-align: center;\"><span style=\"font-size: 18pt;\"><b>La Otra Pandemia: Autoridades instan a la comunidad a concientizar sobre accidentes de tr\u00e1nsito en Fiestas Patrias<\/b><\/span><\/p>\n<div id=\"gtx-trans\" style=\"position: absolute; left: -50px; top: 4.31534px;\">\n<div class=\"gtx-trans-icon\"><\/div>\n<\/div>\n<\/div><\/section><\/div><div class=\"flex_column av_one_full  flex_column_div av-zero-column-padding first  avia-builder-el-4  el_after_av_one_full  el_before_av_hr  column-top-margin\" style='border-radius:0px; '><section class=\"av_textblock_section \"  itemscope=\"itemscope\" itemtype=\"https:\/\/schema.org\/BlogPosting\" itemprop=\"blogPost\" ><div class='avia_textblock  '   itemprop=\"text\" ><p style=\"text-align: justify;\">Bajo el lema \u00abLa Otra Pandemia\u00bb, Carabineros de la Regi\u00f3n de Ays\u00e9n junto a autoridades regionales y comunales, realiz\u00f3 el lanzamiento de una acci\u00f3n comunicacional orientada a sensibilizar a la comunidad respecto a la prevenci\u00f3n de accidentes de tr\u00e1nsito en el contexto de Fiesta Patrias.<\/p>\n<p style=\"text-align: justify;\">El General Hugo Zenteno V\u00e1squez, junto a la Delegada Presidencial Regional de Ays\u00e9n Margarita Ossa Rojas; el\u00a0Seremi de Transportes y Telecomunicaciones,\u00a0Fabi\u00e1n Rojas\u00a0Mu\u00f1oz; la Directora de\u00a0Senda Ays\u00e9n;\u00a0Katherine Hunter\u00a0Guti\u00e9rrez\u00a0y el Alcalde Coyhaique,\u00a0Carlos Gatica\u00a0Villegas\u00a0coincidieron en que la prevenci\u00f3n debe\u00a0ser una visi\u00f3n que deber ser internalizada por la poblaci\u00f3n y ser asumida como cultura.<\/p>\n<p style=\"text-align: justify;\">\u00abQueremos que no haya accidentes de tr\u00e1nsito con resultados fatales, todo depende de cada uno. Queremos sensibilizar a las personas, conductores, que no haya ingesta de alcohol en la conducci\u00f3n, que cumplan con la ley de tr\u00e1nsito, tener el veh\u00edculo en condiciones, mantener una distancia debida y tambi\u00e9n todo lo que implica\u00a0a\u00a0los menores que son llevados en los\u00a0m\u00f3viles. Esperamos que sean\u00a0unas fiestas patrias con bastante tranquilidad y compromiso\u00a0(&#8230;) para evitar accidentes que impliquen vidas humanas\u00bb, expres\u00f3\u00a0el General Zenteno.<\/p>\n<p style=\"text-align: justify;\">Carabineros realizar\u00e1 m\u00faltiples controles y fiscalizaciones en diversos puntos de la regi\u00f3n -especialmente en\u00a0aquellos\u00a0m\u00e1s cr\u00edticos- mediante equipos tecnol\u00f3gicos de intoxilyzer, de velocidad y narcotest, trabajo que se desarrollar\u00e1 de manera conjunta con Senda Ays\u00e9n.<\/p>\n<p style=\"text-align: justify;\">Entre el 17 al 20 de septiembre de 2020 Carabineros detuvo a 13 personas en la regi\u00f3n de Ays\u00e9n por conducir en estado de ebriedad,\u00a0siendo registrados tres accidentes de tr\u00e1nsito,\u00a0periodo en que igualmente se registraron dos personas fallecidas.<\/p>\n<p style=\"text-align: justify;\">Asimismo desde enero del presente a\u00f1o\u00a0a la fecha, han sido cursadas 188 infracciones al tr\u00e1nsito y 133 infracciones por tubos de escape modificados en igual periodo.<\/p>\n<p style=\"text-align: justify;\"><strong>Mayor apertura y responsabilidad<\/strong><\/p>\n<p style=\"text-align: justify;\">Por su parte la Delegada Presidencial Regional Ays\u00e9n, Margarita Ossa\u00a0Rojas, indic\u00f3 que se desarrolla un trabajo articulado para este a\u00f1o, en virtud de una mayor apertura tras la pandemia.<\/p>\n<p style=\"text-align: justify;\">\u00abHay una responsabilidad que es fundamental y que parte desde cada uno de los ciudadanos, tanto desde el punto de vista de seguridad p\u00fablica (&#8230;) debemos ser nosotros\u00a0quienes decidimos en qu\u00e9 m\u00f3vil nos vamos a trasladar, si va ser en un taxi o si estamos ingiriendo alcohol podemos propiciar un accidente y terminamos en una ambulancia\u00bb.<\/p>\n<p style=\"text-align: justify;\">La autoridad record\u00f3 respetar los aforos permitidos, mantener la\u00a0distancia f\u00edsica con la finalidad de que las fiestas patrias no se transformen en una tragedia desde el punto de vista de la salud o tener que lamentar la p\u00e9rdida vidas humanas producto de la ingesta de alcohol.<\/p>\n<p style=\"text-align: justify;\"><strong>Cede las llaves<\/strong><\/p>\n<p style=\"text-align: justify;\">Asimismo el Seremi de Transportes y Telecomunicaciones, Fabi\u00e1n Rojas\u00a0Mu\u00f1oz\u00a0indic\u00f3 que previendo estas fechas los taxis estar\u00e1n operativos los d\u00edas 17, 18 y 19 de septiembre.<\/p>\n<p style=\"text-align: justify;\">\u00abUn buen\u00a0resultado para la regi\u00f3n es que no tengamos accidentes de tr\u00e1nsito, que no tengamos lesionados y que no tengamos muertos. Cuando uno ingiere alcohol o consume drogas, se est\u00e1\u00a0colocando en forma irresponsable de que puede cometer un accidente de tr\u00e1nsito o alg\u00fan il\u00edcito relacionado con la conducci\u00f3n bajo este estado. El llamado a la comunidad y como Comisi\u00f3n Regional de Seguridad de Tr\u00e1nsito es, si vamos a conducir, pasemos las llaves, si vamos a beber, utilizar medios de transporte alternativos como es los taxis colectivos y taxis b\u00e1sicos\u00bb, expres\u00f3 el\u00a0Seremi de la cartera.<\/p>\n<p style=\"text-align: justify;\">Rojas inst\u00f3 a la comunidad a respetar el l\u00edmite urbano de velocidad de 50 km\/h y 100 km\/h en zonas rurales, junto con efectuar una peri\u00f3dica revisi\u00f3n del estado mec\u00e1nico del veh\u00edculo, con la finalidad de que los veh\u00edculos circulen con las condiciones t\u00e9cnicas necesarias y poder as\u00ed evitar hechos lamentables.<\/p>\n<p style=\"text-align: justify;\"><strong>Visi\u00f3n preventiva<\/strong><\/p>\n<p style=\"text-align: justify;\">Para la\u00a0Directora de\u00a0Senda Ays\u00e9n,\u00a0Katherine Hunter\u00a0Guti\u00e9rrez\u00a0el foco no debe estar en la cantidad de fiscalizadores de cara a esta fecha, sino que por el contrario, el llamado es al autocontrol, a la responsabilidad. \u00abEn la medida en que todos nos comprometamos y que tengamos una visi\u00f3n preventiva en nuestro actuar, evidentemente vamos a poder sacar cuentas felices al terminar las fiestas y periodos tan importantes como en que estaremos enfrentando en las pr\u00f3ximas semanas\u00bb, indic\u00f3.<\/p>\n<p style=\"text-align: justify;\"><strong>Restablecer confianzas<\/strong><\/p>\n<p style=\"text-align: justify;\">Asimismo el alcalde de Coyhaique,\u00a0Carlos Gatica\u00a0Villegas\u00a0indic\u00f3 que en lugar de las tradicionales ramadas, se realizar\u00e1\u00a0una \u00abExpo Dieciochera\u00bb en calle Condell, la cual se desarrollar\u00e1 con estrictos niveles\u00a0sanitarios y de\u00a0seguridad.<\/p>\n<p style=\"text-align: justify;\">\u00abHay que restablecer las confianzas, no puede ser que todo sea fiscalizaci\u00f3n, hoy confiamos en que nuestros vecinos van a optar por cuidarnos mutuamente y no tiene que ver solamente con el covid19, sino que tambi\u00e9n con respetar y generar una conciencia, no tener en exceso o usar drogas al volante\u00bb,\u00a0indic\u00f3.<\/p>\n<p style=\"text-align: justify;\">La autoridad comunal realiz\u00f3 un llamado a la conciencia, beber una copa de alcohol altera las condiciones de manejo, lo cual puede derivar en accidentes o la p\u00e9rdida de vidas\u00a0humanas.<\/p>\n<\/div><\/section><\/div><div  style='height:50px' class='hr hr-invisible   avia-builder-el-6  el_after_av_one_full  el_before_av_social_share '><span class='hr-inner ' ><span class='hr-inner-style'><\/span><\/span><\/div><\/p>\n<div  class='av-social-sharing-box  avia-builder-el-7  el_after_av_hr  el_before_av_hr  '><div class='av-share-box'><h5 class='av-share-link-description av-no-toc '>Compartir esta noticia<\/h5><ul class='av-share-box-list noLightbox'><li class='av-share-link av-social-link-facebook' ><a target=\"_blank\" aria-label=\"Compartir en Facebook\" href='https:\/\/www.facebook.com\/sharer.php?u=https:\/\/radiorevelacionfm.cl\/?p=8444&#038;t=La%20Otra%20Pandemia%3A%20Autoridades%20instan%20a%20la%20comunidad%20a%20concientizar%20sobre%20accidentes%20de%20tr%C3%A1nsito%20en%20Fiestas%20Patrias' aria-hidden='false' data-av_icon='\ue8f3' data-av_iconfont='entypo-fontello' title='' data-avia-related-tooltip='Compartir en Facebook' rel=\"noopener\"><span class='avia_hidden_link_text'>Compartir en Facebook<\/span><\/a><\/li><li class='av-share-link av-social-link-twitter' ><a target=\"_blank\" aria-label=\"Compartir en Twitter\" href='https:\/\/twitter.com\/share?text=La%20Otra%20Pandemia%3A%20Autoridades%20instan%20a%20la%20comunidad%20a%20concientizar%20sobre%20accidentes%20de%20tr%C3%A1nsito%20en%20Fiestas%20Patrias&#038;url=https:\/\/radiorevelacionfm.cl\/?p=8444' aria-hidden='false' data-av_icon='\ue8f1' data-av_iconfont='entypo-fontello' title='' data-avia-related-tooltip='Compartir en Twitter' rel=\"noopener\"><span class='avia_hidden_link_text'>Compartir en Twitter<\/span><\/a><\/li><li class='av-share-link av-social-link-whatsapp' ><a target=\"_blank\" aria-label=\"Compartir en Whatsapp\" href='https:\/\/api.whatsapp.com\/send?text=https:\/\/radiorevelacionfm.cl\/?p=8444' aria-hidden='false' data-av_icon='\uf232' data-av_iconfont='entypo-fontello' title='' data-avia-related-tooltip='Compartir en Whatsapp' rel=\"noopener\"><span class='avia_hidden_link_text'>Compartir en Whatsapp<\/span><\/a><\/li><li class='av-share-link av-social-link-linkedin' ><a target=\"_blank\" aria-label=\"Compartir en LinkedIn\" href='https:\/\/linkedin.com\/shareArticle?mini=true&#038;title=La%20Otra%20Pandemia%3A%20Autoridades%20instan%20a%20la%20comunidad%20a%20concientizar%20sobre%20accidentes%20de%20tr%C3%A1nsito%20en%20Fiestas%20Patrias&#038;url=https:\/\/radiorevelacionfm.cl\/?p=8444' aria-hidden='false' data-av_icon='\ue8fc' data-av_iconfont='entypo-fontello' title='' data-avia-related-tooltip='Compartir en LinkedIn' rel=\"noopener\"><span class='avia_hidden_link_text'>Compartir en LinkedIn<\/span><\/a><\/li><li class='av-share-link av-social-link-mail' ><a  aria-label=\"Compartir por correo\" href='mailto:?subject=La%20Otra%20Pandemia%3A%20Autoridades%20instan%20a%20la%20comunidad%20a%20concientizar%20sobre%20accidentes%20de%20tr%C3%A1nsito%20en%20Fiestas%20Patrias&#038;body=https:\/\/radiorevelacionfm.cl\/?p=8444' aria-hidden='false' data-av_icon='\ue805' data-av_iconfont='entypo-fontello' title='' data-avia-related-tooltip='Compartir por correo'><span class='avia_hidden_link_text'>Compartir por correo<\/span><\/a><\/li><\/ul><\/div><\/div>\n<div  style='height:50px' class='hr hr-invisible   avia-builder-el-8  el_after_av_social_share  el_before_av_comments_list '><span class='hr-inner ' ><span class='hr-inner-style'><\/span><\/span><\/div>\n<div  class='av-buildercomment  av-blog-meta-html-info-disabled av-blog-meta-tag-disabled  '><\/div>\n","protected":false},"excerpt":{"rendered":"","protected":false},"author":1,"featured_media":8445,"comment_status":"open","ping_status":"open","sticky":false,"template":"","format":"standard","meta":{"footnotes":""},"categories":[36],"tags":[],"class_list":["post-8444","post","type-post","status-publish","format-standard","has-post-thumbnail","hentry","category-policial"],"jetpack_featured_media_url":"https:\/\/radiorevelacionfm.cl\/wp-content\/uploads\/2021\/09\/campana0-1_optimized.jpg","_links":{"self":[{"href":"https:\/\/radiorevelacionfm.cl\/index.php?rest_route=\/wp\/v2\/posts\/8444","targetHints":{"allow":["GET"]}}],"collection":[{"href":"https:\/\/radiorevelacionfm.cl\/index.php?rest_route=\/wp\/v2\/posts"}],"about":[{"href":"https:\/\/radiorevelacionfm.cl\/index.php?rest_route=\/wp\/v2\/types\/post"}],"author":[{"embeddable":true,"href":"https:\/\/radiorevelacionfm.cl\/index.php?rest_route=\/wp\/v2\/users\/1"}],"replies":[{"embeddable":true,"href":"https:\/\/radiorevelacionfm.cl\/index.php?rest_route=%2Fwp%2Fv2%2Fcomments&post=8444"}],"version-history":[{"count":1,"href":"https:\/\/radiorevelacionfm.cl\/index.php?rest_route=\/wp\/v2\/posts\/8444\/revisions"}],"predecessor-version":[{"id":8446,"href":"https:\/\/radiorevelacionfm.cl\/index.php?rest_route=\/wp\/v2\/posts\/8444\/revisions\/8446"}],"wp:featuredmedia":[{"embeddable":true,"href":"https:\/\/radiorevelacionfm.cl\/index.php?rest_route=\/wp\/v2\/media\/8445"}],"wp:attachment":[{"href":"https:\/\/radiorevelacionfm.cl\/index.php?rest_route=%2Fwp%2Fv2%2Fmedia&parent=8444"}],"wp:term":[{"taxonomy":"category","embeddable":true,"href":"https:\/\/radiorevelacionfm.cl\/index.php?rest_route=%2Fwp%2Fv2%2Fcategories&post=8444"},{"taxonomy":"post_tag","embeddable":true,"href":"https:\/\/radiorevelacionfm.cl\/index.php?rest_route=%2Fwp%2Fv2%2Ftags&post=8444"}],"curies":[{"name":"wp","href":"https:\/\/api.w.org\/{rel}","templated":true}]}}