{"id":8441,"date":"2021-09-08T11:01:39","date_gmt":"2021-09-08T14:01:39","guid":{"rendered":"https:\/\/radiorevelacionfm.cl\/?p=8441"},"modified":"2021-09-08T11:01:39","modified_gmt":"2021-09-08T14:01:39","slug":"desarrollan-asesoria-para-la-postulacion-a-fondos-destinados-a-personas-mayores-en-aysen","status":"publish","type":"post","link":"https:\/\/radiorevelacionfm.cl\/?p=8441","title":{"rendered":"Desarrollan asesor\u00eda para la postulaci\u00f3n a fondos destinados a personas mayores en Ays\u00e9n"},"content":{"rendered":"<div class=\"flex_column av_one_full  flex_column_div av-zero-column-padding first  avia-builder-el-0  el_before_av_one_full  avia-builder-el-first  \" style='border-radius:0px; '><div  class='avia-image-container  av-styling-    avia-builder-el-1  avia-builder-el-no-sibling  avia-align-center '  itemprop=\"image\" itemscope=\"itemscope\" itemtype=\"https:\/\/schema.org\/ImageObject\"  ><div class='avia-image-container-inner'><div class='avia-image-overlay-wrap'><img decoding=\"async\" class='wp-image-8442 avia-img-lazy-loading-not-8442 avia_image' src=\"https:\/\/radiorevelacionfm.cl\/wp-content\/uploads\/2021\/09\/img-FOMAMcap1-1.jpg\" alt='' title='img-FOMAMcap1 (1)' height=\"672\" width=\"1078\"  itemprop=\"thumbnailUrl\" srcset=\"https:\/\/radiorevelacionfm.cl\/wp-content\/uploads\/2021\/09\/img-FOMAMcap1-1.jpg 1078w, https:\/\/radiorevelacionfm.cl\/wp-content\/uploads\/2021\/09\/img-FOMAMcap1-1-300x187.jpg 300w, https:\/\/radiorevelacionfm.cl\/wp-content\/uploads\/2021\/09\/img-FOMAMcap1-1-1030x642.jpg 1030w, https:\/\/radiorevelacionfm.cl\/wp-content\/uploads\/2021\/09\/img-FOMAMcap1-1-768x479.jpg 768w, https:\/\/radiorevelacionfm.cl\/wp-content\/uploads\/2021\/09\/img-FOMAMcap1-1-705x439.jpg 705w, https:\/\/radiorevelacionfm.cl\/wp-content\/uploads\/2021\/09\/img-FOMAMcap1-1-600x374.jpg 600w\" sizes=\"(max-width: 1078px) 100vw, 1078px\" \/><\/div><\/div><\/div><\/div><div class=\"flex_column av_one_full  flex_column_div av-zero-column-padding first  avia-builder-el-2  el_after_av_one_full  el_before_av_one_full  column-top-margin\" style='border-radius:0px; '><section class=\"av_textblock_section \"  itemscope=\"itemscope\" itemtype=\"https:\/\/schema.org\/BlogPosting\" itemprop=\"blogPost\" ><div class='avia_textblock  '   itemprop=\"text\" ><p style=\"text-align: center;\"><strong><span style=\"font-size: 18pt;\">Desarrollan asesor\u00eda para la postulaci\u00f3n a fondos destinados a personas mayores en Ays\u00e9n<\/span><\/strong><\/p>\n<div id=\"gtx-trans\" style=\"position: absolute; left: -50px; top: 4.31534px;\">\n<div class=\"gtx-trans-icon\"><\/div>\n<\/div>\n<\/div><\/section><\/div><div class=\"flex_column av_one_full  flex_column_div av-zero-column-padding first  avia-builder-el-4  el_after_av_one_full  el_before_av_hr  column-top-margin\" style='border-radius:0px; '><section class=\"av_textblock_section \"  itemscope=\"itemscope\" itemtype=\"https:\/\/schema.org\/BlogPosting\" itemprop=\"blogPost\" ><div class='avia_textblock  '   itemprop=\"text\" ><p style=\"text-align: justify;\">Con una importante convocatoria, los dirigentes sociales y comunitarios que representan a las distintas organizaciones que efect\u00faan labores destinadas a la atenci\u00f3n de personas mayores de Ays\u00e9n, se dieron cita en el Polideportivo 21 de Abril para abordar los distintos criterios establecidos en la presente edici\u00f3n de los Fondos Municipales para los Adultos Mayores (FOMAM 2021). Una instancia ampliamente valorada por los asistentes y que les permitir\u00e1 ejecutar iniciativas por un monto total de 600 mil pesos.<\/p>\n<p style=\"text-align: justify;\">Al respecto, el director de Desarrollo Comunitario, Mauricio Jaque Luengo, indic\u00f3 que \u00a0\u201clo m\u00e1s impresionante que tuvimos una tremenda convocatoria fueron varios adultos mayores con los cuales se comparti\u00f3 y se convers\u00f3 espec\u00edficamente sobre los fondos en que ellos deben participar, que es una grata experiencia porque as\u00ed se le hace un seguimiento. No solamente termina con la ceremonia de la entrega de los formularios para la postulaci\u00f3n sino que, tambi\u00e9n hay un seguimiento y ayudamos a postular a los adultos mayores que es un sello muy especial que nuestro alcalde, Julio Uribe, nos ha instruido hacer\u201d.<\/p>\n<p style=\"text-align: justify;\">Por su parte, Antonia Delgado, tesorera del Taller Nuestra Se\u00f1ora del Carmen, explic\u00f3 que en el caso de sus asociadas el inter\u00e9s en el FOMAM radica en la compra de g\u00e9neros, para que ellas puedan elaborar distintas cosas destinadas a sus hogares como s\u00e1banas o toallas. Delgado tambi\u00e9n explic\u00f3 que anteriormente hab\u00edan intentado obtener dinero en otras instancias pero no lo hab\u00edan logrado por lo que \u201cesto para nosotros es nuestra salvaci\u00f3n, porque nos sirve mucho y bien agradecidos de la municipalidad y del trato que nos brindan tambi\u00e9n\u201d.<\/p>\n<p style=\"text-align: justify;\">Finalmente, la presidenta del Club de Adulto Mayor de Villa Los Aromos, Leda Andrade, coment\u00f3 que dentro de sus iniciativas esperan comprar un Horno Industrial. Ya que, con este implemento podr\u00e1n generar ingresos propios que vayan en directo socorro de sus asociados en caso de cualquier eventualidad. Por lo que, hizo un llamado a continuar en el tiempo con el FOMAM ya que a todos les sirve el dinero en sus organizaciones.<\/p>\n<\/div><\/section><\/div><div  style='height:50px' class='hr hr-invisible   avia-builder-el-6  el_after_av_one_full  el_before_av_social_share '><span class='hr-inner ' ><span class='hr-inner-style'><\/span><\/span><\/div><\/p>\n<div  class='av-social-sharing-box  avia-builder-el-7  el_after_av_hr  el_before_av_hr  '><div class='av-share-box'><h5 class='av-share-link-description av-no-toc '>Compartir esta noticia<\/h5><ul class='av-share-box-list noLightbox'><li class='av-share-link av-social-link-facebook' ><a target=\"_blank\" aria-label=\"Compartir en Facebook\" href='https:\/\/www.facebook.com\/sharer.php?u=https:\/\/radiorevelacionfm.cl\/?p=8441&#038;t=Desarrollan%20asesor%C3%ADa%20para%20la%20postulaci%C3%B3n%20a%20fondos%20destinados%20a%20personas%20mayores%20en%20Ays%C3%A9n' aria-hidden='false' data-av_icon='\ue8f3' data-av_iconfont='entypo-fontello' title='' data-avia-related-tooltip='Compartir en Facebook' rel=\"noopener\"><span class='avia_hidden_link_text'>Compartir en Facebook<\/span><\/a><\/li><li class='av-share-link av-social-link-twitter' ><a target=\"_blank\" aria-label=\"Compartir en Twitter\" href='https:\/\/twitter.com\/share?text=Desarrollan%20asesor%C3%ADa%20para%20la%20postulaci%C3%B3n%20a%20fondos%20destinados%20a%20personas%20mayores%20en%20Ays%C3%A9n&#038;url=https:\/\/radiorevelacionfm.cl\/?p=8441' aria-hidden='false' data-av_icon='\ue8f1' data-av_iconfont='entypo-fontello' title='' data-avia-related-tooltip='Compartir en Twitter' rel=\"noopener\"><span class='avia_hidden_link_text'>Compartir en Twitter<\/span><\/a><\/li><li class='av-share-link av-social-link-whatsapp' ><a target=\"_blank\" aria-label=\"Compartir en Whatsapp\" href='https:\/\/api.whatsapp.com\/send?text=https:\/\/radiorevelacionfm.cl\/?p=8441' aria-hidden='false' data-av_icon='\uf232' data-av_iconfont='entypo-fontello' title='' data-avia-related-tooltip='Compartir en Whatsapp' rel=\"noopener\"><span class='avia_hidden_link_text'>Compartir en Whatsapp<\/span><\/a><\/li><li class='av-share-link av-social-link-linkedin' ><a target=\"_blank\" aria-label=\"Compartir en LinkedIn\" href='https:\/\/linkedin.com\/shareArticle?mini=true&#038;title=Desarrollan%20asesor%C3%ADa%20para%20la%20postulaci%C3%B3n%20a%20fondos%20destinados%20a%20personas%20mayores%20en%20Ays%C3%A9n&#038;url=https:\/\/radiorevelacionfm.cl\/?p=8441' aria-hidden='false' data-av_icon='\ue8fc' data-av_iconfont='entypo-fontello' title='' data-avia-related-tooltip='Compartir en LinkedIn' rel=\"noopener\"><span class='avia_hidden_link_text'>Compartir en LinkedIn<\/span><\/a><\/li><li class='av-share-link av-social-link-mail' ><a  aria-label=\"Compartir por correo\" href='mailto:?subject=Desarrollan%20asesor%C3%ADa%20para%20la%20postulaci%C3%B3n%20a%20fondos%20destinados%20a%20personas%20mayores%20en%20Ays%C3%A9n&#038;body=https:\/\/radiorevelacionfm.cl\/?p=8441' aria-hidden='false' data-av_icon='\ue805' data-av_iconfont='entypo-fontello' title='' data-avia-related-tooltip='Compartir por correo'><span class='avia_hidden_link_text'>Compartir por correo<\/span><\/a><\/li><\/ul><\/div><\/div>\n<div  style='height:50px' class='hr hr-invisible   avia-builder-el-8  el_after_av_social_share  el_before_av_comments_list '><span class='hr-inner ' ><span class='hr-inner-style'><\/span><\/span><\/div>\n<div  class='av-buildercomment  av-blog-meta-html-info-disabled av-blog-meta-tag-disabled  '><\/div>\n","protected":false},"excerpt":{"rendered":"","protected":false},"author":1,"featured_media":8442,"comment_status":"open","ping_status":"open","sticky":false,"template":"","format":"standard","meta":{"footnotes":""},"categories":[38],"tags":[],"class_list":["post-8441","post","type-post","status-publish","format-standard","has-post-thumbnail","hentry","category-regional"],"jetpack_featured_media_url":"https:\/\/radiorevelacionfm.cl\/wp-content\/uploads\/2021\/09\/img-FOMAMcap1-1.jpg","_links":{"self":[{"href":"https:\/\/radiorevelacionfm.cl\/index.php?rest_route=\/wp\/v2\/posts\/8441","targetHints":{"allow":["GET"]}}],"collection":[{"href":"https:\/\/radiorevelacionfm.cl\/index.php?rest_route=\/wp\/v2\/posts"}],"about":[{"href":"https:\/\/radiorevelacionfm.cl\/index.php?rest_route=\/wp\/v2\/types\/post"}],"author":[{"embeddable":true,"href":"https:\/\/radiorevelacionfm.cl\/index.php?rest_route=\/wp\/v2\/users\/1"}],"replies":[{"embeddable":true,"href":"https:\/\/radiorevelacionfm.cl\/index.php?rest_route=%2Fwp%2Fv2%2Fcomments&post=8441"}],"version-history":[{"count":1,"href":"https:\/\/radiorevelacionfm.cl\/index.php?rest_route=\/wp\/v2\/posts\/8441\/revisions"}],"predecessor-version":[{"id":8443,"href":"https:\/\/radiorevelacionfm.cl\/index.php?rest_route=\/wp\/v2\/posts\/8441\/revisions\/8443"}],"wp:featuredmedia":[{"embeddable":true,"href":"https:\/\/radiorevelacionfm.cl\/index.php?rest_route=\/wp\/v2\/media\/8442"}],"wp:attachment":[{"href":"https:\/\/radiorevelacionfm.cl\/index.php?rest_route=%2Fwp%2Fv2%2Fmedia&parent=8441"}],"wp:term":[{"taxonomy":"category","embeddable":true,"href":"https:\/\/radiorevelacionfm.cl\/index.php?rest_route=%2Fwp%2Fv2%2Fcategories&post=8441"},{"taxonomy":"post_tag","embeddable":true,"href":"https:\/\/radiorevelacionfm.cl\/index.php?rest_route=%2Fwp%2Fv2%2Ftags&post=8441"}],"curies":[{"name":"wp","href":"https:\/\/api.w.org\/{rel}","templated":true}]}}