{"id":8437,"date":"2021-09-07T18:13:36","date_gmt":"2021-09-07T21:13:36","guid":{"rendered":"https:\/\/radiorevelacionfm.cl\/?p=8437"},"modified":"2021-09-07T18:13:36","modified_gmt":"2021-09-07T21:13:36","slug":"calisto-pide-a-ministro-de-educacion-que-se-agilice-el-tramite-para-suplir-deficit-de-becas-patagonia","status":"publish","type":"post","link":"https:\/\/radiorevelacionfm.cl\/?p=8437","title":{"rendered":"Calisto pide a Ministro de Educaci\u00f3n que se agilice el tr\u00e1mite para suplir d\u00e9ficit de becas Patagonia"},"content":{"rendered":"<div class=\"flex_column av_one_full  flex_column_div av-zero-column-padding first  avia-builder-el-0  el_before_av_one_full  avia-builder-el-first  \" style='border-radius:0px; '><div  class='avia-image-container  av-styling-    avia-builder-el-1  avia-builder-el-no-sibling  avia-align-center '  itemprop=\"image\" itemscope=\"itemscope\" itemtype=\"https:\/\/schema.org\/ImageObject\"  ><div class='avia-image-container-inner'><div class='avia-image-overlay-wrap'><img decoding=\"async\" class='wp-image-8439 avia-img-lazy-loading-not-8439 avia_image' src=\"https:\/\/radiorevelacionfm.cl\/wp-content\/uploads\/2021\/09\/FOTO-MINISTRO-DE-EDUCACION-2-1.jpg\" alt='' title='FOTO MINISTRO DE EDUCACI\u00d3N (2) (1)' height=\"600\" width=\"813\"  itemprop=\"thumbnailUrl\" srcset=\"https:\/\/radiorevelacionfm.cl\/wp-content\/uploads\/2021\/09\/FOTO-MINISTRO-DE-EDUCACION-2-1.jpg 813w, https:\/\/radiorevelacionfm.cl\/wp-content\/uploads\/2021\/09\/FOTO-MINISTRO-DE-EDUCACION-2-1-300x221.jpg 300w, https:\/\/radiorevelacionfm.cl\/wp-content\/uploads\/2021\/09\/FOTO-MINISTRO-DE-EDUCACION-2-1-768x567.jpg 768w, https:\/\/radiorevelacionfm.cl\/wp-content\/uploads\/2021\/09\/FOTO-MINISTRO-DE-EDUCACION-2-1-705x520.jpg 705w, https:\/\/radiorevelacionfm.cl\/wp-content\/uploads\/2021\/09\/FOTO-MINISTRO-DE-EDUCACION-2-1-600x443.jpg 600w\" sizes=\"(max-width: 813px) 100vw, 813px\" \/><\/div><\/div><\/div><\/div><div class=\"flex_column av_one_full  flex_column_div av-zero-column-padding first  avia-builder-el-2  el_after_av_one_full  el_before_av_one_full  column-top-margin\" style='border-radius:0px; '><section class=\"av_textblock_section \"  itemscope=\"itemscope\" itemtype=\"https:\/\/schema.org\/BlogPosting\" itemprop=\"blogPost\" ><div class='avia_textblock  '   itemprop=\"text\" ><p style=\"text-align: center;\"><strong><span style=\"font-size: 18pt;\">Calisto pide a Ministro de Educaci\u00f3n que se agilice el tr\u00e1mite para suplir d\u00e9ficit de becas Patagonia<\/span><\/strong><\/p>\n<div id=\"gtx-trans\" style=\"position: absolute; left: -50px; top: 4.31534px;\">\n<div class=\"gtx-trans-icon\"><\/div>\n<\/div>\n<\/div><\/section><\/div><div class=\"flex_column av_one_full  flex_column_div av-zero-column-padding first  avia-builder-el-4  el_after_av_one_full  el_before_av_hr  column-top-margin\" style='border-radius:0px; '><section class=\"av_textblock_section \"  itemscope=\"itemscope\" itemtype=\"https:\/\/schema.org\/BlogPosting\" itemprop=\"blogPost\" ><div class='avia_textblock  '   itemprop=\"text\" ><p style=\"font-weight: 400; text-align: justify;\">Consciente de los problemas que est\u00e1n viviendo un grupo de estudiantes de la regi\u00f3n que a\u00fan no han recibido la beca Patagonia a pesar de cumplir los requisitos, el diputado Miguel \u00c1ngel Calisto se reuni\u00f3 con el Ministro de Educaci\u00f3n, Ra\u00fal Figueroa, para solicitarle que se agilice el pago de este beneficio.<\/p>\n<p style=\"font-weight: 400; text-align: justify;\">Hace algunas semanas se confirm\u00f3 por parte de Junaeb que se reasignar\u00e1n recursos desde la Beca Ays\u00e9n a la Beca Patagonia para proceder a este pago. Sin embargo, a\u00fan no se ha podido suplir el d\u00e9ficit de becas ya que la acci\u00f3n debe ser autorizada desde el Ministerio de Hacienda.<\/p>\n<p style=\"font-weight: 400; text-align: justify;\">Seg\u00fan el diputado Calisto, quien se reuni\u00f3 con la autoridad nacional cuando estuvo en la regi\u00f3n, \u201ctuvimos una importante reuni\u00f3n con el Ministro de Educaci\u00f3n para abordar la preocupaci\u00f3n que existe respecto de cien becas que est\u00e1n pendientes del beneficio Patagonia. Le pedimos que se agilice este proceso. Hay que recordar que durante la selecci\u00f3n y entrega de becas este a\u00f1o, hubo una gran cantidad de alumnos becados, tanto en beca Ays\u00e9n como Beca Patagonia. Sin embargo, quedaron pendientes cerca de 100 j\u00f3venes que cumpliendo requisitos quedaron sin beca Patagonia\u201d.<\/p>\n<p style=\"font-weight: 400; text-align: justify;\">\u201cEn su momento se logr\u00f3 gestionar, despu\u00e9s de muchas reuniones y problemas de burocracia en la Junaeb, fue generar la posibilidad de una reasignaci\u00f3n de fondos. Eso lo apelamos junto a las organizaciones de becas y la direcci\u00f3n regional, que se reasignen estos fondos desde la beca Ays\u00e9n a la beca Patagonia\u201d, indic\u00f3.<\/p>\n<p style=\"font-weight: 400; text-align: justify;\">\u201cHoy estamos entrampados en el Ministerio de Hacienda, esperamos que esto se pueda destrabar r\u00e1pidamente. La beca Patagonia es muy importante para apoyar a aquellos j\u00f3venes que luchan, se esfuerzan y trabajan duro por salir adelante, adem\u00e1s que cumplen y rinden con sus notas en la universidad.\u00a0 Por eso, hay que devolverles la mano entreg\u00e1ndoles lo antes posible este beneficio\u201d, indic\u00f3.<\/p>\n<p style=\"font-weight: 400; text-align: justify;\">Finalmente, el diputado Calisto se\u00f1al\u00f3 que \u201cesta es una beca que no debe nunca medir el requisito socioecon\u00f3mico, sino el esfuerzo del estudiante, tal cual ha sido la naturaleza desde que creamos este beneficio. En su momento fue una buena noticia la reasignaci\u00f3n de recursos, pero ahora estamos atentos a la respuesta formal del Ministerio De Hacienda, por eso le pedimos al Ministro de Educaci\u00f3n que nos ayude a agilizar el pago de este beneficio\u201d.<\/p>\n<\/div><\/section><\/div><div  style='height:50px' class='hr hr-invisible   avia-builder-el-6  el_after_av_one_full  el_before_av_social_share '><span class='hr-inner ' ><span class='hr-inner-style'><\/span><\/span><\/div><\/p>\n<div  class='av-social-sharing-box  avia-builder-el-7  el_after_av_hr  el_before_av_hr  '><div class='av-share-box'><h5 class='av-share-link-description av-no-toc '>Compartir esta noticia<\/h5><ul class='av-share-box-list noLightbox'><li class='av-share-link av-social-link-facebook' ><a target=\"_blank\" aria-label=\"Compartir en Facebook\" href='https:\/\/www.facebook.com\/sharer.php?u=https:\/\/radiorevelacionfm.cl\/?p=8437&#038;t=Calisto%20pide%20a%20Ministro%20de%20Educaci%C3%B3n%20que%20se%20agilice%20el%20tr%C3%A1mite%20para%20suplir%20d%C3%A9ficit%20de%20becas%20Patagonia' aria-hidden='false' data-av_icon='\ue8f3' data-av_iconfont='entypo-fontello' title='' data-avia-related-tooltip='Compartir en Facebook' rel=\"noopener\"><span class='avia_hidden_link_text'>Compartir en Facebook<\/span><\/a><\/li><li class='av-share-link av-social-link-twitter' ><a target=\"_blank\" aria-label=\"Compartir en Twitter\" href='https:\/\/twitter.com\/share?text=Calisto%20pide%20a%20Ministro%20de%20Educaci%C3%B3n%20que%20se%20agilice%20el%20tr%C3%A1mite%20para%20suplir%20d%C3%A9ficit%20de%20becas%20Patagonia&#038;url=https:\/\/radiorevelacionfm.cl\/?p=8437' aria-hidden='false' data-av_icon='\ue8f1' data-av_iconfont='entypo-fontello' title='' data-avia-related-tooltip='Compartir en Twitter' rel=\"noopener\"><span class='avia_hidden_link_text'>Compartir en Twitter<\/span><\/a><\/li><li class='av-share-link av-social-link-whatsapp' ><a target=\"_blank\" aria-label=\"Compartir en Whatsapp\" href='https:\/\/api.whatsapp.com\/send?text=https:\/\/radiorevelacionfm.cl\/?p=8437' aria-hidden='false' data-av_icon='\uf232' data-av_iconfont='entypo-fontello' title='' data-avia-related-tooltip='Compartir en Whatsapp' rel=\"noopener\"><span class='avia_hidden_link_text'>Compartir en Whatsapp<\/span><\/a><\/li><li class='av-share-link av-social-link-linkedin' ><a target=\"_blank\" aria-label=\"Compartir en LinkedIn\" href='https:\/\/linkedin.com\/shareArticle?mini=true&#038;title=Calisto%20pide%20a%20Ministro%20de%20Educaci%C3%B3n%20que%20se%20agilice%20el%20tr%C3%A1mite%20para%20suplir%20d%C3%A9ficit%20de%20becas%20Patagonia&#038;url=https:\/\/radiorevelacionfm.cl\/?p=8437' aria-hidden='false' data-av_icon='\ue8fc' data-av_iconfont='entypo-fontello' title='' data-avia-related-tooltip='Compartir en LinkedIn' rel=\"noopener\"><span class='avia_hidden_link_text'>Compartir en LinkedIn<\/span><\/a><\/li><li class='av-share-link av-social-link-mail' ><a  aria-label=\"Compartir por correo\" href='mailto:?subject=Calisto%20pide%20a%20Ministro%20de%20Educaci%C3%B3n%20que%20se%20agilice%20el%20tr%C3%A1mite%20para%20suplir%20d%C3%A9ficit%20de%20becas%20Patagonia&#038;body=https:\/\/radiorevelacionfm.cl\/?p=8437' aria-hidden='false' data-av_icon='\ue805' data-av_iconfont='entypo-fontello' title='' data-avia-related-tooltip='Compartir por correo'><span class='avia_hidden_link_text'>Compartir por correo<\/span><\/a><\/li><\/ul><\/div><\/div>\n<div  style='height:50px' class='hr hr-invisible   avia-builder-el-8  el_after_av_social_share  el_before_av_comments_list '><span class='hr-inner ' ><span class='hr-inner-style'><\/span><\/span><\/div>\n<div  class='av-buildercomment  av-blog-meta-html-info-disabled av-blog-meta-tag-disabled  '><\/div>\n","protected":false},"excerpt":{"rendered":"","protected":false},"author":1,"featured_media":8439,"comment_status":"open","ping_status":"open","sticky":false,"template":"","format":"standard","meta":{"footnotes":""},"categories":[35],"tags":[],"class_list":["post-8437","post","type-post","status-publish","format-standard","has-post-thumbnail","hentry","category-politica"],"jetpack_featured_media_url":"https:\/\/radiorevelacionfm.cl\/wp-content\/uploads\/2021\/09\/FOTO-MINISTRO-DE-EDUCACION-2-1.jpg","_links":{"self":[{"href":"https:\/\/radiorevelacionfm.cl\/index.php?rest_route=\/wp\/v2\/posts\/8437","targetHints":{"allow":["GET"]}}],"collection":[{"href":"https:\/\/radiorevelacionfm.cl\/index.php?rest_route=\/wp\/v2\/posts"}],"about":[{"href":"https:\/\/radiorevelacionfm.cl\/index.php?rest_route=\/wp\/v2\/types\/post"}],"author":[{"embeddable":true,"href":"https:\/\/radiorevelacionfm.cl\/index.php?rest_route=\/wp\/v2\/users\/1"}],"replies":[{"embeddable":true,"href":"https:\/\/radiorevelacionfm.cl\/index.php?rest_route=%2Fwp%2Fv2%2Fcomments&post=8437"}],"version-history":[{"count":1,"href":"https:\/\/radiorevelacionfm.cl\/index.php?rest_route=\/wp\/v2\/posts\/8437\/revisions"}],"predecessor-version":[{"id":8440,"href":"https:\/\/radiorevelacionfm.cl\/index.php?rest_route=\/wp\/v2\/posts\/8437\/revisions\/8440"}],"wp:featuredmedia":[{"embeddable":true,"href":"https:\/\/radiorevelacionfm.cl\/index.php?rest_route=\/wp\/v2\/media\/8439"}],"wp:attachment":[{"href":"https:\/\/radiorevelacionfm.cl\/index.php?rest_route=%2Fwp%2Fv2%2Fmedia&parent=8437"}],"wp:term":[{"taxonomy":"category","embeddable":true,"href":"https:\/\/radiorevelacionfm.cl\/index.php?rest_route=%2Fwp%2Fv2%2Fcategories&post=8437"},{"taxonomy":"post_tag","embeddable":true,"href":"https:\/\/radiorevelacionfm.cl\/index.php?rest_route=%2Fwp%2Fv2%2Ftags&post=8437"}],"curies":[{"name":"wp","href":"https:\/\/api.w.org\/{rel}","templated":true}]}}