{"id":8434,"date":"2021-09-08T10:12:40","date_gmt":"2021-09-08T13:12:40","guid":{"rendered":"https:\/\/radiorevelacionfm.cl\/?p=8434"},"modified":"2021-09-08T10:12:40","modified_gmt":"2021-09-08T13:12:40","slug":"alianza-estrategica-permite-entregar-credenciales-deportivas-a-la-agrupacion-esperanza-de-vida","status":"publish","type":"post","link":"https:\/\/radiorevelacionfm.cl\/?p=8434","title":{"rendered":"Alianza estrat\u00e9gica permite entregar credenciales deportivas a la Agrupaci\u00f3n Esperanza de Vida"},"content":{"rendered":"<div class=\"flex_column av_one_full  flex_column_div av-zero-column-padding first  avia-builder-el-0  el_before_av_one_full  avia-builder-el-first  \" style='border-radius:0px; '><div  class='avia-image-container  av-styling-    avia-builder-el-1  avia-builder-el-no-sibling  avia-align-center '  itemprop=\"image\" itemscope=\"itemscope\" itemtype=\"https:\/\/schema.org\/ImageObject\"  ><div class='avia-image-container-inner'><div class='avia-image-overlay-wrap'><img decoding=\"async\" class='wp-image-8435 avia-img-lazy-loading-not-8435 avia_image' src=\"https:\/\/radiorevelacionfm.cl\/wp-content\/uploads\/2021\/09\/img-espdevida2-1-1.jpeg\" alt='' title='img-espdevida2 (1) (1)' height=\"600\" width=\"1036\"  itemprop=\"thumbnailUrl\" srcset=\"https:\/\/radiorevelacionfm.cl\/wp-content\/uploads\/2021\/09\/img-espdevida2-1-1.jpeg 1036w, https:\/\/radiorevelacionfm.cl\/wp-content\/uploads\/2021\/09\/img-espdevida2-1-1-300x174.jpeg 300w, https:\/\/radiorevelacionfm.cl\/wp-content\/uploads\/2021\/09\/img-espdevida2-1-1-1030x597.jpeg 1030w, https:\/\/radiorevelacionfm.cl\/wp-content\/uploads\/2021\/09\/img-espdevida2-1-1-768x445.jpeg 768w, https:\/\/radiorevelacionfm.cl\/wp-content\/uploads\/2021\/09\/img-espdevida2-1-1-705x408.jpeg 705w, https:\/\/radiorevelacionfm.cl\/wp-content\/uploads\/2021\/09\/img-espdevida2-1-1-600x347.jpeg 600w\" sizes=\"(max-width: 1036px) 100vw, 1036px\" \/><\/div><\/div><\/div><\/div><div class=\"flex_column av_one_full  flex_column_div av-zero-column-padding first  avia-builder-el-2  el_after_av_one_full  el_before_av_one_full  column-top-margin\" style='border-radius:0px; '><section class=\"av_textblock_section \"  itemscope=\"itemscope\" itemtype=\"https:\/\/schema.org\/BlogPosting\" itemprop=\"blogPost\" ><div class='avia_textblock  '   itemprop=\"text\" ><p style=\"text-align: center;\"><strong><span style=\"font-size: 18pt;\">Alianza estrat\u00e9gica permite entregar credenciales deportivas a la Agrupaci\u00f3n Esperanza de Vida<\/span><\/strong><\/p>\n<div id=\"gtx-trans\" style=\"position: absolute; left: -50px; top: 4.31534px;\">\n<div class=\"gtx-trans-icon\"><\/div>\n<\/div>\n<\/div><\/section><\/div><div class=\"flex_column av_one_full  flex_column_div av-zero-column-padding first  avia-builder-el-4  el_after_av_one_full  el_before_av_hr  column-top-margin\" style='border-radius:0px; '><section class=\"av_textblock_section \"  itemscope=\"itemscope\" itemtype=\"https:\/\/schema.org\/BlogPosting\" itemprop=\"blogPost\" ><div class='avia_textblock  '   itemprop=\"text\" ><p style=\"text-align: justify;\">A trav\u00e9s de una emotiva ceremonia efectuada en dependencias del Polideportivo 21 de Abril. La Ilustre Municipalidad de Ays\u00e9n, representada en su alcalde, Julio Uribe Alvarado en compa\u00f1\u00eda de los concejales Rosa Gonz\u00e1lez B\u00f3rquez, Silvia Klagges Cristi, Tatiana Villarroel Arancibia y Alejandro Soto Vargas; efectu\u00f3 la entrega de credenciales deportivas a la Agrupaci\u00f3n Esperanza de Vida para el uso del principal recinto de preparaci\u00f3n f\u00edsica de la comuna porte\u00f1a. Esto tras la ejecuci\u00f3n del proyecto \u201cAcci\u00f3n para una mejor calidad de vida\u201d adjudicado con fondos del 2% social del Gobierno Regional de Ays\u00e9n y su Consejo.<\/p>\n<p style=\"text-align: justify;\">Frente a este hecho, el edil Julio Uribe Alvarado, destac\u00f3 que \u201cpara este municipio es muy importante trabajar con las diferentes organizaciones y hoy d\u00eda toc\u00f3 el turno de Esperanza de Vida. Ellas est\u00e1n haciendo un tremendo trabajo en mejorar la salud de sus asociados y eso va a conllevar bastante trabajo preparaci\u00f3n f\u00edsica. Contento porque est\u00e9 ocurriendo esta sinergia que se produce cuando las organizaciones ganan proyectos y se pueden ejecutar de la mejor forma en conjunto con el municipio, este es un proyecto financiado por el Gobierno Regional en el 2% y como Concejo Municipal seguiremos apoyando a todas las organizaciones\u201d.<\/p>\n<p style=\"text-align: justify;\">Por su parte, la presidenta de la Agrupaci\u00f3n Esperanza de Vida, Jacqueline Melinao agradeci\u00f3 la disposici\u00f3n de los asociados y del alcalde para ser parte de esta jornada. La dirigenta explic\u00f3 que si bien la organizaci\u00f3n cuenta con 400 socios, hoy la entrega de estas credenciales en primera instancia se desarrolla para 120 beneficiarios. \u201cFeliz porque sali\u00f3 todo muy bonito, participaron las mujeres y el alcalde Julio Uribe est\u00e1 llano a trabajar con nosotros, con la agrupaci\u00f3n, as\u00ed es que feliz porque todo fue hermoso y muy bueno\u201d.<\/p>\n<p style=\"text-align: justify;\">Finalmente, Claudina Rosales, una de las integrantes de la agrupaci\u00f3n y beneficiaria del acceso deportivo, coment\u00f3 el aporte que esta iniciativa de asistencia significar\u00e1 en su calidad de vida. Agradeciendo adem\u00e1s, la colaboraci\u00f3n y oportunidad brindada por la dirigenta de Esperanza de Vida y por el alcalde Uribe en pos de generar un nuevo trato con las agrupaciones sociales en materia deportiva.<\/p>\n<\/div><\/section><\/div><div  style='height:50px' class='hr hr-invisible   avia-builder-el-6  el_after_av_one_full  el_before_av_social_share '><span class='hr-inner ' ><span class='hr-inner-style'><\/span><\/span><\/div><\/p>\n<div  class='av-social-sharing-box  avia-builder-el-7  el_after_av_hr  el_before_av_hr  '><div class='av-share-box'><h5 class='av-share-link-description av-no-toc '>Compartir esta noticia<\/h5><ul class='av-share-box-list noLightbox'><li class='av-share-link av-social-link-facebook' ><a target=\"_blank\" aria-label=\"Compartir en Facebook\" href='https:\/\/www.facebook.com\/sharer.php?u=https:\/\/radiorevelacionfm.cl\/?p=8434&#038;t=Alianza%20estrat%C3%A9gica%20permite%20entregar%20credenciales%20deportivas%20a%20la%20Agrupaci%C3%B3n%20Esperanza%20de%20Vida' aria-hidden='false' data-av_icon='\ue8f3' data-av_iconfont='entypo-fontello' title='' data-avia-related-tooltip='Compartir en Facebook' rel=\"noopener\"><span class='avia_hidden_link_text'>Compartir en Facebook<\/span><\/a><\/li><li class='av-share-link av-social-link-twitter' ><a target=\"_blank\" aria-label=\"Compartir en Twitter\" href='https:\/\/twitter.com\/share?text=Alianza%20estrat%C3%A9gica%20permite%20entregar%20credenciales%20deportivas%20a%20la%20Agrupaci%C3%B3n%20Esperanza%20de%20Vida&#038;url=https:\/\/radiorevelacionfm.cl\/?p=8434' aria-hidden='false' data-av_icon='\ue8f1' data-av_iconfont='entypo-fontello' title='' data-avia-related-tooltip='Compartir en Twitter' rel=\"noopener\"><span class='avia_hidden_link_text'>Compartir en Twitter<\/span><\/a><\/li><li class='av-share-link av-social-link-whatsapp' ><a target=\"_blank\" aria-label=\"Compartir en Whatsapp\" href='https:\/\/api.whatsapp.com\/send?text=https:\/\/radiorevelacionfm.cl\/?p=8434' aria-hidden='false' data-av_icon='\uf232' data-av_iconfont='entypo-fontello' title='' data-avia-related-tooltip='Compartir en Whatsapp' rel=\"noopener\"><span class='avia_hidden_link_text'>Compartir en Whatsapp<\/span><\/a><\/li><li class='av-share-link av-social-link-linkedin' ><a target=\"_blank\" aria-label=\"Compartir en LinkedIn\" href='https:\/\/linkedin.com\/shareArticle?mini=true&#038;title=Alianza%20estrat%C3%A9gica%20permite%20entregar%20credenciales%20deportivas%20a%20la%20Agrupaci%C3%B3n%20Esperanza%20de%20Vida&#038;url=https:\/\/radiorevelacionfm.cl\/?p=8434' aria-hidden='false' data-av_icon='\ue8fc' data-av_iconfont='entypo-fontello' title='' data-avia-related-tooltip='Compartir en LinkedIn' rel=\"noopener\"><span class='avia_hidden_link_text'>Compartir en LinkedIn<\/span><\/a><\/li><li class='av-share-link av-social-link-mail' ><a  aria-label=\"Compartir por correo\" href='mailto:?subject=Alianza%20estrat%C3%A9gica%20permite%20entregar%20credenciales%20deportivas%20a%20la%20Agrupaci%C3%B3n%20Esperanza%20de%20Vida&#038;body=https:\/\/radiorevelacionfm.cl\/?p=8434' aria-hidden='false' data-av_icon='\ue805' data-av_iconfont='entypo-fontello' title='' data-avia-related-tooltip='Compartir por correo'><span class='avia_hidden_link_text'>Compartir por correo<\/span><\/a><\/li><\/ul><\/div><\/div>\n<div  style='height:50px' class='hr hr-invisible   avia-builder-el-8  el_after_av_social_share  el_before_av_comments_list '><span class='hr-inner ' ><span class='hr-inner-style'><\/span><\/span><\/div>\n<div  class='av-buildercomment  av-blog-meta-html-info-disabled av-blog-meta-tag-disabled  '><\/div>\n","protected":false},"excerpt":{"rendered":"","protected":false},"author":1,"featured_media":8435,"comment_status":"open","ping_status":"open","sticky":false,"template":"","format":"standard","meta":{"footnotes":""},"categories":[38],"tags":[],"class_list":["post-8434","post","type-post","status-publish","format-standard","has-post-thumbnail","hentry","category-regional"],"jetpack_featured_media_url":"https:\/\/radiorevelacionfm.cl\/wp-content\/uploads\/2021\/09\/img-espdevida2-1-1.jpeg","_links":{"self":[{"href":"https:\/\/radiorevelacionfm.cl\/index.php?rest_route=\/wp\/v2\/posts\/8434","targetHints":{"allow":["GET"]}}],"collection":[{"href":"https:\/\/radiorevelacionfm.cl\/index.php?rest_route=\/wp\/v2\/posts"}],"about":[{"href":"https:\/\/radiorevelacionfm.cl\/index.php?rest_route=\/wp\/v2\/types\/post"}],"author":[{"embeddable":true,"href":"https:\/\/radiorevelacionfm.cl\/index.php?rest_route=\/wp\/v2\/users\/1"}],"replies":[{"embeddable":true,"href":"https:\/\/radiorevelacionfm.cl\/index.php?rest_route=%2Fwp%2Fv2%2Fcomments&post=8434"}],"version-history":[{"count":1,"href":"https:\/\/radiorevelacionfm.cl\/index.php?rest_route=\/wp\/v2\/posts\/8434\/revisions"}],"predecessor-version":[{"id":8436,"href":"https:\/\/radiorevelacionfm.cl\/index.php?rest_route=\/wp\/v2\/posts\/8434\/revisions\/8436"}],"wp:featuredmedia":[{"embeddable":true,"href":"https:\/\/radiorevelacionfm.cl\/index.php?rest_route=\/wp\/v2\/media\/8435"}],"wp:attachment":[{"href":"https:\/\/radiorevelacionfm.cl\/index.php?rest_route=%2Fwp%2Fv2%2Fmedia&parent=8434"}],"wp:term":[{"taxonomy":"category","embeddable":true,"href":"https:\/\/radiorevelacionfm.cl\/index.php?rest_route=%2Fwp%2Fv2%2Fcategories&post=8434"},{"taxonomy":"post_tag","embeddable":true,"href":"https:\/\/radiorevelacionfm.cl\/index.php?rest_route=%2Fwp%2Fv2%2Ftags&post=8434"}],"curies":[{"name":"wp","href":"https:\/\/api.w.org\/{rel}","templated":true}]}}