{"id":8408,"date":"2021-09-07T12:30:44","date_gmt":"2021-09-07T15:30:44","guid":{"rendered":"https:\/\/radiorevelacionfm.cl\/?p=8408"},"modified":"2021-09-07T14:36:59","modified_gmt":"2021-09-07T17:36:59","slug":"alcalde-uribe-sostiene-reunion-con-tesorero-regional-para-abordar-materias-en-beneficio-de-los-contribuyentes-de-aysen","status":"publish","type":"post","link":"https:\/\/radiorevelacionfm.cl\/?p=8408","title":{"rendered":"Alcalde Uribe sostiene reuni\u00f3n con Tesorero Regional para abordar materias en beneficio de los contribuyentes de Ays\u00e9n"},"content":{"rendered":"<div class=\"flex_column av_one_full  flex_column_div av-zero-column-padding first  avia-builder-el-0  el_before_av_one_full  avia-builder-el-first  \" style='border-radius:0px; '><div  class='avia-image-container  av-styling-    avia-builder-el-1  avia-builder-el-no-sibling  avia-align-center '  itemprop=\"image\" itemscope=\"itemscope\" itemtype=\"https:\/\/schema.org\/ImageObject\"  ><div class='avia-image-container-inner'><div class='avia-image-overlay-wrap'><img decoding=\"async\" class='wp-image-8409 avia-img-lazy-loading-not-8409 avia_image' src=\"https:\/\/radiorevelacionfm.cl\/wp-content\/uploads\/2021\/09\/img-tesorero-muniaysen1-1-1.jpg\" alt='' title='img-tesorero-muniaysen1 (1) (1)' height=\"600\" width=\"881\"  itemprop=\"thumbnailUrl\" srcset=\"https:\/\/radiorevelacionfm.cl\/wp-content\/uploads\/2021\/09\/img-tesorero-muniaysen1-1-1.jpg 881w, https:\/\/radiorevelacionfm.cl\/wp-content\/uploads\/2021\/09\/img-tesorero-muniaysen1-1-1-300x204.jpg 300w, https:\/\/radiorevelacionfm.cl\/wp-content\/uploads\/2021\/09\/img-tesorero-muniaysen1-1-1-768x523.jpg 768w, https:\/\/radiorevelacionfm.cl\/wp-content\/uploads\/2021\/09\/img-tesorero-muniaysen1-1-1-705x480.jpg 705w, https:\/\/radiorevelacionfm.cl\/wp-content\/uploads\/2021\/09\/img-tesorero-muniaysen1-1-1-600x409.jpg 600w\" sizes=\"(max-width: 881px) 100vw, 881px\" \/><\/div><\/div><\/div><\/div><div class=\"flex_column av_one_full  flex_column_div av-zero-column-padding first  avia-builder-el-2  el_after_av_one_full  el_before_av_one_full  column-top-margin\" style='border-radius:0px; '><section class=\"av_textblock_section \"  itemscope=\"itemscope\" itemtype=\"https:\/\/schema.org\/BlogPosting\" itemprop=\"blogPost\" ><div class='avia_textblock  '   itemprop=\"text\" ><p style=\"text-align: center;\"><strong><span style=\"font-size: 18pt;\">Alcalde Uribe sostiene reuni\u00f3n con Tesorero Regional para abordar materias en beneficio de los contribuyentes de Ays\u00e9n<\/span><\/strong><\/p>\n<div id=\"gtx-trans\" style=\"position: absolute; left: -50px; top: 4.31534px;\">\n<div class=\"gtx-trans-icon\"><\/div>\n<\/div>\n<\/div><\/section><\/div><div class=\"flex_column av_one_full  flex_column_div av-zero-column-padding first  avia-builder-el-4  el_after_av_one_full  el_before_av_hr  column-top-margin\" style='border-radius:0px; '><section class=\"av_textblock_section \"  itemscope=\"itemscope\" itemtype=\"https:\/\/schema.org\/BlogPosting\" itemprop=\"blogPost\" ><div class='avia_textblock  '   itemprop=\"text\" ><p style=\"text-align: justify;\">Hasta la Casa Edilicia de Ays\u00e9n lleg\u00f3 el Tesorero Regional, Juan Andr\u00e9s Galilea, para saludar protocolarmente al alcalde, Julio Uribe Alvarado, pero tambi\u00e9n para explicar distintas materias en el \u00e1mbito de sus competencias. Una de ellas y la de mayor impacto, es el beneficio al que se pueden acoger los contribuyentes de la comuna porte\u00f1a que debido a la pandemia han adquirido deudas con la Tesorer\u00eda General de la Rep\u00fablica (TGR). Para ello, el representante del organismo y el edil aysenino se manifestaron dispuestos en realizar un trabajo coordinado para capacitar al personal municipal y as\u00ed beneficiar los vecinos y vecinas de la comuna que se encuentren en situaciones de este tipo.<\/p>\n<p style=\"text-align: justify;\">Al respecto, la primera autoridad de la comuna de Ays\u00e9n, Julio Uribe Alvarado, destac\u00f3 que la capacitaci\u00f3n estar\u00e1 principalmente orientada al trabajo que efect\u00faa el municipio a trav\u00e9s de las delegaciones en Villa Ma\u00f1ihuales e Islas Huichas para evitar el desplazamiento de los vecinos hasta Coyhaique. Esto, en pos de que los ayseninos puedan conocer las alternativas que hoy mantiene dispuestas la TGR para la regularizaci\u00f3n de deudas que se hayan generando tras el avance de la pandemia en la zona.<\/p>\n<p style=\"text-align: justify;\">En tanto, el representante regional el ente encargado de la recaudaci\u00f3n, custodia y distribuci\u00f3n de los recursos del Tesoro P\u00fablico, Juan Andr\u00e9s Galilea, explic\u00f3 que \u201chablamos en esta reuni\u00f3n muchos temas, uno de ellos tienen que ver con los convenios que manejamos entre la Tesorer\u00eda y el Municipio y otro b\u00e1sicamente para solicitar el apoyo de la misma Municipalidad de Ays\u00e9n para ayudarnos a difundir los beneficios que hoy d\u00eda tenemos para nuestros contribuyentes. Le comentaba al alcalde que hoy d\u00eda est\u00e1 vigente la Ley 21.353 que permite hacer convenios de pago por las deudas fiscales para las peque\u00f1as y medianas empresas y las personas naturales con giro productivo hasta 48 meses sin recargos legales o sea, con un 100% de condonaci\u00f3n en las multas de los intereses\u201d.<\/p>\n<p style=\"text-align: justify;\">Finalmente, el Tesorero Regional ahond\u00f3 en comentar que en la actualidad desde el sitio web del servicio <a href=\"http:\/\/www.tgr.cl\">www.tgr.cl<\/a> ingresando con la Clave \u00danica (del Registro Civil) o la Clave Tributaria (del Servicio de Impuestos Internos) es posible efectuar 33 tr\u00e1mites ante la entidad que antiguamente se desarrollaban de manera presencial \u201cpor lo tanto, es una manera tambi\u00e9n dado que nosotros no estamos viendo recurrentemente Ays\u00e9n, de que las personas puedan acceder a nuestra plataforma y hacer esos tr\u00e1mites desde la comodidad de su hogar\u201d sentenci\u00f3 Galilea.<\/p>\n<\/div><\/section><\/div><div  style='height:50px' class='hr hr-invisible   avia-builder-el-6  el_after_av_one_full  el_before_av_social_share '><span class='hr-inner ' ><span class='hr-inner-style'><\/span><\/span><\/div><\/p>\n<div  class='av-social-sharing-box  avia-builder-el-7  el_after_av_hr  el_before_av_hr  '><div class='av-share-box'><h5 class='av-share-link-description av-no-toc '>Compartir esta noticia<\/h5><ul class='av-share-box-list noLightbox'><li class='av-share-link av-social-link-facebook' ><a target=\"_blank\" aria-label=\"Compartir en Facebook\" href='https:\/\/www.facebook.com\/sharer.php?u=https:\/\/radiorevelacionfm.cl\/?p=8408&#038;t=Alcalde%20Uribe%20sostiene%20reuni%C3%B3n%20con%20Tesorero%20Regional%20para%20abordar%20materias%20en%20beneficio%20de%20los%20contribuyentes%20de%20Ays%C3%A9n' aria-hidden='false' data-av_icon='\ue8f3' data-av_iconfont='entypo-fontello' title='' data-avia-related-tooltip='Compartir en Facebook' rel=\"noopener\"><span class='avia_hidden_link_text'>Compartir en Facebook<\/span><\/a><\/li><li class='av-share-link av-social-link-twitter' ><a target=\"_blank\" aria-label=\"Compartir en Twitter\" href='https:\/\/twitter.com\/share?text=Alcalde%20Uribe%20sostiene%20reuni%C3%B3n%20con%20Tesorero%20Regional%20para%20abordar%20materias%20en%20beneficio%20de%20los%20contribuyentes%20de%20Ays%C3%A9n&#038;url=https:\/\/radiorevelacionfm.cl\/?p=8408' aria-hidden='false' data-av_icon='\ue8f1' data-av_iconfont='entypo-fontello' title='' data-avia-related-tooltip='Compartir en Twitter' rel=\"noopener\"><span class='avia_hidden_link_text'>Compartir en Twitter<\/span><\/a><\/li><li class='av-share-link av-social-link-whatsapp' ><a target=\"_blank\" aria-label=\"Compartir en Whatsapp\" href='https:\/\/api.whatsapp.com\/send?text=https:\/\/radiorevelacionfm.cl\/?p=8408' aria-hidden='false' data-av_icon='\uf232' data-av_iconfont='entypo-fontello' title='' data-avia-related-tooltip='Compartir en Whatsapp' rel=\"noopener\"><span class='avia_hidden_link_text'>Compartir en Whatsapp<\/span><\/a><\/li><li class='av-share-link av-social-link-linkedin' ><a target=\"_blank\" aria-label=\"Compartir en LinkedIn\" href='https:\/\/linkedin.com\/shareArticle?mini=true&#038;title=Alcalde%20Uribe%20sostiene%20reuni%C3%B3n%20con%20Tesorero%20Regional%20para%20abordar%20materias%20en%20beneficio%20de%20los%20contribuyentes%20de%20Ays%C3%A9n&#038;url=https:\/\/radiorevelacionfm.cl\/?p=8408' aria-hidden='false' data-av_icon='\ue8fc' data-av_iconfont='entypo-fontello' title='' data-avia-related-tooltip='Compartir en LinkedIn' rel=\"noopener\"><span class='avia_hidden_link_text'>Compartir en LinkedIn<\/span><\/a><\/li><li class='av-share-link av-social-link-mail' ><a  aria-label=\"Compartir por correo\" href='mailto:?subject=Alcalde%20Uribe%20sostiene%20reuni%C3%B3n%20con%20Tesorero%20Regional%20para%20abordar%20materias%20en%20beneficio%20de%20los%20contribuyentes%20de%20Ays%C3%A9n&#038;body=https:\/\/radiorevelacionfm.cl\/?p=8408' aria-hidden='false' data-av_icon='\ue805' data-av_iconfont='entypo-fontello' title='' data-avia-related-tooltip='Compartir por correo'><span class='avia_hidden_link_text'>Compartir por correo<\/span><\/a><\/li><\/ul><\/div><\/div>\n<div  style='height:50px' class='hr hr-invisible   avia-builder-el-8  el_after_av_social_share  el_before_av_comments_list '><span class='hr-inner ' ><span class='hr-inner-style'><\/span><\/span><\/div>\n<div  class='av-buildercomment  av-blog-meta-html-info-disabled av-blog-meta-tag-disabled  '><\/div>\n","protected":false},"excerpt":{"rendered":"","protected":false},"author":1,"featured_media":8409,"comment_status":"open","ping_status":"open","sticky":false,"template":"","format":"standard","meta":{"footnotes":""},"categories":[38],"tags":[],"class_list":["post-8408","post","type-post","status-publish","format-standard","has-post-thumbnail","hentry","category-regional"],"jetpack_featured_media_url":"https:\/\/radiorevelacionfm.cl\/wp-content\/uploads\/2021\/09\/img-tesorero-muniaysen1-1-1.jpg","_links":{"self":[{"href":"https:\/\/radiorevelacionfm.cl\/index.php?rest_route=\/wp\/v2\/posts\/8408","targetHints":{"allow":["GET"]}}],"collection":[{"href":"https:\/\/radiorevelacionfm.cl\/index.php?rest_route=\/wp\/v2\/posts"}],"about":[{"href":"https:\/\/radiorevelacionfm.cl\/index.php?rest_route=\/wp\/v2\/types\/post"}],"author":[{"embeddable":true,"href":"https:\/\/radiorevelacionfm.cl\/index.php?rest_route=\/wp\/v2\/users\/1"}],"replies":[{"embeddable":true,"href":"https:\/\/radiorevelacionfm.cl\/index.php?rest_route=%2Fwp%2Fv2%2Fcomments&post=8408"}],"version-history":[{"count":1,"href":"https:\/\/radiorevelacionfm.cl\/index.php?rest_route=\/wp\/v2\/posts\/8408\/revisions"}],"predecessor-version":[{"id":8410,"href":"https:\/\/radiorevelacionfm.cl\/index.php?rest_route=\/wp\/v2\/posts\/8408\/revisions\/8410"}],"wp:featuredmedia":[{"embeddable":true,"href":"https:\/\/radiorevelacionfm.cl\/index.php?rest_route=\/wp\/v2\/media\/8409"}],"wp:attachment":[{"href":"https:\/\/radiorevelacionfm.cl\/index.php?rest_route=%2Fwp%2Fv2%2Fmedia&parent=8408"}],"wp:term":[{"taxonomy":"category","embeddable":true,"href":"https:\/\/radiorevelacionfm.cl\/index.php?rest_route=%2Fwp%2Fv2%2Fcategories&post=8408"},{"taxonomy":"post_tag","embeddable":true,"href":"https:\/\/radiorevelacionfm.cl\/index.php?rest_route=%2Fwp%2Fv2%2Ftags&post=8408"}],"curies":[{"name":"wp","href":"https:\/\/api.w.org\/{rel}","templated":true}]}}