{"id":8406,"date":"2021-09-07T10:58:42","date_gmt":"2021-09-07T13:58:42","guid":{"rendered":"https:\/\/radiorevelacionfm.cl\/?p=8406"},"modified":"2021-09-07T10:58:42","modified_gmt":"2021-09-07T13:58:42","slug":"pdi-y-fiscalia-investigan-y-detienen-a-imputado-por-el-delito-de-violacion","status":"publish","type":"post","link":"https:\/\/radiorevelacionfm.cl\/?p=8406","title":{"rendered":"PDI y Fiscal\u00eda investigan y detienen a imputado por el delito de violaci\u00f3n"},"content":{"rendered":"<div class=\"flex_column av_one_full  flex_column_div av-zero-column-padding first  avia-builder-el-0  el_before_av_one_full  avia-builder-el-first  \" style='border-radius:0px; '><div  class='avia-image-container  av-styling-    avia-builder-el-1  avia-builder-el-no-sibling  avia-align-center '  itemprop=\"image\" itemscope=\"itemscope\" itemtype=\"https:\/\/schema.org\/ImageObject\"  ><div class='avia-image-container-inner'><div class='avia-image-overlay-wrap'><img decoding=\"async\" class='wp-image-2506 avia-img-lazy-loading-not-2506 avia_image' src=\"https:\/\/radiorevelacionfm.cl\/wp-content\/uploads\/2021\/02\/pdi-001-1-1068x709_optimized.jpg\" alt='' title='pdi-001-1-1068x709_optimized' height=\"709\" width=\"1068\"  itemprop=\"thumbnailUrl\" srcset=\"https:\/\/radiorevelacionfm.cl\/wp-content\/uploads\/2021\/02\/pdi-001-1-1068x709_optimized.jpg 1068w, https:\/\/radiorevelacionfm.cl\/wp-content\/uploads\/2021\/02\/pdi-001-1-1068x709_optimized-300x199.jpg 300w, https:\/\/radiorevelacionfm.cl\/wp-content\/uploads\/2021\/02\/pdi-001-1-1068x709_optimized-1030x684.jpg 1030w, https:\/\/radiorevelacionfm.cl\/wp-content\/uploads\/2021\/02\/pdi-001-1-1068x709_optimized-768x510.jpg 768w, https:\/\/radiorevelacionfm.cl\/wp-content\/uploads\/2021\/02\/pdi-001-1-1068x709_optimized-705x468.jpg 705w, https:\/\/radiorevelacionfm.cl\/wp-content\/uploads\/2021\/02\/pdi-001-1-1068x709_optimized-600x398.jpg 600w\" sizes=\"(max-width: 1068px) 100vw, 1068px\" \/><\/div><\/div><\/div><\/div><div class=\"flex_column av_one_full  flex_column_div av-zero-column-padding first  avia-builder-el-2  el_after_av_one_full  el_before_av_one_full  column-top-margin\" style='border-radius:0px; '><section class=\"av_textblock_section \"  itemscope=\"itemscope\" itemtype=\"https:\/\/schema.org\/BlogPosting\" itemprop=\"blogPost\" ><div class='avia_textblock  '   itemprop=\"text\" ><p style=\"text-align: center;\"><strong><span style=\"font-size: 18pt;\">PDI y Fiscal\u00eda investigan y detienen a imputado por el delito de violaci\u00f3n<\/span><\/strong><\/p>\n<div id=\"gtx-trans\" style=\"position: absolute; left: -50px; top: 4.31534px;\">\n<div class=\"gtx-trans-icon\"><\/div>\n<\/div>\n<\/div><\/section><\/div><div class=\"flex_column av_one_full  flex_column_div av-zero-column-padding first  avia-builder-el-4  el_after_av_one_full  el_before_av_hr  column-top-margin\" style='border-radius:0px; '><section class=\"av_textblock_section \"  itemscope=\"itemscope\" itemtype=\"https:\/\/schema.org\/BlogPosting\" itemprop=\"blogPost\" ><div class='avia_textblock  '   itemprop=\"text\" ><p style=\"text-align: justify;\">Tras un trabajo coordinado entre la Fiscal\u00eda Local de Coyhaique y la Brigada Investigadora de Delitos Sexuales (BRISEX) Coyhaique, detectives de la PDI detuvieron a un sujeto, mayor de edad y sin antecedentes policiales, por el delito flagrante de violaci\u00f3n en contra de una mujer de 43 a\u00f1os quien adem\u00e1s sufri\u00f3 amenazas y lesiones durante los hechos que ocurrieron en la capital regional.<\/p>\n<p style=\"text-align: justify;\">Sobre este caso, el fiscal de turno, Alex Olivero, explic\u00f3 que \u201cse recibi\u00f3 una denuncia de una persona de sexo femenino, mayor de edad, la cual denunci\u00f3 haber sido v\u00edctima de un delito de violaci\u00f3n\u201d. La v\u00edctima concurri\u00f3 al hospital Regional de Coyhaique \u201ccon lo cual se coordin\u00f3 con la Brigada de Delitos Sexuales de la PDI la toma de la denuncia, la realizaci\u00f3n de diligencias investigativas, el informe pericial y posteriormente se solicit\u00f3 una orden de detenci\u00f3n verbal en contra del denunciado, la cual fue materializada por la Brisex\u201d.<\/p>\n<p style=\"text-align: justify;\">Por su parte, el jefe de la Brigada Investigadora de Delitos Sexuales Coyhaique, subprefecto Richard Biernay, indic\u00f3 sobre la concurrencia y el trabajo desarrollado en torno a este caso que \u201cnuestra brigada recibi\u00f3 un llamado por parte de la Fiscal\u00eda Local de Coyhaique, instruyendo la concurrencia de personal de esta brigada investigadora de Delitos Sexuales hasta el Hospital Regional de Coyhaique con la finalidad de cursar una denuncia por el delito de mayor de 14 a\u00f1os\u201d. \u201cUna vez constituidos en el Hospital Regional, personal de esta unidad especializada curs\u00f3 la denuncia y coordin\u00f3 las primeras diligencias propias de este tipo de delito\u201d, agreg\u00f3 el subprefecto Biernay.<\/p>\n<p style=\"text-align: justify;\">Con los antecedentes obtenidos, el resultado de los ex\u00e1menes m\u00e9dicos realizados en el centro asistencial y una vez constatadas las lesiones que sufri\u00f3 la v\u00edctima, \u201cse concurri\u00f3 al domicilio del victimario con personal especializado de esta unidad, en compa\u00f1\u00eda de peritos del Laboratorio de Criminal\u00edstica Regional Coyhaique, procediendo a la detenci\u00f3n del autor del delito de violaci\u00f3n y a la fijaci\u00f3n planim\u00e9trica y fotogr\u00e1fica del sitio de suceso\u201d, se\u00f1al\u00f3 el jefe de la unidad especializada, destacando que gracias a la entrevista policial, empadronamientos y an\u00e1lisis criminal se logr\u00f3 corroborar las circunstancias del hecho y establecer el delito que, actualmente, es materia de investigaci\u00f3n por parte de la Fiscal\u00eda y PDI.<\/p>\n<p style=\"text-align: justify;\">El sujeto fue puesto a disposici\u00f3n del Juzgado de Garant\u00eda de Coyhaique en horas de la ma\u00f1ana de este lunes 6 de septiembre para su control de detenci\u00f3n. En la audiencia el sujeto fue formalizado por los delitos de violaci\u00f3n, amenazas, lesiones y da\u00f1os.<\/p>\n<p style=\"text-align: justify;\">Al respecto, el persecutor penal agreg\u00f3 que \u201cse llev\u00f3 a efecto audiencia de control de la detenci\u00f3n la cual fue declarada legal\u201d, tras lo cual se efectu\u00f3 la formalizaci\u00f3n y \u201cse decret\u00f3 por el Tribunal la prisi\u00f3n preventiva del imputado y un plazo de investigaci\u00f3n de 90 d\u00edas\u201d.<\/p>\n<p style=\"text-align: justify;\">Durante el curso del plazo de investigaci\u00f3n la Fiscal\u00eda solicitar\u00e1 otras diligencias y pericias que ser\u00e1n trabajadas en coordinaci\u00f3n con la Polic\u00eda de Investigaciones de Chile. El plazo para el t\u00e9rmino de las indagatorias fue fijado en 90 d\u00edas.<\/p>\n<p style=\"text-align: justify;\">Finalmente, desde la PDI y el Ministerio P\u00fablico realizaron un llamado a la ciudadan\u00eda a realizar las denuncias para que este tipo de hechos pueda ser investigado.<\/p>\n<\/div><\/section><\/div><div  style='height:50px' class='hr hr-invisible   avia-builder-el-6  el_after_av_one_full  el_before_av_social_share '><span class='hr-inner ' ><span class='hr-inner-style'><\/span><\/span><\/div><\/p>\n<div  class='av-social-sharing-box  avia-builder-el-7  el_after_av_hr  el_before_av_hr  '><div class='av-share-box'><h5 class='av-share-link-description av-no-toc '>Compartir esta noticia<\/h5><ul class='av-share-box-list noLightbox'><li class='av-share-link av-social-link-facebook' ><a target=\"_blank\" aria-label=\"Compartir en Facebook\" href='https:\/\/www.facebook.com\/sharer.php?u=https:\/\/radiorevelacionfm.cl\/?p=8406&#038;t=PDI%20y%20Fiscal%C3%ADa%20investigan%20y%20detienen%20a%20imputado%20por%20el%20delito%20de%20violaci%C3%B3n' aria-hidden='false' data-av_icon='\ue8f3' data-av_iconfont='entypo-fontello' title='' data-avia-related-tooltip='Compartir en Facebook' rel=\"noopener\"><span class='avia_hidden_link_text'>Compartir en Facebook<\/span><\/a><\/li><li class='av-share-link av-social-link-twitter' ><a target=\"_blank\" aria-label=\"Compartir en Twitter\" href='https:\/\/twitter.com\/share?text=PDI%20y%20Fiscal%C3%ADa%20investigan%20y%20detienen%20a%20imputado%20por%20el%20delito%20de%20violaci%C3%B3n&#038;url=https:\/\/radiorevelacionfm.cl\/?p=8406' aria-hidden='false' data-av_icon='\ue8f1' data-av_iconfont='entypo-fontello' title='' data-avia-related-tooltip='Compartir en Twitter' rel=\"noopener\"><span class='avia_hidden_link_text'>Compartir en Twitter<\/span><\/a><\/li><li class='av-share-link av-social-link-whatsapp' ><a target=\"_blank\" aria-label=\"Compartir en Whatsapp\" href='https:\/\/api.whatsapp.com\/send?text=https:\/\/radiorevelacionfm.cl\/?p=8406' aria-hidden='false' data-av_icon='\uf232' data-av_iconfont='entypo-fontello' title='' data-avia-related-tooltip='Compartir en Whatsapp' rel=\"noopener\"><span class='avia_hidden_link_text'>Compartir en Whatsapp<\/span><\/a><\/li><li class='av-share-link av-social-link-linkedin' ><a target=\"_blank\" aria-label=\"Compartir en LinkedIn\" href='https:\/\/linkedin.com\/shareArticle?mini=true&#038;title=PDI%20y%20Fiscal%C3%ADa%20investigan%20y%20detienen%20a%20imputado%20por%20el%20delito%20de%20violaci%C3%B3n&#038;url=https:\/\/radiorevelacionfm.cl\/?p=8406' aria-hidden='false' data-av_icon='\ue8fc' data-av_iconfont='entypo-fontello' title='' data-avia-related-tooltip='Compartir en LinkedIn' rel=\"noopener\"><span class='avia_hidden_link_text'>Compartir en LinkedIn<\/span><\/a><\/li><li class='av-share-link av-social-link-mail' ><a  aria-label=\"Compartir por correo\" href='mailto:?subject=PDI%20y%20Fiscal%C3%ADa%20investigan%20y%20detienen%20a%20imputado%20por%20el%20delito%20de%20violaci%C3%B3n&#038;body=https:\/\/radiorevelacionfm.cl\/?p=8406' aria-hidden='false' data-av_icon='\ue805' data-av_iconfont='entypo-fontello' title='' data-avia-related-tooltip='Compartir por correo'><span class='avia_hidden_link_text'>Compartir por correo<\/span><\/a><\/li><\/ul><\/div><\/div>\n<div  style='height:50px' class='hr hr-invisible   avia-builder-el-8  el_after_av_social_share  el_before_av_comments_list '><span class='hr-inner ' ><span class='hr-inner-style'><\/span><\/span><\/div>\n<div  class='av-buildercomment  av-blog-meta-html-info-disabled av-blog-meta-tag-disabled  '><\/div>\n","protected":false},"excerpt":{"rendered":"","protected":false},"author":1,"featured_media":2506,"comment_status":"open","ping_status":"open","sticky":false,"template":"","format":"standard","meta":{"footnotes":""},"categories":[36],"tags":[],"class_list":["post-8406","post","type-post","status-publish","format-standard","has-post-thumbnail","hentry","category-policial"],"jetpack_featured_media_url":"https:\/\/radiorevelacionfm.cl\/wp-content\/uploads\/2021\/02\/pdi-001-1-1068x709_optimized.jpg","_links":{"self":[{"href":"https:\/\/radiorevelacionfm.cl\/index.php?rest_route=\/wp\/v2\/posts\/8406","targetHints":{"allow":["GET"]}}],"collection":[{"href":"https:\/\/radiorevelacionfm.cl\/index.php?rest_route=\/wp\/v2\/posts"}],"about":[{"href":"https:\/\/radiorevelacionfm.cl\/index.php?rest_route=\/wp\/v2\/types\/post"}],"author":[{"embeddable":true,"href":"https:\/\/radiorevelacionfm.cl\/index.php?rest_route=\/wp\/v2\/users\/1"}],"replies":[{"embeddable":true,"href":"https:\/\/radiorevelacionfm.cl\/index.php?rest_route=%2Fwp%2Fv2%2Fcomments&post=8406"}],"version-history":[{"count":1,"href":"https:\/\/radiorevelacionfm.cl\/index.php?rest_route=\/wp\/v2\/posts\/8406\/revisions"}],"predecessor-version":[{"id":8407,"href":"https:\/\/radiorevelacionfm.cl\/index.php?rest_route=\/wp\/v2\/posts\/8406\/revisions\/8407"}],"wp:featuredmedia":[{"embeddable":true,"href":"https:\/\/radiorevelacionfm.cl\/index.php?rest_route=\/wp\/v2\/media\/2506"}],"wp:attachment":[{"href":"https:\/\/radiorevelacionfm.cl\/index.php?rest_route=%2Fwp%2Fv2%2Fmedia&parent=8406"}],"wp:term":[{"taxonomy":"category","embeddable":true,"href":"https:\/\/radiorevelacionfm.cl\/index.php?rest_route=%2Fwp%2Fv2%2Fcategories&post=8406"},{"taxonomy":"post_tag","embeddable":true,"href":"https:\/\/radiorevelacionfm.cl\/index.php?rest_route=%2Fwp%2Fv2%2Ftags&post=8406"}],"curies":[{"name":"wp","href":"https:\/\/api.w.org\/{rel}","templated":true}]}}