{"id":8394,"date":"2021-09-07T09:32:53","date_gmt":"2021-09-07T12:32:53","guid":{"rendered":"https:\/\/radiorevelacionfm.cl\/?p=8394"},"modified":"2021-09-07T09:32:53","modified_gmt":"2021-09-07T12:32:53","slug":"jaime-briceno-presento-su-candidatura-a-diputado-desde-puerto-aysen","status":"publish","type":"post","link":"https:\/\/radiorevelacionfm.cl\/?p=8394","title":{"rendered":"Jaime Brice\u00f1o present\u00f3 su candidatura a diputado desde Puerto Ays\u00e9n"},"content":{"rendered":"<div class=\"flex_column av_one_full  flex_column_div av-zero-column-padding first  avia-builder-el-0  el_before_av_one_full  avia-builder-el-first  \" style='border-radius:0px; '><div  class='avia-image-container  av-styling-    avia-builder-el-1  avia-builder-el-no-sibling  avia-align-center '  itemprop=\"image\" itemscope=\"itemscope\" itemtype=\"https:\/\/schema.org\/ImageObject\"  ><div class='avia-image-container-inner'><div class='avia-image-overlay-wrap'><img decoding=\"async\" class='wp-image-8395 avia-img-lazy-loading-not-8395 avia_image' src=\"https:\/\/radiorevelacionfm.cl\/wp-content\/uploads\/2021\/09\/IMG_0491-1-1.jpg\" alt='' title='IMG_0491 (1) (1)' height=\"600\" width=\"900\"  itemprop=\"thumbnailUrl\" srcset=\"https:\/\/radiorevelacionfm.cl\/wp-content\/uploads\/2021\/09\/IMG_0491-1-1.jpg 900w, https:\/\/radiorevelacionfm.cl\/wp-content\/uploads\/2021\/09\/IMG_0491-1-1-300x200.jpg 300w, https:\/\/radiorevelacionfm.cl\/wp-content\/uploads\/2021\/09\/IMG_0491-1-1-768x512.jpg 768w, https:\/\/radiorevelacionfm.cl\/wp-content\/uploads\/2021\/09\/IMG_0491-1-1-705x470.jpg 705w, https:\/\/radiorevelacionfm.cl\/wp-content\/uploads\/2021\/09\/IMG_0491-1-1-600x400.jpg 600w\" sizes=\"(max-width: 900px) 100vw, 900px\" \/><\/div><\/div><\/div><\/div><div class=\"flex_column av_one_full  flex_column_div av-zero-column-padding first  avia-builder-el-2  el_after_av_one_full  el_before_av_one_full  column-top-margin\" style='border-radius:0px; '><section class=\"av_textblock_section \"  itemscope=\"itemscope\" itemtype=\"https:\/\/schema.org\/BlogPosting\" itemprop=\"blogPost\" ><div class='avia_textblock  '   itemprop=\"text\" ><p style=\"text-align: center;\"><span style=\"font-size: 18pt;\"><b>Jaime Brice\u00f1o present\u00f3 su candidatura a diputado desde Puerto Ays\u00e9n<\/b><\/span><\/p>\n<div id=\"gtx-trans\" style=\"position: absolute; left: -50px; top: 4.31534px;\">\n<div class=\"gtx-trans-icon\"><\/div>\n<\/div>\n<\/div><\/section><\/div><div class=\"flex_column av_one_full  flex_column_div av-zero-column-padding first  avia-builder-el-4  el_after_av_one_full  el_before_av_hr  column-top-margin\" style='border-radius:0px; '><section class=\"av_textblock_section \"  itemscope=\"itemscope\" itemtype=\"https:\/\/schema.org\/BlogPosting\" itemprop=\"blogPost\" ><div class='avia_textblock  '   itemprop=\"text\" ><p style=\"font-weight: 400; text-align: justify;\">Desde la comuna de Ays\u00e9n y acompa\u00f1ado de dirigentes, adherentes y su equipo, Jaime Brice\u00f1o Sazo present\u00f3 su candidatura a diputado por la regi\u00f3n. El aspirante a la C\u00e1mara Baja enfatiz\u00f3 en el sentido de unidad con el que Chile Podemos M\u00e1s debe enfrentar este desaf\u00edo electoral y que su principal sello ser\u00e1 poner a las personas en el centro de lo que ser\u00e1 su despliegue en terreno y ejes a presentar a la comunidad de cara al 21 de noviembre.<\/p>\n<p style=\"font-weight: 400; text-align: justify;\">Tras concluir una serie de visitas a diversos dirigentes sociales y emprendedores de la comuna, desde el sector costanera, el candidato a diputado, Jaime Brice\u00f1o manifest\u00f3 que \u201crecibimos la ratificaci\u00f3n de nuestra candidatura de parte del SERVEL con mucha alegr\u00eda y entusiasmo por el desaf\u00edo que hemos asumido por nuestra Regi\u00f3n de Ays\u00e9n. Esta comuna es uno de los lugares que m\u00e1s quiero, por ende, ha sido muy importante comenzar junto a dirigentes, amigos, cercanos y vecinos\u201d.<\/p>\n<p style=\"font-weight: 400; text-align: justify;\">\u201cTenemos muy claro que las personas votan por personas, la pol\u00edtica no puede seguir siendo un fin sino que un medio para que las cosas pasen. Por ello, parte del esp\u00edritu de esta campa\u00f1a es apoyar a Sebasti\u00e1n Sichel desde el territorio y trabajaremos en equipo para que sea el pr\u00f3ximo presidente de Chile, tambi\u00e9n con mucho sentido de unidad junto a nuestra coalici\u00f3n aspiramos a lograr elegir dos diputados y ocho consejeros regionales\u201d, agreg\u00f3 Brice\u00f1o.<\/p>\n<p style=\"font-weight: 400; text-align: justify;\">\u201cPara lograrlo pondremos mucho esfuerzo y trabajo, caminando y escuchando para que la gente nos conozca. Nosotros pondremos a las personas en el centro, los pol\u00edticos no importan, lo que importa son las personas y tenemos que hacer que el Estado se acerque mucho m\u00e1s a la gente\u201d, concluy\u00f3.<\/p>\n<p style=\"font-weight: 400; text-align: justify;\">En tanto, M\u00f3nica Z\u00fa\u00f1iga, vecina de Puerto Ays\u00e9n, coment\u00f3 que \u201cesta es una excelente oportunidad para que seamos representados en el parlamento desde nuestra comuna, conozco hace a\u00f1os a Jaime, desde el liceo y creo que es un joven profesional preparado, que tiene toda la capacidad para generar los cambios necesarios y sacar adelante a la regi\u00f3n\u201d.<\/p>\n<\/div><\/section><\/div><div  style='height:50px' class='hr hr-invisible   avia-builder-el-6  el_after_av_one_full  el_before_av_social_share '><span class='hr-inner ' ><span class='hr-inner-style'><\/span><\/span><\/div><\/p>\n<div  class='av-social-sharing-box  avia-builder-el-7  el_after_av_hr  el_before_av_hr  '><div class='av-share-box'><h5 class='av-share-link-description av-no-toc '>Compartir esta noticia<\/h5><ul class='av-share-box-list noLightbox'><li class='av-share-link av-social-link-facebook' ><a target=\"_blank\" aria-label=\"Compartir en Facebook\" href='https:\/\/www.facebook.com\/sharer.php?u=https:\/\/radiorevelacionfm.cl\/?p=8394&#038;t=Jaime%20Brice%C3%B1o%20present%C3%B3%20su%20candidatura%20a%20diputado%20desde%20Puerto%20Ays%C3%A9n' aria-hidden='false' data-av_icon='\ue8f3' data-av_iconfont='entypo-fontello' title='' data-avia-related-tooltip='Compartir en Facebook' rel=\"noopener\"><span class='avia_hidden_link_text'>Compartir en Facebook<\/span><\/a><\/li><li class='av-share-link av-social-link-twitter' ><a target=\"_blank\" aria-label=\"Compartir en Twitter\" href='https:\/\/twitter.com\/share?text=Jaime%20Brice%C3%B1o%20present%C3%B3%20su%20candidatura%20a%20diputado%20desde%20Puerto%20Ays%C3%A9n&#038;url=https:\/\/radiorevelacionfm.cl\/?p=8394' aria-hidden='false' data-av_icon='\ue8f1' data-av_iconfont='entypo-fontello' title='' data-avia-related-tooltip='Compartir en Twitter' rel=\"noopener\"><span class='avia_hidden_link_text'>Compartir en Twitter<\/span><\/a><\/li><li class='av-share-link av-social-link-whatsapp' ><a target=\"_blank\" aria-label=\"Compartir en Whatsapp\" href='https:\/\/api.whatsapp.com\/send?text=https:\/\/radiorevelacionfm.cl\/?p=8394' aria-hidden='false' data-av_icon='\uf232' data-av_iconfont='entypo-fontello' title='' data-avia-related-tooltip='Compartir en Whatsapp' rel=\"noopener\"><span class='avia_hidden_link_text'>Compartir en Whatsapp<\/span><\/a><\/li><li class='av-share-link av-social-link-linkedin' ><a target=\"_blank\" aria-label=\"Compartir en LinkedIn\" href='https:\/\/linkedin.com\/shareArticle?mini=true&#038;title=Jaime%20Brice%C3%B1o%20present%C3%B3%20su%20candidatura%20a%20diputado%20desde%20Puerto%20Ays%C3%A9n&#038;url=https:\/\/radiorevelacionfm.cl\/?p=8394' aria-hidden='false' data-av_icon='\ue8fc' data-av_iconfont='entypo-fontello' title='' data-avia-related-tooltip='Compartir en LinkedIn' rel=\"noopener\"><span class='avia_hidden_link_text'>Compartir en LinkedIn<\/span><\/a><\/li><li class='av-share-link av-social-link-mail' ><a  aria-label=\"Compartir por correo\" href='mailto:?subject=Jaime%20Brice%C3%B1o%20present%C3%B3%20su%20candidatura%20a%20diputado%20desde%20Puerto%20Ays%C3%A9n&#038;body=https:\/\/radiorevelacionfm.cl\/?p=8394' aria-hidden='false' data-av_icon='\ue805' data-av_iconfont='entypo-fontello' title='' data-avia-related-tooltip='Compartir por correo'><span class='avia_hidden_link_text'>Compartir por correo<\/span><\/a><\/li><\/ul><\/div><\/div>\n<div  style='height:50px' class='hr hr-invisible   avia-builder-el-8  el_after_av_social_share  el_before_av_comments_list '><span class='hr-inner ' ><span class='hr-inner-style'><\/span><\/span><\/div>\n<div  class='av-buildercomment  av-blog-meta-html-info-disabled av-blog-meta-tag-disabled  '><\/div>\n","protected":false},"excerpt":{"rendered":"","protected":false},"author":1,"featured_media":8395,"comment_status":"open","ping_status":"open","sticky":false,"template":"","format":"standard","meta":{"footnotes":""},"categories":[35],"tags":[],"class_list":["post-8394","post","type-post","status-publish","format-standard","has-post-thumbnail","hentry","category-politica"],"jetpack_featured_media_url":"https:\/\/radiorevelacionfm.cl\/wp-content\/uploads\/2021\/09\/IMG_0491-1-1.jpg","_links":{"self":[{"href":"https:\/\/radiorevelacionfm.cl\/index.php?rest_route=\/wp\/v2\/posts\/8394","targetHints":{"allow":["GET"]}}],"collection":[{"href":"https:\/\/radiorevelacionfm.cl\/index.php?rest_route=\/wp\/v2\/posts"}],"about":[{"href":"https:\/\/radiorevelacionfm.cl\/index.php?rest_route=\/wp\/v2\/types\/post"}],"author":[{"embeddable":true,"href":"https:\/\/radiorevelacionfm.cl\/index.php?rest_route=\/wp\/v2\/users\/1"}],"replies":[{"embeddable":true,"href":"https:\/\/radiorevelacionfm.cl\/index.php?rest_route=%2Fwp%2Fv2%2Fcomments&post=8394"}],"version-history":[{"count":1,"href":"https:\/\/radiorevelacionfm.cl\/index.php?rest_route=\/wp\/v2\/posts\/8394\/revisions"}],"predecessor-version":[{"id":8396,"href":"https:\/\/radiorevelacionfm.cl\/index.php?rest_route=\/wp\/v2\/posts\/8394\/revisions\/8396"}],"wp:featuredmedia":[{"embeddable":true,"href":"https:\/\/radiorevelacionfm.cl\/index.php?rest_route=\/wp\/v2\/media\/8395"}],"wp:attachment":[{"href":"https:\/\/radiorevelacionfm.cl\/index.php?rest_route=%2Fwp%2Fv2%2Fmedia&parent=8394"}],"wp:term":[{"taxonomy":"category","embeddable":true,"href":"https:\/\/radiorevelacionfm.cl\/index.php?rest_route=%2Fwp%2Fv2%2Fcategories&post=8394"},{"taxonomy":"post_tag","embeddable":true,"href":"https:\/\/radiorevelacionfm.cl\/index.php?rest_route=%2Fwp%2Fv2%2Ftags&post=8394"}],"curies":[{"name":"wp","href":"https:\/\/api.w.org\/{rel}","templated":true}]}}