{"id":8390,"date":"2021-09-06T22:24:13","date_gmt":"2021-09-07T01:24:13","guid":{"rendered":"https:\/\/radiorevelacionfm.cl\/?p=8390"},"modified":"2021-09-06T23:05:31","modified_gmt":"2021-09-07T02:05:31","slug":"gastronomicos-solicitan-a-delegada-regional-la-derogacion-del-toque-de-queda","status":"publish","type":"post","link":"https:\/\/radiorevelacionfm.cl\/?p=8390","title":{"rendered":"Gastron\u00f3micos solicitan a Delegada Regional la derogaci\u00f3n del toque de queda"},"content":{"rendered":"<div class=\"flex_column av_one_full  flex_column_div av-zero-column-padding first  avia-builder-el-0  el_before_av_one_full  avia-builder-el-first  \" style='border-radius:0px; '><div  class='avia-image-container  av-styling-    avia-builder-el-1  avia-builder-el-no-sibling  avia-align-center '  itemprop=\"image\" itemscope=\"itemscope\" itemtype=\"https:\/\/schema.org\/ImageObject\"  ><div class='avia-image-container-inner'><div class='avia-image-overlay-wrap'><img decoding=\"async\" class='wp-image-8391 avia-img-lazy-loading-not-8391 avia_image' src=\"https:\/\/radiorevelacionfm.cl\/wp-content\/uploads\/2021\/09\/1-63-1_optimized.jpg\" alt='' title='1-(63)-(1)_optimized' height=\"600\" width=\"800\"  itemprop=\"thumbnailUrl\" srcset=\"https:\/\/radiorevelacionfm.cl\/wp-content\/uploads\/2021\/09\/1-63-1_optimized.jpg 800w, https:\/\/radiorevelacionfm.cl\/wp-content\/uploads\/2021\/09\/1-63-1_optimized-300x225.jpg 300w, https:\/\/radiorevelacionfm.cl\/wp-content\/uploads\/2021\/09\/1-63-1_optimized-768x576.jpg 768w, https:\/\/radiorevelacionfm.cl\/wp-content\/uploads\/2021\/09\/1-63-1_optimized-705x529.jpg 705w, https:\/\/radiorevelacionfm.cl\/wp-content\/uploads\/2021\/09\/1-63-1_optimized-600x450.jpg 600w\" sizes=\"(max-width: 800px) 100vw, 800px\" \/><\/div><\/div><\/div><\/div>\n<div class=\"flex_column av_one_full  flex_column_div av-zero-column-padding first  avia-builder-el-2  el_after_av_one_full  el_before_av_one_full  column-top-margin\" style='border-radius:0px; '><section class=\"av_textblock_section \"  itemscope=\"itemscope\" itemtype=\"https:\/\/schema.org\/BlogPosting\" itemprop=\"blogPost\" ><div class='avia_textblock  '   itemprop=\"text\" ><p style=\"text-align: center;\"><strong><span style=\"font-size: 18pt;\">Gastron\u00f3micos solicitan a Delegada Regional la derogaci\u00f3n del toque de queda <\/span><\/strong><\/p>\n<div id=\"gtx-trans\" style=\"position: absolute; left: -50px; top: 4.31534px;\">\n<div class=\"gtx-trans-icon\"><\/div>\n<\/div>\n<\/div><\/section><\/div><div class=\"flex_column av_one_full  flex_column_div av-zero-column-padding first  avia-builder-el-4  el_after_av_one_full  el_before_av_hr  column-top-margin\" style='border-radius:0px; '><section class=\"av_textblock_section \"  itemscope=\"itemscope\" itemtype=\"https:\/\/schema.org\/BlogPosting\" itemprop=\"blogPost\" ><div class='avia_textblock  '   itemprop=\"text\" ><p style=\"text-align: justify;\">Acompa\u00f1ada del candidato al Consejo Regional, Diego Betancourt, lleg\u00f3 hasta el edificio de la ex Intendencia la Presidenta del Sindicato de Trabajadores y Trabajadoras de la Gastronom\u00eda y Actividades Conexas de Coyhaique, Silvia Hueitria. Seg\u00fan la misiva redactada por el postulante al consejo y la destacada dirigente sindical y productiva: \u201cen nuestra regi\u00f3n debemos pensar en la reactivaci\u00f3n econ\u00f3mica y ver c\u00f3mo volvemos a reavivar el comercio, por lo que mantener una medida como el toque de queda es seguir perjudicando a quienes trabajan a altas horas de la noche, limitando sus horas de funcionamiento y en consecuencia los ingresos econ\u00f3micos de estas familias\u201d.<\/p>\n<p style=\"text-align: justify;\">Diego Betancourt, candidato a consejero regional por el Partido Socialista en la provincia de Coyhaique, explic\u00f3 que esta misiva a la delegada presidencial es una solicitud para que se levante totalmente el toque de queda permitiendo que micro y peque\u00f1as empresas se reactiven. \u201cEsta fue una medida sanitaria que se entend\u00eda por el nivel de contagio, hoy creemos que est\u00e1 harto m\u00e1s controlado y necesitamos que esa medida termine. Es necesario generar las acciones desde hoy pensando en la reactivaci\u00f3n econ\u00f3mica y que tenemos una econom\u00eda muy golpeada por la pandemia, siendo el Toque de Queda un lastre para emprendedores y emprendedoras de nuestro territorio\u201d.<\/p>\n<p style=\"text-align: justify;\">Silvia Hueitria, presidenta del Sindicato de Trabajadores y Trabajadoras de la Gastronom\u00eda y Actividades Conexas de Coyhaique, explic\u00f3 que el objetivo es flexibilizar o definitivamente levantar el toque de queda. \u201cNuestros trabajadores que trabajan despu\u00e9s de las 00,00 horas puedan seguir trabajando porque ellos est\u00e1n trabajando a media marcha y sus ingresos siguen siendo mermados. Hoy queremos hacer un llamado a las autoridades y a nuestra poblaci\u00f3n a que sig\u00e1monos cuid\u00e1ndonos y creo que los n\u00fameros que tenemos nos merecemos un avance en esto y es que de esta forma cuidaremos y apoyaremos a las Pymes que son las que nos dan trabajo en este momento\u201d.<\/p>\n<p style=\"text-align: justify;\">La misiva firmada por el candidato a consejero regional\u00a0 y la representante de los trabajadores, finaliza con un llamado directo a las m\u00e1xima autoridad de gobierno en la Regi\u00f3n de Ays\u00e9n, diciendo: \u201cSra. Delegada, si bien se reconoce que hoy contamos con el IFE e incluso con los tres retiros del 10% de nuestros propios ahorros para nuestras pensiones, ninguna de estas medidas ser\u00e1n eternas. Por lo tanto, creemos que es urgente poder tomar medidas para reactivar el comercio regional, siendo una de ellas la suspensi\u00f3n definitiva del toque de queda\u201d.<\/p>\n<\/div><\/section><\/div><\/p>\n<div  style='height:50px' class='hr hr-invisible   avia-builder-el-6  el_after_av_one_full  el_before_av_social_share '><span class='hr-inner ' ><span class='hr-inner-style'><\/span><\/span><\/div>\n<div  class='av-social-sharing-box  avia-builder-el-7  el_after_av_hr  el_before_av_hr  '><div class='av-share-box'><h5 class='av-share-link-description av-no-toc '>Compartir esta noticia<\/h5><ul class='av-share-box-list noLightbox'><li class='av-share-link av-social-link-facebook' ><a target=\"_blank\" aria-label=\"Compartir en Facebook\" href='https:\/\/www.facebook.com\/sharer.php?u=https:\/\/radiorevelacionfm.cl\/?p=8390&#038;t=Gastron%C3%B3micos%20solicitan%20a%20Delegada%20Regional%20la%20derogaci%C3%B3n%20del%20toque%20de%20queda' aria-hidden='false' data-av_icon='\ue8f3' data-av_iconfont='entypo-fontello' title='' data-avia-related-tooltip='Compartir en Facebook' rel=\"noopener\"><span class='avia_hidden_link_text'>Compartir en Facebook<\/span><\/a><\/li><li class='av-share-link av-social-link-twitter' ><a target=\"_blank\" aria-label=\"Compartir en Twitter\" href='https:\/\/twitter.com\/share?text=Gastron%C3%B3micos%20solicitan%20a%20Delegada%20Regional%20la%20derogaci%C3%B3n%20del%20toque%20de%20queda&#038;url=https:\/\/radiorevelacionfm.cl\/?p=8390' aria-hidden='false' data-av_icon='\ue8f1' data-av_iconfont='entypo-fontello' title='' data-avia-related-tooltip='Compartir en Twitter' rel=\"noopener\"><span class='avia_hidden_link_text'>Compartir en Twitter<\/span><\/a><\/li><li class='av-share-link av-social-link-whatsapp' ><a target=\"_blank\" aria-label=\"Compartir en Whatsapp\" href='https:\/\/api.whatsapp.com\/send?text=https:\/\/radiorevelacionfm.cl\/?p=8390' aria-hidden='false' data-av_icon='\uf232' data-av_iconfont='entypo-fontello' title='' data-avia-related-tooltip='Compartir en Whatsapp' rel=\"noopener\"><span class='avia_hidden_link_text'>Compartir en Whatsapp<\/span><\/a><\/li><li class='av-share-link av-social-link-linkedin' ><a target=\"_blank\" aria-label=\"Compartir en LinkedIn\" href='https:\/\/linkedin.com\/shareArticle?mini=true&#038;title=Gastron%C3%B3micos%20solicitan%20a%20Delegada%20Regional%20la%20derogaci%C3%B3n%20del%20toque%20de%20queda&#038;url=https:\/\/radiorevelacionfm.cl\/?p=8390' aria-hidden='false' data-av_icon='\ue8fc' data-av_iconfont='entypo-fontello' title='' data-avia-related-tooltip='Compartir en LinkedIn' rel=\"noopener\"><span class='avia_hidden_link_text'>Compartir en LinkedIn<\/span><\/a><\/li><li class='av-share-link av-social-link-mail' ><a  aria-label=\"Compartir por correo\" href='mailto:?subject=Gastron%C3%B3micos%20solicitan%20a%20Delegada%20Regional%20la%20derogaci%C3%B3n%20del%20toque%20de%20queda&#038;body=https:\/\/radiorevelacionfm.cl\/?p=8390' aria-hidden='false' data-av_icon='\ue805' data-av_iconfont='entypo-fontello' title='' data-avia-related-tooltip='Compartir por correo'><span class='avia_hidden_link_text'>Compartir por correo<\/span><\/a><\/li><\/ul><\/div><\/div>\n<div  style='height:50px' class='hr hr-invisible   avia-builder-el-8  el_after_av_social_share  el_before_av_comments_list '><span class='hr-inner ' ><span class='hr-inner-style'><\/span><\/span><\/div>\n<div  class='av-buildercomment  av-blog-meta-html-info-disabled av-blog-meta-tag-disabled  '><\/div>\n","protected":false},"excerpt":{"rendered":"","protected":false},"author":1,"featured_media":8391,"comment_status":"open","ping_status":"open","sticky":false,"template":"","format":"standard","meta":{"footnotes":""},"categories":[38],"tags":[],"class_list":["post-8390","post","type-post","status-publish","format-standard","has-post-thumbnail","hentry","category-regional"],"jetpack_featured_media_url":"https:\/\/radiorevelacionfm.cl\/wp-content\/uploads\/2021\/09\/1-63-1_optimized.jpg","_links":{"self":[{"href":"https:\/\/radiorevelacionfm.cl\/index.php?rest_route=\/wp\/v2\/posts\/8390","targetHints":{"allow":["GET"]}}],"collection":[{"href":"https:\/\/radiorevelacionfm.cl\/index.php?rest_route=\/wp\/v2\/posts"}],"about":[{"href":"https:\/\/radiorevelacionfm.cl\/index.php?rest_route=\/wp\/v2\/types\/post"}],"author":[{"embeddable":true,"href":"https:\/\/radiorevelacionfm.cl\/index.php?rest_route=\/wp\/v2\/users\/1"}],"replies":[{"embeddable":true,"href":"https:\/\/radiorevelacionfm.cl\/index.php?rest_route=%2Fwp%2Fv2%2Fcomments&post=8390"}],"version-history":[{"count":3,"href":"https:\/\/radiorevelacionfm.cl\/index.php?rest_route=\/wp\/v2\/posts\/8390\/revisions"}],"predecessor-version":[{"id":8404,"href":"https:\/\/radiorevelacionfm.cl\/index.php?rest_route=\/wp\/v2\/posts\/8390\/revisions\/8404"}],"wp:featuredmedia":[{"embeddable":true,"href":"https:\/\/radiorevelacionfm.cl\/index.php?rest_route=\/wp\/v2\/media\/8391"}],"wp:attachment":[{"href":"https:\/\/radiorevelacionfm.cl\/index.php?rest_route=%2Fwp%2Fv2%2Fmedia&parent=8390"}],"wp:term":[{"taxonomy":"category","embeddable":true,"href":"https:\/\/radiorevelacionfm.cl\/index.php?rest_route=%2Fwp%2Fv2%2Fcategories&post=8390"},{"taxonomy":"post_tag","embeddable":true,"href":"https:\/\/radiorevelacionfm.cl\/index.php?rest_route=%2Fwp%2Fv2%2Ftags&post=8390"}],"curies":[{"name":"wp","href":"https:\/\/api.w.org\/{rel}","templated":true}]}}