{"id":8387,"date":"2021-09-07T10:03:02","date_gmt":"2021-09-07T13:03:02","guid":{"rendered":"https:\/\/radiorevelacionfm.cl\/?p=8387"},"modified":"2021-09-07T10:03:02","modified_gmt":"2021-09-07T13:03:02","slug":"se-lanza-oficialmente-el-encuentro-nacional-de-gobiernos-regionales","status":"publish","type":"post","link":"https:\/\/radiorevelacionfm.cl\/?p=8387","title":{"rendered":"Se lanza oficialmente el Encuentro Nacional de Gobiernos Regionales"},"content":{"rendered":"<div class=\"flex_column av_one_full  flex_column_div av-zero-column-padding first  avia-builder-el-0  el_before_av_one_full  avia-builder-el-first  \" style='border-radius:0px; '><div  class='avia-image-container  av-styling-    avia-builder-el-1  avia-builder-el-no-sibling  avia-align-center '  itemprop=\"image\" itemscope=\"itemscope\" itemtype=\"https:\/\/schema.org\/ImageObject\"  ><div class='avia-image-container-inner'><div class='avia-image-overlay-wrap'><img decoding=\"async\" class='wp-image-8388 avia-img-lazy-loading-not-8388 avia_image' src=\"https:\/\/radiorevelacionfm.cl\/wp-content\/uploads\/2021\/09\/gobernadora1-1-1.jpg\" alt='' title='gobernadora1 (1) (1)' height=\"600\" width=\"1017\"  itemprop=\"thumbnailUrl\" srcset=\"https:\/\/radiorevelacionfm.cl\/wp-content\/uploads\/2021\/09\/gobernadora1-1-1.jpg 1017w, https:\/\/radiorevelacionfm.cl\/wp-content\/uploads\/2021\/09\/gobernadora1-1-1-300x177.jpg 300w, https:\/\/radiorevelacionfm.cl\/wp-content\/uploads\/2021\/09\/gobernadora1-1-1-768x453.jpg 768w, https:\/\/radiorevelacionfm.cl\/wp-content\/uploads\/2021\/09\/gobernadora1-1-1-705x416.jpg 705w, https:\/\/radiorevelacionfm.cl\/wp-content\/uploads\/2021\/09\/gobernadora1-1-1-600x354.jpg 600w\" sizes=\"(max-width: 1017px) 100vw, 1017px\" \/><\/div><\/div><\/div><\/div><div class=\"flex_column av_one_full  flex_column_div av-zero-column-padding first  avia-builder-el-2  el_after_av_one_full  el_before_av_one_full  column-top-margin\" style='border-radius:0px; '><section class=\"av_textblock_section \"  itemscope=\"itemscope\" itemtype=\"https:\/\/schema.org\/BlogPosting\" itemprop=\"blogPost\" ><div class='avia_textblock  '   itemprop=\"text\" ><p style=\"text-align: center;\"><span style=\"font-size: 18pt;\"><b>Se lanza oficialmente el Encuentro Nacional de Gobiernos Regionales<\/b><\/span><\/p>\n<div id=\"gtx-trans\" style=\"position: absolute; left: -50px; top: 4.31534px;\">\n<div class=\"gtx-trans-icon\"><\/div>\n<\/div>\n<\/div><\/section><\/div><div class=\"flex_column av_one_full  flex_column_div av-zero-column-padding first  avia-builder-el-4  el_after_av_one_full  el_before_av_hr  column-top-margin\" style='border-radius:0px; '><section class=\"av_textblock_section \"  itemscope=\"itemscope\" itemtype=\"https:\/\/schema.org\/BlogPosting\" itemprop=\"blogPost\" ><div class='avia_textblock  '   itemprop=\"text\" ><p style=\"text-align: justify;\">La cita, mandatada desde la Asociaci\u00f3n Nacional de Gobiernos Regionales, en formaci\u00f3n, se desarrollar\u00e1 en la regi\u00f3n del B\u00edo B\u00edo los d\u00edas 8, 9 y 10 de septiembre. Durante su lanzamiento, la Gobernadora Mac\u00edas invit\u00f3 a ser parte de las transmisiones en vivo.<\/p>\n<p style=\"text-align: justify;\">V\u00eda streaming y en coordinaci\u00f3n con las y los dem\u00e1s Gobernadores Regionales del pa\u00eds, se lanz\u00f3 el Encuentro Nacional de Gobiernos Regionales, cita que tendr\u00e1 lugar en la ciudad de Concepci\u00f3n los d\u00edas 8, 9 y 10 de septiembre.<\/p>\n<p style=\"text-align: justify;\">En la oportunidad, las y los 16 Gobernadores se reunir\u00e1n para marcar un hito en materia de descentralizaci\u00f3n, generando demandas en traspaso de competencias y otras \u00e1reas cr\u00edticas para la naciente institucionalidad. Adem\u00e1s, se escuchar\u00e1n las propuestas de las y los candidatos a la Presidencia, quienes han sido invitados a participar y exponer su agenda regional.<\/p>\n<p style=\"text-align: justify;\">Durante el lanzamiento, la Gobernadora Regional de Ays\u00e9n, Andrea Mac\u00edas Palma, hizo hincapi\u00e9 en lo trascendental de las jornadas, destacando el mandato de la Asociaci\u00f3n Nacional de Gobiernos Regionales respecto de empujar la consecuci\u00f3n de mayores recursos y competencias para solventar las necesidades de la poblaci\u00f3n.<\/p>\n<p style=\"text-align: justify;\">\u00abChile cambi\u00f3 y as\u00ed tambi\u00e9n lo hacen las distintas comunidades, empoder\u00e1ndose de sus procesos, exigiendo un Nuevo Trato con un centralismo asfixiante al que nos tiene acostumbrado la \u00e9lite pol\u00edtica y su administraci\u00f3n. Sumado a esto, nuestras mujeres empujan por espacios de representaci\u00f3n y por nuevas formas en el quehacer p\u00fablico.\u00bb, indic\u00f3 la Gobernadora Mac\u00edas.<\/p>\n<p style=\"text-align: justify;\">Sobre la din\u00e1mica del Encuentro, se detall\u00f3 que el 8 de septiembre se realizar\u00e1 una recepci\u00f3n cultural en el Teatro Regional del Biob\u00edo con las delegaciones presentes. Luego, el 9 de septiembre, tendr\u00e1 lugar la jornada de trabajo en comisiones, donde los equipos regionales se dividir\u00e1n en siete mesas tem\u00e1ticas para levantar propuestas y demandas. El 10 de septiembre, las y los Gobernadores expondr\u00e1n los resultados de las comisiones ante los poderes del Estado y, finalmente, las y los candidatos a la Presidencia comunicar\u00e1n p\u00fablicamente su agenda regional de cara al pr\u00f3ximo per\u00edodo.<\/p>\n<p style=\"text-align: justify;\">\u00abHoy, estamos frente a una posibilidad \u00fanica, de empoderar a un nuevo actor\/a en el panorama regional, que responda a las demandas de los menos escuchados, sin estar afecto a los vaivenes del gobierno central de turno o al imperativo partidario; un\/a gobernador\/a regional capaz de poner en evidencia las problem\u00e1ticas regionales, por sobre las mezquindades particulares. Aquella persona que deja de mirar al centro, para mirar de frente a sus comunidades, respondiendo a ellas\u00bb, finaliz\u00f3 la m\u00e1xima autoridad regional.<\/p>\n<\/div><\/section><\/div><div  style='height:50px' class='hr hr-invisible   avia-builder-el-6  el_after_av_one_full  el_before_av_social_share '><span class='hr-inner ' ><span class='hr-inner-style'><\/span><\/span><\/div><\/p>\n<div  class='av-social-sharing-box  avia-builder-el-7  el_after_av_hr  el_before_av_hr  '><div class='av-share-box'><h5 class='av-share-link-description av-no-toc '>Compartir esta noticia<\/h5><ul class='av-share-box-list noLightbox'><li class='av-share-link av-social-link-facebook' ><a target=\"_blank\" aria-label=\"Compartir en Facebook\" href='https:\/\/www.facebook.com\/sharer.php?u=https:\/\/radiorevelacionfm.cl\/?p=8387&#038;t=Se%20lanza%20oficialmente%20el%20Encuentro%20Nacional%20de%20Gobiernos%20Regionales' aria-hidden='false' data-av_icon='\ue8f3' data-av_iconfont='entypo-fontello' title='' data-avia-related-tooltip='Compartir en Facebook' rel=\"noopener\"><span class='avia_hidden_link_text'>Compartir en Facebook<\/span><\/a><\/li><li class='av-share-link av-social-link-twitter' ><a target=\"_blank\" aria-label=\"Compartir en Twitter\" href='https:\/\/twitter.com\/share?text=Se%20lanza%20oficialmente%20el%20Encuentro%20Nacional%20de%20Gobiernos%20Regionales&#038;url=https:\/\/radiorevelacionfm.cl\/?p=8387' aria-hidden='false' data-av_icon='\ue8f1' data-av_iconfont='entypo-fontello' title='' data-avia-related-tooltip='Compartir en Twitter' rel=\"noopener\"><span class='avia_hidden_link_text'>Compartir en Twitter<\/span><\/a><\/li><li class='av-share-link av-social-link-whatsapp' ><a target=\"_blank\" aria-label=\"Compartir en Whatsapp\" href='https:\/\/api.whatsapp.com\/send?text=https:\/\/radiorevelacionfm.cl\/?p=8387' aria-hidden='false' data-av_icon='\uf232' data-av_iconfont='entypo-fontello' title='' data-avia-related-tooltip='Compartir en Whatsapp' rel=\"noopener\"><span class='avia_hidden_link_text'>Compartir en Whatsapp<\/span><\/a><\/li><li class='av-share-link av-social-link-linkedin' ><a target=\"_blank\" aria-label=\"Compartir en LinkedIn\" href='https:\/\/linkedin.com\/shareArticle?mini=true&#038;title=Se%20lanza%20oficialmente%20el%20Encuentro%20Nacional%20de%20Gobiernos%20Regionales&#038;url=https:\/\/radiorevelacionfm.cl\/?p=8387' aria-hidden='false' data-av_icon='\ue8fc' data-av_iconfont='entypo-fontello' title='' data-avia-related-tooltip='Compartir en LinkedIn' rel=\"noopener\"><span class='avia_hidden_link_text'>Compartir en LinkedIn<\/span><\/a><\/li><li class='av-share-link av-social-link-mail' ><a  aria-label=\"Compartir por correo\" href='mailto:?subject=Se%20lanza%20oficialmente%20el%20Encuentro%20Nacional%20de%20Gobiernos%20Regionales&#038;body=https:\/\/radiorevelacionfm.cl\/?p=8387' aria-hidden='false' data-av_icon='\ue805' data-av_iconfont='entypo-fontello' title='' data-avia-related-tooltip='Compartir por correo'><span class='avia_hidden_link_text'>Compartir por correo<\/span><\/a><\/li><\/ul><\/div><\/div>\n<div  style='height:50px' class='hr hr-invisible   avia-builder-el-8  el_after_av_social_share  el_before_av_comments_list '><span class='hr-inner ' ><span class='hr-inner-style'><\/span><\/span><\/div>\n<div  class='av-buildercomment  av-blog-meta-html-info-disabled av-blog-meta-tag-disabled  '><\/div>\n","protected":false},"excerpt":{"rendered":"","protected":false},"author":1,"featured_media":8388,"comment_status":"open","ping_status":"open","sticky":false,"template":"","format":"standard","meta":{"footnotes":""},"categories":[38],"tags":[],"class_list":["post-8387","post","type-post","status-publish","format-standard","has-post-thumbnail","hentry","category-regional"],"jetpack_featured_media_url":"https:\/\/radiorevelacionfm.cl\/wp-content\/uploads\/2021\/09\/gobernadora1-1-1.jpg","_links":{"self":[{"href":"https:\/\/radiorevelacionfm.cl\/index.php?rest_route=\/wp\/v2\/posts\/8387","targetHints":{"allow":["GET"]}}],"collection":[{"href":"https:\/\/radiorevelacionfm.cl\/index.php?rest_route=\/wp\/v2\/posts"}],"about":[{"href":"https:\/\/radiorevelacionfm.cl\/index.php?rest_route=\/wp\/v2\/types\/post"}],"author":[{"embeddable":true,"href":"https:\/\/radiorevelacionfm.cl\/index.php?rest_route=\/wp\/v2\/users\/1"}],"replies":[{"embeddable":true,"href":"https:\/\/radiorevelacionfm.cl\/index.php?rest_route=%2Fwp%2Fv2%2Fcomments&post=8387"}],"version-history":[{"count":1,"href":"https:\/\/radiorevelacionfm.cl\/index.php?rest_route=\/wp\/v2\/posts\/8387\/revisions"}],"predecessor-version":[{"id":8389,"href":"https:\/\/radiorevelacionfm.cl\/index.php?rest_route=\/wp\/v2\/posts\/8387\/revisions\/8389"}],"wp:featuredmedia":[{"embeddable":true,"href":"https:\/\/radiorevelacionfm.cl\/index.php?rest_route=\/wp\/v2\/media\/8388"}],"wp:attachment":[{"href":"https:\/\/radiorevelacionfm.cl\/index.php?rest_route=%2Fwp%2Fv2%2Fmedia&parent=8387"}],"wp:term":[{"taxonomy":"category","embeddable":true,"href":"https:\/\/radiorevelacionfm.cl\/index.php?rest_route=%2Fwp%2Fv2%2Fcategories&post=8387"},{"taxonomy":"post_tag","embeddable":true,"href":"https:\/\/radiorevelacionfm.cl\/index.php?rest_route=%2Fwp%2Fv2%2Ftags&post=8387"}],"curies":[{"name":"wp","href":"https:\/\/api.w.org\/{rel}","templated":true}]}}