{"id":8377,"date":"2021-09-06T17:48:41","date_gmt":"2021-09-06T20:48:41","guid":{"rendered":"https:\/\/radiorevelacionfm.cl\/?p=8377"},"modified":"2021-09-06T17:48:41","modified_gmt":"2021-09-06T20:48:41","slug":"se-retomaron-servicios-de-transporte-subvencionado-ruta-melinka-repollal","status":"publish","type":"post","link":"https:\/\/radiorevelacionfm.cl\/?p=8377","title":{"rendered":"Se retomaron servicios de transporte subvencionado ruta Melinka-Repollal"},"content":{"rendered":"<div class=\"flex_column av_one_full  flex_column_div av-zero-column-padding first  avia-builder-el-0  el_before_av_one_full  avia-builder-el-first  \" style='border-radius:0px; '><div  class='avia-image-container  av-styling-    avia-builder-el-1  avia-builder-el-no-sibling  avia-align-center '  itemprop=\"image\" itemscope=\"itemscope\" itemtype=\"https:\/\/schema.org\/ImageObject\"  ><div class='avia-image-container-inner'><div class='avia-image-overlay-wrap'><img decoding=\"async\" class='wp-image-8378 avia-img-lazy-loading-not-8378 avia_image' src=\"https:\/\/radiorevelacionfm.cl\/wp-content\/uploads\/2021\/09\/bus-melinka-repollal-1_optimized.jpg\" alt='' title='bus-melinka---repollal-(1)_optimized' height=\"600\" width=\"1067\"  itemprop=\"thumbnailUrl\" srcset=\"https:\/\/radiorevelacionfm.cl\/wp-content\/uploads\/2021\/09\/bus-melinka-repollal-1_optimized.jpg 1067w, https:\/\/radiorevelacionfm.cl\/wp-content\/uploads\/2021\/09\/bus-melinka-repollal-1_optimized-300x169.jpg 300w, https:\/\/radiorevelacionfm.cl\/wp-content\/uploads\/2021\/09\/bus-melinka-repollal-1_optimized-1030x579.jpg 1030w, https:\/\/radiorevelacionfm.cl\/wp-content\/uploads\/2021\/09\/bus-melinka-repollal-1_optimized-768x432.jpg 768w, https:\/\/radiorevelacionfm.cl\/wp-content\/uploads\/2021\/09\/bus-melinka-repollal-1_optimized-705x396.jpg 705w, https:\/\/radiorevelacionfm.cl\/wp-content\/uploads\/2021\/09\/bus-melinka-repollal-1_optimized-600x337.jpg 600w\" sizes=\"(max-width: 1067px) 100vw, 1067px\" \/><\/div><\/div><\/div><\/div><div class=\"flex_column av_one_full  flex_column_div av-zero-column-padding first  avia-builder-el-2  el_after_av_one_full  el_before_av_one_full  column-top-margin\" style='border-radius:0px; '><section class=\"av_textblock_section \"  itemscope=\"itemscope\" itemtype=\"https:\/\/schema.org\/BlogPosting\" itemprop=\"blogPost\" ><div class='avia_textblock  '   itemprop=\"text\" ><p style=\"text-align: center;\"><strong><span style=\"font-size: 18pt;\">Se retomaron servicios de transporte subvencionado ruta Melinka-Repollal<\/span><\/strong><\/p>\n<div id=\"gtx-trans\" style=\"position: absolute; left: -50px; top: 4.31534px;\">\n<div class=\"gtx-trans-icon\"><\/div>\n<\/div>\n<\/div><\/section><\/div><div class=\"flex_column av_one_full  flex_column_div av-zero-column-padding first  avia-builder-el-4  el_after_av_one_full  el_before_av_hr  column-top-margin\" style='border-radius:0px; '><section class=\"av_textblock_section \"  itemscope=\"itemscope\" itemtype=\"https:\/\/schema.org\/BlogPosting\" itemprop=\"blogPost\" ><div class='avia_textblock  '   itemprop=\"text\" ><p style=\"font-weight: 400; text-align: justify;\">A fin de poder garantizar la continuidad de los servicios a los habitantes de la comuna de Las Guaitecas se decidi\u00f3 suspender el contrato vigente y reanudar la ruta con un nuevo operador de Trasporte.<\/p>\n<p style=\"font-weight: 400; text-align: justify;\">A partir de este 6 de septiembre se retom\u00f3 la ruta de transporte subvencionado Melinka \u2013 Repollal Bajo y Repollal Alto tras una suspensi\u00f3n temporal de servicios. Esta interrupci\u00f3n se produjo por desperfectos t\u00e9cnicos del bus que no pudieron ser subsanados en un plazo oportuno.<\/p>\n<p style=\"font-weight: 400; text-align: justify;\">Para resolver esta situaci\u00f3n, se coordin\u00f3 con el gobierno comunal de Las Guaitecas la operaci\u00f3n del bus de transporte escolar del municipio para cubrir esta demanda. Sin embargo, la soluci\u00f3n definitiva a este problema de conectividad se estableci\u00f3 mediante un nuevo contrato v\u00eda trato directo, con el que se espera dar tranquilidad a los vecinos de Repollal.<\/p>\n<p style=\"font-weight: 400; text-align: justify;\">El seremiTT Fabi\u00e1n Rojas, se\u00f1al\u00f3 que se opt\u00f3 por esta respuesta dado que al operador anterior ya se le hab\u00eda cursado una multa por malas condiciones t\u00e9cnicas del veh\u00edculo. Por lo tanto, era necesario dar una se\u00f1al de tranquilidad a los usuarios de esta transitada ruta.<\/p>\n<p style=\"font-weight: 400; text-align: justify;\">\u201cEstamos respondiendo a la situaci\u00f3n que vivieron los habitantes de Repollal para poder trasladarse hacia Melinka. Pero quiero ser claro en este sentido, nosotros como equipo de la SeremiTT, siempre hemos estado en contacto con los dirigentes de Melinka y Repollal para dar cuenta de la situaci\u00f3n. Tambi\u00e9n tom\u00e9 en conocimiento cada uno de los hechos que involucraron al operador anterior, por ello se tom\u00f3 la decisi\u00f3n radical de poner fin a un contrato que estaba vigente\u201d.<\/p>\n<p style=\"font-weight: 400; text-align: justify;\">El nuevo contrato ser\u00e1 prestado por un operador de Melinka, mediante un bus con capacidad para 17 pasajeros que prestar\u00e1 conectividad de lunes a domingo para transporte de pasajeros y de lunes a viernes para transporte escolar gratuito.<\/p>\n<\/div><\/section><\/div><div  style='height:50px' class='hr hr-invisible   avia-builder-el-6  el_after_av_one_full  el_before_av_social_share '><span class='hr-inner ' ><span class='hr-inner-style'><\/span><\/span><\/div><\/p>\n<div  class='av-social-sharing-box  avia-builder-el-7  el_after_av_hr  el_before_av_hr  '><div class='av-share-box'><h5 class='av-share-link-description av-no-toc '>Compartir esta noticia<\/h5><ul class='av-share-box-list noLightbox'><li class='av-share-link av-social-link-facebook' ><a target=\"_blank\" aria-label=\"Compartir en Facebook\" href='https:\/\/www.facebook.com\/sharer.php?u=https:\/\/radiorevelacionfm.cl\/?p=8377&#038;t=Se%20retomaron%20servicios%20de%20transporte%20subvencionado%20ruta%20Melinka-Repollal' aria-hidden='false' data-av_icon='\ue8f3' data-av_iconfont='entypo-fontello' title='' data-avia-related-tooltip='Compartir en Facebook' rel=\"noopener\"><span class='avia_hidden_link_text'>Compartir en Facebook<\/span><\/a><\/li><li class='av-share-link av-social-link-twitter' ><a target=\"_blank\" aria-label=\"Compartir en Twitter\" href='https:\/\/twitter.com\/share?text=Se%20retomaron%20servicios%20de%20transporte%20subvencionado%20ruta%20Melinka-Repollal&#038;url=https:\/\/radiorevelacionfm.cl\/?p=8377' aria-hidden='false' data-av_icon='\ue8f1' data-av_iconfont='entypo-fontello' title='' data-avia-related-tooltip='Compartir en Twitter' rel=\"noopener\"><span class='avia_hidden_link_text'>Compartir en Twitter<\/span><\/a><\/li><li class='av-share-link av-social-link-whatsapp' ><a target=\"_blank\" aria-label=\"Compartir en Whatsapp\" href='https:\/\/api.whatsapp.com\/send?text=https:\/\/radiorevelacionfm.cl\/?p=8377' aria-hidden='false' data-av_icon='\uf232' data-av_iconfont='entypo-fontello' title='' data-avia-related-tooltip='Compartir en Whatsapp' rel=\"noopener\"><span class='avia_hidden_link_text'>Compartir en Whatsapp<\/span><\/a><\/li><li class='av-share-link av-social-link-linkedin' ><a target=\"_blank\" aria-label=\"Compartir en LinkedIn\" href='https:\/\/linkedin.com\/shareArticle?mini=true&#038;title=Se%20retomaron%20servicios%20de%20transporte%20subvencionado%20ruta%20Melinka-Repollal&#038;url=https:\/\/radiorevelacionfm.cl\/?p=8377' aria-hidden='false' data-av_icon='\ue8fc' data-av_iconfont='entypo-fontello' title='' data-avia-related-tooltip='Compartir en LinkedIn' rel=\"noopener\"><span class='avia_hidden_link_text'>Compartir en LinkedIn<\/span><\/a><\/li><li class='av-share-link av-social-link-mail' ><a  aria-label=\"Compartir por correo\" href='mailto:?subject=Se%20retomaron%20servicios%20de%20transporte%20subvencionado%20ruta%20Melinka-Repollal&#038;body=https:\/\/radiorevelacionfm.cl\/?p=8377' aria-hidden='false' data-av_icon='\ue805' data-av_iconfont='entypo-fontello' title='' data-avia-related-tooltip='Compartir por correo'><span class='avia_hidden_link_text'>Compartir por correo<\/span><\/a><\/li><\/ul><\/div><\/div>\n<div  style='height:50px' class='hr hr-invisible   avia-builder-el-8  el_after_av_social_share  el_before_av_comments_list '><span class='hr-inner ' ><span class='hr-inner-style'><\/span><\/span><\/div>\n<div  class='av-buildercomment  av-blog-meta-html-info-disabled av-blog-meta-tag-disabled  '><\/div>\n","protected":false},"excerpt":{"rendered":"","protected":false},"author":1,"featured_media":8378,"comment_status":"open","ping_status":"open","sticky":false,"template":"","format":"standard","meta":{"footnotes":""},"categories":[59],"tags":[],"class_list":["post-8377","post","type-post","status-publish","format-standard","has-post-thumbnail","hentry","category-transporte"],"jetpack_featured_media_url":"https:\/\/radiorevelacionfm.cl\/wp-content\/uploads\/2021\/09\/bus-melinka-repollal-1_optimized.jpg","_links":{"self":[{"href":"https:\/\/radiorevelacionfm.cl\/index.php?rest_route=\/wp\/v2\/posts\/8377","targetHints":{"allow":["GET"]}}],"collection":[{"href":"https:\/\/radiorevelacionfm.cl\/index.php?rest_route=\/wp\/v2\/posts"}],"about":[{"href":"https:\/\/radiorevelacionfm.cl\/index.php?rest_route=\/wp\/v2\/types\/post"}],"author":[{"embeddable":true,"href":"https:\/\/radiorevelacionfm.cl\/index.php?rest_route=\/wp\/v2\/users\/1"}],"replies":[{"embeddable":true,"href":"https:\/\/radiorevelacionfm.cl\/index.php?rest_route=%2Fwp%2Fv2%2Fcomments&post=8377"}],"version-history":[{"count":2,"href":"https:\/\/radiorevelacionfm.cl\/index.php?rest_route=\/wp\/v2\/posts\/8377\/revisions"}],"predecessor-version":[{"id":8380,"href":"https:\/\/radiorevelacionfm.cl\/index.php?rest_route=\/wp\/v2\/posts\/8377\/revisions\/8380"}],"wp:featuredmedia":[{"embeddable":true,"href":"https:\/\/radiorevelacionfm.cl\/index.php?rest_route=\/wp\/v2\/media\/8378"}],"wp:attachment":[{"href":"https:\/\/radiorevelacionfm.cl\/index.php?rest_route=%2Fwp%2Fv2%2Fmedia&parent=8377"}],"wp:term":[{"taxonomy":"category","embeddable":true,"href":"https:\/\/radiorevelacionfm.cl\/index.php?rest_route=%2Fwp%2Fv2%2Fcategories&post=8377"},{"taxonomy":"post_tag","embeddable":true,"href":"https:\/\/radiorevelacionfm.cl\/index.php?rest_route=%2Fwp%2Fv2%2Ftags&post=8377"}],"curies":[{"name":"wp","href":"https:\/\/api.w.org\/{rel}","templated":true}]}}