{"id":8369,"date":"2021-09-06T16:10:25","date_gmt":"2021-09-06T19:10:25","guid":{"rendered":"https:\/\/radiorevelacionfm.cl\/?p=8369"},"modified":"2021-09-06T16:32:25","modified_gmt":"2021-09-06T19:32:25","slug":"alumno-de-escuela-despertar-en-puerto-aysen-inicia-practica-en-centro-dental-en-una-alianza-por-la-inclusion","status":"publish","type":"post","link":"https:\/\/radiorevelacionfm.cl\/?p=8369","title":{"rendered":"Alumno de escuela Despertar en Puerto Ays\u00e9n inicia pr\u00e1ctica en centro dental en una alianza por la inclusi\u00f3n"},"content":{"rendered":"<div class=\"flex_column av_one_full  flex_column_div av-zero-column-padding first  avia-builder-el-0  el_before_av_one_full  avia-builder-el-first  \" style='border-radius:0px; '><div  class='avia-image-container  av-styling-    avia-builder-el-1  avia-builder-el-no-sibling  avia-align-center '  itemprop=\"image\" itemscope=\"itemscope\" itemtype=\"https:\/\/schema.org\/ImageObject\"  ><div class='avia-image-container-inner'><div class='avia-image-overlay-wrap'><img decoding=\"async\" class='wp-image-8372 avia-img-lazy-loading-not-8372 avia_image' src=\"https:\/\/radiorevelacionfm.cl\/wp-content\/uploads\/2021\/09\/Practica-Inclusiva1.1-1-1.jpg\" alt='' title='Practica Inclusiva1.1 (1) (1)' height=\"600\" width=\"864\"  itemprop=\"thumbnailUrl\" srcset=\"https:\/\/radiorevelacionfm.cl\/wp-content\/uploads\/2021\/09\/Practica-Inclusiva1.1-1-1.jpg 864w, https:\/\/radiorevelacionfm.cl\/wp-content\/uploads\/2021\/09\/Practica-Inclusiva1.1-1-1-300x208.jpg 300w, https:\/\/radiorevelacionfm.cl\/wp-content\/uploads\/2021\/09\/Practica-Inclusiva1.1-1-1-768x533.jpg 768w, https:\/\/radiorevelacionfm.cl\/wp-content\/uploads\/2021\/09\/Practica-Inclusiva1.1-1-1-705x490.jpg 705w, https:\/\/radiorevelacionfm.cl\/wp-content\/uploads\/2021\/09\/Practica-Inclusiva1.1-1-1-600x417.jpg 600w\" sizes=\"(max-width: 864px) 100vw, 864px\" \/><\/div><\/div><\/div><\/div><div class=\"flex_column av_one_full  flex_column_div av-zero-column-padding first  avia-builder-el-2  el_after_av_one_full  el_before_av_one_full  column-top-margin\" style='border-radius:0px; '><section class=\"av_textblock_section \"  itemscope=\"itemscope\" itemtype=\"https:\/\/schema.org\/BlogPosting\" itemprop=\"blogPost\" ><div class='avia_textblock  '   itemprop=\"text\" ><p style=\"text-align: center;\"><span style=\"font-size: 18pt;\"><strong>Alumno de escuela Despertar en Puerto Ays\u00e9n inicia pr\u00e1ctica en centro dental en una alianza por la inclusi\u00f3n<\/strong><\/span><\/p>\n<div id=\"gtx-trans\" style=\"position: absolute; left: -50px; top: 4.31534px;\">\n<div class=\"gtx-trans-icon\"><\/div>\n<\/div>\n<\/div><\/section><\/div><\/p>\n<div class=\"flex_column av_one_full  flex_column_div av-zero-column-padding first  avia-builder-el-4  el_after_av_one_full  el_before_av_hr  column-top-margin\" style='border-radius:0px; '><section class=\"av_textblock_section \"  itemscope=\"itemscope\" itemtype=\"https:\/\/schema.org\/BlogPosting\" itemprop=\"blogPost\" ><div class='avia_textblock  '   itemprop=\"text\" ><p style=\"text-align: justify;\">Vivir la inclusi\u00f3n de forma real es la invitaci\u00f3n que nos extienden la escuela Despertar y el centro m\u00e9dico Odontomed en Puerto Ays\u00e9n. Ello, luego de que este lunes el joven Mat\u00edas Segura, de 23 a\u00f1os de edad, alumno de la escuela Despertar de la capital comunal, iniciara su pr\u00e1ctica en el centro odontol\u00f3gico, como asistente de esterilizaci\u00f3n.<\/p>\n<p style=\"text-align: justify;\">La instancia -que se extender\u00e1 hasta diciembre de 2021-, viene a llenar de entusiasmo a la comunidad educativa, que busca aperturar la posibilidad de que sus estudiantes puedan mostrar sus capacidades y desarrollar sus habilidades a trav\u00e9s de pr\u00e1cticas previas a terminar su educaci\u00f3n tradicional de cara a, posteriormente, poder optar a un trabajo en sus vidas.<\/p>\n<p style=\"text-align: justify;\">\u201cEstoy feliz, contento por iniciar esta pr\u00e1ctica. Me gusta hacer muchas cosas, aprender. Ya hab\u00eda hecho una pr\u00e1ctica en Fr\u00edosur, donde me fue s\u00faper bien. Ahora, har\u00e9 las pr\u00e1cticas en las ma\u00f1anas y en las tardes ir\u00e9 a la escuela desde las 14.00 hasta las 17.00 horas. En la escuela seguir\u00e9 haciendo pancito, kuchen y otras preparaciones\u201d, manifest\u00f3 feliz Mat\u00edas, quien forma parte del taller laboral que impulsa \u201cDesperpan\u201d, que realiza preparaciones de panader\u00eda y reposter\u00eda, principalmente.<\/p>\n<p style=\"text-align: justify;\">\u201cA todos mis compa\u00f1eros desearles que sigan adelante. Me gustar\u00eda que puedan aprender muchas cosas los chicos\u201d, son los deseos del estudiante para sus pares de escuela.<\/p>\n<p style=\"text-align: justify;\">Esta iniciativa, que inici\u00f3 durante los \u00faltimos d\u00edas con una jornada de sensibilizaci\u00f3n, dictada por parte del equipo multidisciplinario del establecimiento educacional municipalizado al personal de Odontomed, pretende dar cuenta de la importancia de abrir los lugares para que m\u00e1s Mat\u00edas puedan vivir esta experiencia. \u201cEstamos s\u00faper contentos con la posibilidad que nos est\u00e1 dando Odontomed, ya que es muy importante la inserci\u00f3n laboral de nuestros j\u00f3venes. Recordar que ellos salen a los 26 a\u00f1os de la escuela y muchas de las familias muchas veces no tienen oportunidad de acceder a trabajos para nuestros chicos, entonces por lo general se quedan en las casas. Esta es una oportunidad que se le est\u00e1 dando a la escuela, a los j\u00f3venes para que puedan salir adelante al mundo laboral. Ojal\u00e1 que otras empresas, otros comercios se sumen a esta iniciativa y nos den la posibilidad de mostrar las capacidades que tienen nuestros ni\u00f1os\u201d, manifest\u00f3 la profesora diferencial a cargo del curso laboral 1B de la escuela Despertar, Roc\u00edo Chabouty.<\/p>\n<p style=\"text-align: justify;\">Para la directora del establecimiento educacional, Claudia Retamal, esta posibilidad se ven\u00eda desarrollando desde hace bastante tiempo, \u201cpero por toda la situaci\u00f3n de pandemia tuvimos que parar dos a\u00f1os respecto a las pr\u00e1cticas de nuestros estudiantes, as\u00ed que hoy felices como equipo. Aprovechamos de agradecer a Milenka Adofacci, que siempre nos ha brindado la oportunidad de que nuestros alumnos puedan hacer una pr\u00e1ctica en ese lugar de trabajo. Y por Mat\u00edas, a quien se le abre un abanico de posibilidades. Ahora \u00e9l puede ver d\u00f3nde se siente mejor, y d\u00f3nde desarrolla mejor su trabajo\u201d.<\/p>\n<p style=\"text-align: justify;\">Retamal Bruna realiz\u00f3 un llamado a las entidades e instituciones locales a replicar esta iniciativa en pos de los j\u00f3venes estudiantes con capacidades diferentes. \u201cEsperamos que, as\u00ed como hoy d\u00eda es Odontomed ma\u00f1ana puedan ser otras empresas, tanto p\u00fablicas como privadas, que puedan atreverse. S\u00e9 que es un desaf\u00edo, tanto para las empresas como para nosotros, pero estoy convencida que ambos vamos a aprender, ustedes y nosotros. Y si ustedes nos ayudan recibiendo a nuestros estudiantes, nosotros podemos generar ese aprendizaje y ense\u00f1arles a ellos a desarrollarse mucho mejor\u201d.<\/p>\n<p style=\"text-align: justify;\">Al respecto, Milenka Adofacci, directora de Odontomed, expres\u00f3 que este fue su anhelo desde que iniciara su atenci\u00f3n como dentista, por entonces en una consulta emplazada en un tercer piso. \u201cMe toc\u00f3 la realidad de atender a ni\u00f1os con discapacidad f\u00edsica y vi la necesidad de generar un centro m\u00e9dico inclusivo. Pero no tanto en la atenci\u00f3n a pacientes, sino vivir la inclusi\u00f3n como una actividad cotidiana. Y este trabajo siempre lo hemos vislumbrado en conjunto con la escuela Despertar. El dise\u00f1o de este centro est\u00e1 hecho con la escuela Despertar. La ornamentaci\u00f3n son dibujos de los ni\u00f1os de la escuela. Es as\u00ed que este proceso me llena de esperanzas y alegr\u00eda porque estas acciones van a generar espacios de inclusi\u00f3n en la comuna\u201d.<\/p>\n<p style=\"text-align: justify;\">A\u00f1adi\u00f3 que \u201cme gustar\u00eda que otros emprendedores de la comuna se unieran a esta actividad inclusiva. Las capacidades que tienen los ni\u00f1os de la escuela son inmensas, y lamentablemente muchas veces quedan encerradas en esas cuatro paredes de la escuela y no practicamos la inclusi\u00f3n en los espacios p\u00fablicos. As\u00ed que invitar a los due\u00f1os de almacenes locales, bancos, supermercados, a generar redes de apoyo para que los ni\u00f1os de la escuela Despertar tengan lugares de pr\u00e1cticas\u201d.<\/p>\n<p style=\"text-align: justify;\">La odont\u00f3loga explic\u00f3 que, para concretar esta iniciativa, adem\u00e1s de la charla de sensibilizaci\u00f3n por parte de las profesionales de la escuela, junto a la terapeuta ocupacional se adaptaron procesos para que los espacios pudieran estar acorde a las capacidades de Mat\u00edas. \u201cPara nosotros esto es una oportunidad formativa, que tambi\u00e9n humaniza. Es algo simbi\u00f3tico, ganamos todos en esto. Que Mat\u00edas pueda terminar sus estudios y su formaci\u00f3n, y que pueda optar a un trabajo ser\u00eda la realizaci\u00f3n m\u00e1xima\u201d.<\/p>\n<p style=\"text-align: justify;\">Finalmente, Tamara Villegas, directora de la Direcci\u00f3n de Educaci\u00f3n Municipal -quien quiso acompa\u00f1ar a Mat\u00edas en su primer d\u00eda como pr\u00e1cticamente-, enfatiz\u00f3 en lo positivo de la generaci\u00f3n de estas alianzas que apuntan hacia una mayor integraci\u00f3n en la sociedad. \u201cEste es el camino para que la inclusi\u00f3n de nuestros ni\u00f1os se haga patente. La experiencia nos demuestra que ganan ambas partes. As\u00ed humanizamos adem\u00e1s el \u00e1mbito laboral, de modo de impulsar la aceptaci\u00f3n de la inclusi\u00f3n y la no discriminaci\u00f3n. Que los conocimientos se puedan aplicar en la pr\u00e1ctica, y para eso es sumamente importante generar la conciencia en las empresas\u201d.<\/p>\n<\/div><\/section><\/div>\n<div  style='height:50px' class='hr hr-invisible   avia-builder-el-6  el_after_av_one_full  el_before_av_social_share '><span class='hr-inner ' ><span class='hr-inner-style'><\/span><\/span><\/div>\n<div  class='av-social-sharing-box  avia-builder-el-7  el_after_av_hr  el_before_av_hr  '><div class='av-share-box'><h5 class='av-share-link-description av-no-toc '>Compartir esta noticia<\/h5><ul class='av-share-box-list noLightbox'><li class='av-share-link av-social-link-facebook' ><a target=\"_blank\" aria-label=\"Compartir en Facebook\" href='https:\/\/www.facebook.com\/sharer.php?u=https:\/\/radiorevelacionfm.cl\/?p=8369&#038;t=Alumno%20de%20escuela%20Despertar%20en%20Puerto%20Ays%C3%A9n%20inicia%20pr%C3%A1ctica%20en%20centro%20dental%20en%20una%20alianza%20por%20la%20inclusi%C3%B3n' aria-hidden='false' data-av_icon='\ue8f3' data-av_iconfont='entypo-fontello' title='' data-avia-related-tooltip='Compartir en Facebook' rel=\"noopener\"><span class='avia_hidden_link_text'>Compartir en Facebook<\/span><\/a><\/li><li class='av-share-link av-social-link-twitter' ><a target=\"_blank\" aria-label=\"Compartir en Twitter\" href='https:\/\/twitter.com\/share?text=Alumno%20de%20escuela%20Despertar%20en%20Puerto%20Ays%C3%A9n%20inicia%20pr%C3%A1ctica%20en%20centro%20dental%20en%20una%20alianza%20por%20la%20inclusi%C3%B3n&#038;url=https:\/\/radiorevelacionfm.cl\/?p=8369' aria-hidden='false' data-av_icon='\ue8f1' data-av_iconfont='entypo-fontello' title='' data-avia-related-tooltip='Compartir en Twitter' rel=\"noopener\"><span class='avia_hidden_link_text'>Compartir en Twitter<\/span><\/a><\/li><li class='av-share-link av-social-link-whatsapp' ><a target=\"_blank\" aria-label=\"Compartir en Whatsapp\" href='https:\/\/api.whatsapp.com\/send?text=https:\/\/radiorevelacionfm.cl\/?p=8369' aria-hidden='false' data-av_icon='\uf232' data-av_iconfont='entypo-fontello' title='' data-avia-related-tooltip='Compartir en Whatsapp' rel=\"noopener\"><span class='avia_hidden_link_text'>Compartir en Whatsapp<\/span><\/a><\/li><li class='av-share-link av-social-link-linkedin' ><a target=\"_blank\" aria-label=\"Compartir en LinkedIn\" href='https:\/\/linkedin.com\/shareArticle?mini=true&#038;title=Alumno%20de%20escuela%20Despertar%20en%20Puerto%20Ays%C3%A9n%20inicia%20pr%C3%A1ctica%20en%20centro%20dental%20en%20una%20alianza%20por%20la%20inclusi%C3%B3n&#038;url=https:\/\/radiorevelacionfm.cl\/?p=8369' aria-hidden='false' data-av_icon='\ue8fc' data-av_iconfont='entypo-fontello' title='' data-avia-related-tooltip='Compartir en LinkedIn' rel=\"noopener\"><span class='avia_hidden_link_text'>Compartir en LinkedIn<\/span><\/a><\/li><li class='av-share-link av-social-link-mail' ><a  aria-label=\"Compartir por correo\" href='mailto:?subject=Alumno%20de%20escuela%20Despertar%20en%20Puerto%20Ays%C3%A9n%20inicia%20pr%C3%A1ctica%20en%20centro%20dental%20en%20una%20alianza%20por%20la%20inclusi%C3%B3n&#038;body=https:\/\/radiorevelacionfm.cl\/?p=8369' aria-hidden='false' data-av_icon='\ue805' data-av_iconfont='entypo-fontello' title='' data-avia-related-tooltip='Compartir por correo'><span class='avia_hidden_link_text'>Compartir por correo<\/span><\/a><\/li><\/ul><\/div><\/div>\n<div  style='height:50px' class='hr hr-invisible   avia-builder-el-8  el_after_av_social_share  el_before_av_comments_list '><span class='hr-inner ' ><span class='hr-inner-style'><\/span><\/span><\/div>\n<div  class='av-buildercomment  av-blog-meta-html-info-disabled av-blog-meta-tag-disabled  '><\/div>\n","protected":false},"excerpt":{"rendered":"","protected":false},"author":1,"featured_media":8372,"comment_status":"open","ping_status":"open","sticky":false,"template":"","format":"standard","meta":{"footnotes":""},"categories":[38],"tags":[],"class_list":["post-8369","post","type-post","status-publish","format-standard","has-post-thumbnail","hentry","category-regional"],"jetpack_featured_media_url":"https:\/\/radiorevelacionfm.cl\/wp-content\/uploads\/2021\/09\/Practica-Inclusiva1.1-1-1.jpg","_links":{"self":[{"href":"https:\/\/radiorevelacionfm.cl\/index.php?rest_route=\/wp\/v2\/posts\/8369","targetHints":{"allow":["GET"]}}],"collection":[{"href":"https:\/\/radiorevelacionfm.cl\/index.php?rest_route=\/wp\/v2\/posts"}],"about":[{"href":"https:\/\/radiorevelacionfm.cl\/index.php?rest_route=\/wp\/v2\/types\/post"}],"author":[{"embeddable":true,"href":"https:\/\/radiorevelacionfm.cl\/index.php?rest_route=\/wp\/v2\/users\/1"}],"replies":[{"embeddable":true,"href":"https:\/\/radiorevelacionfm.cl\/index.php?rest_route=%2Fwp%2Fv2%2Fcomments&post=8369"}],"version-history":[{"count":2,"href":"https:\/\/radiorevelacionfm.cl\/index.php?rest_route=\/wp\/v2\/posts\/8369\/revisions"}],"predecessor-version":[{"id":8373,"href":"https:\/\/radiorevelacionfm.cl\/index.php?rest_route=\/wp\/v2\/posts\/8369\/revisions\/8373"}],"wp:featuredmedia":[{"embeddable":true,"href":"https:\/\/radiorevelacionfm.cl\/index.php?rest_route=\/wp\/v2\/media\/8372"}],"wp:attachment":[{"href":"https:\/\/radiorevelacionfm.cl\/index.php?rest_route=%2Fwp%2Fv2%2Fmedia&parent=8369"}],"wp:term":[{"taxonomy":"category","embeddable":true,"href":"https:\/\/radiorevelacionfm.cl\/index.php?rest_route=%2Fwp%2Fv2%2Fcategories&post=8369"},{"taxonomy":"post_tag","embeddable":true,"href":"https:\/\/radiorevelacionfm.cl\/index.php?rest_route=%2Fwp%2Fv2%2Ftags&post=8369"}],"curies":[{"name":"wp","href":"https:\/\/api.w.org\/{rel}","templated":true}]}}