{"id":8366,"date":"2021-09-06T15:37:04","date_gmt":"2021-09-06T18:37:04","guid":{"rendered":"https:\/\/radiorevelacionfm.cl\/?p=8366"},"modified":"2021-09-06T15:37:04","modified_gmt":"2021-09-06T18:37:04","slug":"mipymes-de-turismo-de-aysen-se-capacitaron-para-optimizar-el-consumo-energetico-en-sus-procesos-productivos","status":"publish","type":"post","link":"https:\/\/radiorevelacionfm.cl\/?p=8366","title":{"rendered":"MiPyMEs de turismo de Ays\u00e9n se capacitaron para optimizar el consumo energ\u00e9tico en sus procesos productivos"},"content":{"rendered":"<div class=\"flex_column av_one_full  flex_column_div av-zero-column-padding first  avia-builder-el-0  el_before_av_one_full  avia-builder-el-first  \" style='border-radius:0px; '><div  class='avia-image-container  av-styling-    avia-builder-el-1  avia-builder-el-no-sibling  avia-align-center '  itemprop=\"image\" itemscope=\"itemscope\" itemtype=\"https:\/\/schema.org\/ImageObject\"  ><div class='avia-image-container-inner'><div class='avia-image-overlay-wrap'><img decoding=\"async\" class='wp-image-8367 avia-img-lazy-loading-not-8367 avia_image' src=\"https:\/\/radiorevelacionfm.cl\/wp-content\/uploads\/2021\/09\/Foto-1-Gestiona-1-1.jpg\" alt='' title='Foto 1 Gestiona (1) (1)' height=\"600\" width=\"1067\"  itemprop=\"thumbnailUrl\" srcset=\"https:\/\/radiorevelacionfm.cl\/wp-content\/uploads\/2021\/09\/Foto-1-Gestiona-1-1.jpg 1067w, https:\/\/radiorevelacionfm.cl\/wp-content\/uploads\/2021\/09\/Foto-1-Gestiona-1-1-300x169.jpg 300w, https:\/\/radiorevelacionfm.cl\/wp-content\/uploads\/2021\/09\/Foto-1-Gestiona-1-1-1030x579.jpg 1030w, https:\/\/radiorevelacionfm.cl\/wp-content\/uploads\/2021\/09\/Foto-1-Gestiona-1-1-768x432.jpg 768w, https:\/\/radiorevelacionfm.cl\/wp-content\/uploads\/2021\/09\/Foto-1-Gestiona-1-1-705x396.jpg 705w, https:\/\/radiorevelacionfm.cl\/wp-content\/uploads\/2021\/09\/Foto-1-Gestiona-1-1-600x337.jpg 600w\" sizes=\"(max-width: 1067px) 100vw, 1067px\" \/><\/div><\/div><\/div><\/div><div class=\"flex_column av_one_full  flex_column_div av-zero-column-padding first  avia-builder-el-2  el_after_av_one_full  el_before_av_one_full  column-top-margin\" style='border-radius:0px; '><section class=\"av_textblock_section \"  itemscope=\"itemscope\" itemtype=\"https:\/\/schema.org\/BlogPosting\" itemprop=\"blogPost\" ><div class='avia_textblock  '   itemprop=\"text\" ><p style=\"text-align: center;\"><strong><span style=\"font-size: 18pt;\">MiPyMEs de turismo de Ays\u00e9n se capacitaron para optimizar el consumo energ\u00e9tico en sus procesos productivos<\/span><\/strong><\/p>\n<div id=\"gtx-trans\" style=\"position: absolute; left: -50px; top: 4.31534px;\">\n<div class=\"gtx-trans-icon\"><\/div>\n<\/div>\n<\/div><\/section><\/div><div class=\"flex_column av_one_full  flex_column_div av-zero-column-padding first  avia-builder-el-4  el_after_av_one_full  el_before_av_hr  column-top-margin\" style='border-radius:0px; '><section class=\"av_textblock_section \"  itemscope=\"itemscope\" itemtype=\"https:\/\/schema.org\/BlogPosting\" itemprop=\"blogPost\" ><div class='avia_textblock  '   itemprop=\"text\" ><p style=\"text-align: justify;\">La iniciativa impulsada por el Ministerio de Energ\u00eda en conjunto con la Agencia de Sostenibilidad Energ\u00e9tica, forma parte del programa \u201cGestiona Energ\u00eda MiPyMEs\u201d, que apunta a promover en las micro, peque\u00f1as y medianas empresas, el uso eficiente de las fuentes energ\u00e9ticas, reducir los costos de producci\u00f3n y hacerlas m\u00e1s competitivas en sus procesos productivos, a trav\u00e9s de la implementaci\u00f3n de proyectos de eficiencia energ\u00e9tica y energ\u00edas renovables.<\/p>\n<p style=\"text-align: justify;\">La jornada de capacitaci\u00f3n encabezada por el Seremi de Energ\u00eda de Ays\u00e9n, Juan Luis Amen\u00e1bar, y el Director de Sernatur, Patricio Bast\u00edas, cont\u00f3 con la participaci\u00f3n de 54 empresarios del sector turismo agrupados en la Zona de Inter\u00e9s Tur\u00edstico (ZOIT), quienes adquirieron conocimientos sobre eficiencia energ\u00e9tica, monitoreo de cuentas y selecci\u00f3n tarifar\u00eda, diferenciaci\u00f3n de potencia o consumo, mercados energ\u00e9ticos, plataforma Gestiona Energ\u00eda MiPyMEs y energ\u00edas renovables.<\/p>\n<p style=\"text-align: justify;\">Al respecto el Seremi Amen\u00e1bar se\u00f1al\u00f3 que \u201cestamos muy contentos con la importante convocatoria que tuvo el taller, ya que deja de manifiesto el inter\u00e9s que tienen las empresas del sector turismo de nuestra regi\u00f3n por acceder a los m\u00faltiples beneficios de las energ\u00edas limpias. Esta iniciativa busca entregarle a las pymes regionales asesor\u00eda t\u00e9cnica para que puedan realizar una buena gesti\u00f3n energ\u00e9tica, y detectar oportunidades de mejora en sus procesos productivos a trav\u00e9s de la transici\u00f3n a energ\u00edas m\u00e1s limpias y eficientes\u201d.<\/p>\n<p style=\"text-align: justify;\">Por su parte el Director Regional de Sernatur recalc\u00f3 que \u201cel tema de la energ\u00eda es relevante ya que su buena administraci\u00f3n permite generar importantes ahorros, lo que es clave sobre todo ahora que el sector ha sido tan duramente golpeado. Adem\u00e1s, el turismo en Ays\u00e9n se encuentra desarrollando una l\u00ednea de sustentabilidad a trav\u00e9s de la incorporaci\u00f3n de energ\u00edas renovables, por lo que poder entregar este tipo de conocimientos y herramientas a los empresarios es clave para seguir avanzando en esa l\u00ednea de trabajo\u201d.<\/p>\n<p style=\"text-align: justify;\">Cabe se\u00f1alar, que el programa considera un Diagn\u00f3stico Energ\u00e9tico realizado por la Agencia de Sostenibilidad Energ\u00e9tica en conjunto con cada uno de los beneficiarios, y un programa de acompa\u00f1amiento durante un a\u00f1o por parte de la Seremi de Energ\u00eda de Ays\u00e9n, con el fin de apoyar el proceso de implementaci\u00f3n de medidas de eficiencia energ\u00e9tica y energ\u00edas renovables.<\/p>\n<p style=\"text-align: justify;\">Adem\u00e1s, en la capacitaci\u00f3n online los emprendedores pudieron conocer en detalle c\u00f3mo postular al programa \u201cPonle Energ\u00eda a tu Pyme\u201d. \u201cEl Ministerio de Energ\u00eda ha puesto a disposici\u00f3n de la comunidad el programa \u201cPonle Energ\u00eda a Tu Pyme\u201d, el que cuenta con un fondo de 3.700 millones de pesos a nivel nacional para cofinanciar proyectos de eficiencia energ\u00e9tica, energ\u00edas renovables y electromovilidad. Destacar que en nuestra regi\u00f3n el cofinanciamiento puede llegar hasta un 92% en el caso de las micro empresas si la titular es una mujer. Es por ello, que queremos invitar y motivar a todas las pymes regionales para que postulen a esta iniciativa, es fundamental que los ayseninos trabajemos juntos para avanzar en esta cruzada que es alcanzar la sustentabilidad\u201d destac\u00f3 el Seremi Amen\u00e1bar.<\/p>\n<p style=\"text-align: justify;\">Para mayores consultas sobre la postulaci\u00f3n al programa \u201cPonle Energ\u00eda a tu Pyme\u201d se puede visitar la p\u00e1gina web <a href=\"http:\/\/www.ponleenergia.cl\">www.ponleenergia.cl<\/a>, o bien contactar a la Seremi de Energ\u00eda de la regi\u00f3n, ubicada en calle Baquedano #310 interior, tel\u00e9fono 223656656 &#8211; anexo 564 y seguir las cuentas en redes sociales: @EnergiaAysen en Twitter, Energ\u00eda Ays\u00e9n en Facebook, @energiaaysen en Instagram.<\/p>\n<\/div><\/section><\/div><div  style='height:50px' class='hr hr-invisible   avia-builder-el-6  el_after_av_one_full  el_before_av_social_share '><span class='hr-inner ' ><span class='hr-inner-style'><\/span><\/span><\/div><\/p>\n<div  class='av-social-sharing-box  avia-builder-el-7  el_after_av_hr  el_before_av_hr  '><div class='av-share-box'><h5 class='av-share-link-description av-no-toc '>Compartir esta noticia<\/h5><ul class='av-share-box-list noLightbox'><li class='av-share-link av-social-link-facebook' ><a target=\"_blank\" aria-label=\"Compartir en Facebook\" href='https:\/\/www.facebook.com\/sharer.php?u=https:\/\/radiorevelacionfm.cl\/?p=8366&#038;t=MiPyMEs%20de%20turismo%20de%20Ays%C3%A9n%20se%20capacitaron%20para%20optimizar%20el%20consumo%20energ%C3%A9tico%20en%20sus%20procesos%20productivos' aria-hidden='false' data-av_icon='\ue8f3' data-av_iconfont='entypo-fontello' title='' data-avia-related-tooltip='Compartir en Facebook' rel=\"noopener\"><span class='avia_hidden_link_text'>Compartir en Facebook<\/span><\/a><\/li><li class='av-share-link av-social-link-twitter' ><a target=\"_blank\" aria-label=\"Compartir en Twitter\" href='https:\/\/twitter.com\/share?text=MiPyMEs%20de%20turismo%20de%20Ays%C3%A9n%20se%20capacitaron%20para%20optimizar%20el%20consumo%20energ%C3%A9tico%20en%20sus%20procesos%20productivos&#038;url=https:\/\/radiorevelacionfm.cl\/?p=8366' aria-hidden='false' data-av_icon='\ue8f1' data-av_iconfont='entypo-fontello' title='' data-avia-related-tooltip='Compartir en Twitter' rel=\"noopener\"><span class='avia_hidden_link_text'>Compartir en Twitter<\/span><\/a><\/li><li class='av-share-link av-social-link-whatsapp' ><a target=\"_blank\" aria-label=\"Compartir en Whatsapp\" href='https:\/\/api.whatsapp.com\/send?text=https:\/\/radiorevelacionfm.cl\/?p=8366' aria-hidden='false' data-av_icon='\uf232' data-av_iconfont='entypo-fontello' title='' data-avia-related-tooltip='Compartir en Whatsapp' rel=\"noopener\"><span class='avia_hidden_link_text'>Compartir en Whatsapp<\/span><\/a><\/li><li class='av-share-link av-social-link-linkedin' ><a target=\"_blank\" aria-label=\"Compartir en LinkedIn\" href='https:\/\/linkedin.com\/shareArticle?mini=true&#038;title=MiPyMEs%20de%20turismo%20de%20Ays%C3%A9n%20se%20capacitaron%20para%20optimizar%20el%20consumo%20energ%C3%A9tico%20en%20sus%20procesos%20productivos&#038;url=https:\/\/radiorevelacionfm.cl\/?p=8366' aria-hidden='false' data-av_icon='\ue8fc' data-av_iconfont='entypo-fontello' title='' data-avia-related-tooltip='Compartir en LinkedIn' rel=\"noopener\"><span class='avia_hidden_link_text'>Compartir en LinkedIn<\/span><\/a><\/li><li class='av-share-link av-social-link-mail' ><a  aria-label=\"Compartir por correo\" href='mailto:?subject=MiPyMEs%20de%20turismo%20de%20Ays%C3%A9n%20se%20capacitaron%20para%20optimizar%20el%20consumo%20energ%C3%A9tico%20en%20sus%20procesos%20productivos&#038;body=https:\/\/radiorevelacionfm.cl\/?p=8366' aria-hidden='false' data-av_icon='\ue805' data-av_iconfont='entypo-fontello' title='' data-avia-related-tooltip='Compartir por correo'><span class='avia_hidden_link_text'>Compartir por correo<\/span><\/a><\/li><\/ul><\/div><\/div>\n<div  style='height:50px' class='hr hr-invisible   avia-builder-el-8  el_after_av_social_share  el_before_av_comments_list '><span class='hr-inner ' ><span class='hr-inner-style'><\/span><\/span><\/div>\n<div  class='av-buildercomment  av-blog-meta-html-info-disabled av-blog-meta-tag-disabled  '><\/div>\n","protected":false},"excerpt":{"rendered":"","protected":false},"author":1,"featured_media":8367,"comment_status":"open","ping_status":"open","sticky":false,"template":"","format":"standard","meta":{"footnotes":""},"categories":[54],"tags":[],"class_list":["post-8366","post","type-post","status-publish","format-standard","has-post-thumbnail","hentry","category-turismo"],"jetpack_featured_media_url":"https:\/\/radiorevelacionfm.cl\/wp-content\/uploads\/2021\/09\/Foto-1-Gestiona-1-1.jpg","_links":{"self":[{"href":"https:\/\/radiorevelacionfm.cl\/index.php?rest_route=\/wp\/v2\/posts\/8366","targetHints":{"allow":["GET"]}}],"collection":[{"href":"https:\/\/radiorevelacionfm.cl\/index.php?rest_route=\/wp\/v2\/posts"}],"about":[{"href":"https:\/\/radiorevelacionfm.cl\/index.php?rest_route=\/wp\/v2\/types\/post"}],"author":[{"embeddable":true,"href":"https:\/\/radiorevelacionfm.cl\/index.php?rest_route=\/wp\/v2\/users\/1"}],"replies":[{"embeddable":true,"href":"https:\/\/radiorevelacionfm.cl\/index.php?rest_route=%2Fwp%2Fv2%2Fcomments&post=8366"}],"version-history":[{"count":1,"href":"https:\/\/radiorevelacionfm.cl\/index.php?rest_route=\/wp\/v2\/posts\/8366\/revisions"}],"predecessor-version":[{"id":8368,"href":"https:\/\/radiorevelacionfm.cl\/index.php?rest_route=\/wp\/v2\/posts\/8366\/revisions\/8368"}],"wp:featuredmedia":[{"embeddable":true,"href":"https:\/\/radiorevelacionfm.cl\/index.php?rest_route=\/wp\/v2\/media\/8367"}],"wp:attachment":[{"href":"https:\/\/radiorevelacionfm.cl\/index.php?rest_route=%2Fwp%2Fv2%2Fmedia&parent=8366"}],"wp:term":[{"taxonomy":"category","embeddable":true,"href":"https:\/\/radiorevelacionfm.cl\/index.php?rest_route=%2Fwp%2Fv2%2Fcategories&post=8366"},{"taxonomy":"post_tag","embeddable":true,"href":"https:\/\/radiorevelacionfm.cl\/index.php?rest_route=%2Fwp%2Fv2%2Ftags&post=8366"}],"curies":[{"name":"wp","href":"https:\/\/api.w.org\/{rel}","templated":true}]}}