{"id":8364,"date":"2021-09-07T10:11:16","date_gmt":"2021-09-07T13:11:16","guid":{"rendered":"https:\/\/radiorevelacionfm.cl\/?p=8364"},"modified":"2021-09-07T10:11:16","modified_gmt":"2021-09-07T13:11:16","slug":"musica-patagonia-la-nueva-organizacion-creada-para-visibilizar-a-la-region-de-aysen-mediante-su-musica","status":"publish","type":"post","link":"https:\/\/radiorevelacionfm.cl\/?p=8364","title":{"rendered":"M\u00fasica Patagonia: la nueva organizaci\u00f3n creada para visibilizar a la regi\u00f3n de Ays\u00e9n mediante su m\u00fasica"},"content":{"rendered":"<div class=\"flex_column av_one_full  flex_column_div av-zero-column-padding first  avia-builder-el-0  el_before_av_one_full  avia-builder-el-first  \" style='border-radius:0px; '><div  class='avia-image-container  av-styling-    avia-builder-el-1  avia-builder-el-no-sibling  avia-align-center '  itemprop=\"image\" itemscope=\"itemscope\" itemtype=\"https:\/\/schema.org\/ImageObject\"  ><div class='avia-image-container-inner'><div class='avia-image-overlay-wrap'><img decoding=\"async\" class='wp-image-8385 avia-img-lazy-loading-not-8385 avia_image' src=\"https:\/\/radiorevelacionfm.cl\/wp-content\/uploads\/2021\/09\/ClaudiaPereira1-1-1.jpg\" alt='' title='ClaudiaPereira1 (1) (1)' height=\"600\" width=\"774\"  itemprop=\"thumbnailUrl\" srcset=\"https:\/\/radiorevelacionfm.cl\/wp-content\/uploads\/2021\/09\/ClaudiaPereira1-1-1.jpg 774w, https:\/\/radiorevelacionfm.cl\/wp-content\/uploads\/2021\/09\/ClaudiaPereira1-1-1-300x233.jpg 300w, https:\/\/radiorevelacionfm.cl\/wp-content\/uploads\/2021\/09\/ClaudiaPereira1-1-1-768x595.jpg 768w, https:\/\/radiorevelacionfm.cl\/wp-content\/uploads\/2021\/09\/ClaudiaPereira1-1-1-705x547.jpg 705w, https:\/\/radiorevelacionfm.cl\/wp-content\/uploads\/2021\/09\/ClaudiaPereira1-1-1-600x465.jpg 600w\" sizes=\"(max-width: 774px) 100vw, 774px\" \/><\/div><\/div><\/div><\/div><div class=\"flex_column av_one_full  flex_column_div av-zero-column-padding first  avia-builder-el-2  el_after_av_one_full  el_before_av_one_full  column-top-margin\" style='border-radius:0px; '><section class=\"av_textblock_section \"  itemscope=\"itemscope\" itemtype=\"https:\/\/schema.org\/BlogPosting\" itemprop=\"blogPost\" ><div class='avia_textblock  '   itemprop=\"text\" ><p style=\"text-align: center;\"><strong><span style=\"font-size: 18pt;\">M\u00fasica Patagonia: la nueva organizaci\u00f3n creada para visibilizar a la regi\u00f3n de Ays\u00e9n mediante su m\u00fasica<\/span><\/strong><\/p>\n<div id=\"gtx-trans\" style=\"position: absolute; left: -50px; top: 4.31534px;\">\n<div class=\"gtx-trans-icon\"><\/div>\n<\/div>\n<\/div><\/section><\/div><\/p>\n<div class=\"flex_column av_one_full  flex_column_div av-zero-column-padding first  avia-builder-el-4  el_after_av_one_full  el_before_av_hr  column-top-margin\" style='border-radius:0px; '><section class=\"av_textblock_section \"  itemscope=\"itemscope\" itemtype=\"https:\/\/schema.org\/BlogPosting\" itemprop=\"blogPost\" ><div class='avia_textblock  '   itemprop=\"text\" ><p style=\"text-align: justify;\">Hace unos d\u00edas naci\u00f3 M\u00fasica Patagonia, organizaci\u00f3n de la Regi\u00f3n de Ays\u00e9n que busca fomentar y proyectar a este lugar fuera de sus fronteras, mediante su m\u00fasica, valorizando su identidad, sus protagonistas y creaciones, y teniendo como foco el desarrollo territorial, sostenible e\u00a0 inclusivo. Esta plataforma, est\u00e1 dirigida a los artistas regionales quienes adem\u00e1s de dar a conocer sus proyectos, podr\u00e1n formar redes y acceder a los programas de profesionalizaci\u00f3n, de colaboraci\u00f3n y difusi\u00f3n que ofrece la instancia.<\/p>\n<p style=\"text-align: justify;\">Para lograr estos objetivos, la organizaci\u00f3n desarroll\u00f3 una planificaci\u00f3n en 360\u00b0, con diversas acciones para vincular a los artistas de la regi\u00f3n y acercarlos a las diferentes audiencias. Su sitio web, en tanto, es una vitrina profesional, donde junto con apreciar el trabajo de los artistas locales, se podr\u00e1 acceder a proyectos relacionados con ellos y conocer las diferentes iniciativas de fomento de la m\u00fasica y servicios para los artistas.<\/p>\n<p style=\"text-align: justify;\">La Patagonia chilena es sin\u00f3nimo de naturaleza y turismo, sin embargo tambi\u00e9n es un territorio donde abunda la creaci\u00f3n musical y un espacio donde se realizan eventos y jornadas culturales.<\/p>\n<p style=\"text-align: justify;\">Por este motivo es que el equipo de creativos y \u2018hacedores\u2019 de proyectos que conforman M\u00fasica Patagonia aunar\u00e1 est\u00e1s esferas en pos del desarrollo del medio musical, valorando a sus artistas por su aporte al patrimonio cultural de la regi\u00f3n y contribuyendo finalmente al atractivo tur\u00edstico que ya posee la zona.<\/p>\n<p style=\"text-align: justify;\">\u201cEstamos muy contentos con este proyecto que acerca nuestra m\u00fasica de Ays\u00e9n a las audiencias. La idea es que la gente, en especial del territorio, conozca a sus artistas y su arte. Estuvimos meses trabajando y hoy nos sentimos orgullosos de poder potenciar la escena y contribuir a profesionalizar a\u00fan m\u00e1s la industria de la m\u00fasica desde los territorios, desde la Patagonia\u201d, expresa Gonzalo Burgos, fundador de M\u00fasica Patagonia.<\/p>\n<p style=\"text-align: justify;\">\u00abNos agradece ser parte de M\u00fasica Patagonia, hemos desarrollado muchos proyectos culturales donde ponemos el territorio y a sus artistas en medio de las preocupaciones de la pol\u00edticas culturales locales. Hoy, los talentos de las m\u00fasicas y los m\u00fasicos de la Patagonia merecen ser escuchados m\u00e1s all\u00e1 de su regi\u00f3n, adem\u00e1s de valorizar a sus actores culturales\u201d, enfatiza Claudia Pereira la destacada manager de la Agencia Somos Fuego que se une al desarrollo de la iniciativa.<\/p>\n<p style=\"text-align: justify;\">M\u00fasica Patagonia toma fuerza con esta importante alianza viene a consolidar un equipo de trabajo colaborativo con trabajadores de la industria nacional e internacional haciendo m\u00e1s atractiva la inversi\u00f3n econ\u00f3mica al sector y por tanto geolocalizando a nuestra regi\u00f3n dentro de un panorama global.<\/p>\n<\/div><\/section><\/div>\n<div  style='height:50px' class='hr hr-invisible   avia-builder-el-6  el_after_av_one_full  el_before_av_social_share '><span class='hr-inner ' ><span class='hr-inner-style'><\/span><\/span><\/div>\n<div  class='av-social-sharing-box  avia-builder-el-7  el_after_av_hr  el_before_av_hr  '><div class='av-share-box'><h5 class='av-share-link-description av-no-toc '>Compartir esta noticia<\/h5><ul class='av-share-box-list noLightbox'><li class='av-share-link av-social-link-facebook' ><a target=\"_blank\" aria-label=\"Compartir en Facebook\" href='https:\/\/www.facebook.com\/sharer.php?u=https:\/\/radiorevelacionfm.cl\/?p=8364&#038;t=M%C3%BAsica%20Patagonia%3A%20la%20nueva%20organizaci%C3%B3n%20creada%20para%20visibilizar%20a%20la%20regi%C3%B3n%20de%20Ays%C3%A9n%20mediante%20su%20m%C3%BAsica' aria-hidden='false' data-av_icon='\ue8f3' data-av_iconfont='entypo-fontello' title='' data-avia-related-tooltip='Compartir en Facebook' rel=\"noopener\"><span class='avia_hidden_link_text'>Compartir en Facebook<\/span><\/a><\/li><li class='av-share-link av-social-link-twitter' ><a target=\"_blank\" aria-label=\"Compartir en Twitter\" href='https:\/\/twitter.com\/share?text=M%C3%BAsica%20Patagonia%3A%20la%20nueva%20organizaci%C3%B3n%20creada%20para%20visibilizar%20a%20la%20regi%C3%B3n%20de%20Ays%C3%A9n%20mediante%20su%20m%C3%BAsica&#038;url=https:\/\/radiorevelacionfm.cl\/?p=8364' aria-hidden='false' data-av_icon='\ue8f1' data-av_iconfont='entypo-fontello' title='' data-avia-related-tooltip='Compartir en Twitter' rel=\"noopener\"><span class='avia_hidden_link_text'>Compartir en Twitter<\/span><\/a><\/li><li class='av-share-link av-social-link-whatsapp' ><a target=\"_blank\" aria-label=\"Compartir en Whatsapp\" href='https:\/\/api.whatsapp.com\/send?text=https:\/\/radiorevelacionfm.cl\/?p=8364' aria-hidden='false' data-av_icon='\uf232' data-av_iconfont='entypo-fontello' title='' data-avia-related-tooltip='Compartir en Whatsapp' rel=\"noopener\"><span class='avia_hidden_link_text'>Compartir en Whatsapp<\/span><\/a><\/li><li class='av-share-link av-social-link-linkedin' ><a target=\"_blank\" aria-label=\"Compartir en LinkedIn\" href='https:\/\/linkedin.com\/shareArticle?mini=true&#038;title=M%C3%BAsica%20Patagonia%3A%20la%20nueva%20organizaci%C3%B3n%20creada%20para%20visibilizar%20a%20la%20regi%C3%B3n%20de%20Ays%C3%A9n%20mediante%20su%20m%C3%BAsica&#038;url=https:\/\/radiorevelacionfm.cl\/?p=8364' aria-hidden='false' data-av_icon='\ue8fc' data-av_iconfont='entypo-fontello' title='' data-avia-related-tooltip='Compartir en LinkedIn' rel=\"noopener\"><span class='avia_hidden_link_text'>Compartir en LinkedIn<\/span><\/a><\/li><li class='av-share-link av-social-link-mail' ><a  aria-label=\"Compartir por correo\" href='mailto:?subject=M%C3%BAsica%20Patagonia%3A%20la%20nueva%20organizaci%C3%B3n%20creada%20para%20visibilizar%20a%20la%20regi%C3%B3n%20de%20Ays%C3%A9n%20mediante%20su%20m%C3%BAsica&#038;body=https:\/\/radiorevelacionfm.cl\/?p=8364' aria-hidden='false' data-av_icon='\ue805' data-av_iconfont='entypo-fontello' title='' data-avia-related-tooltip='Compartir por correo'><span class='avia_hidden_link_text'>Compartir por correo<\/span><\/a><\/li><\/ul><\/div><\/div>\n<div  style='height:50px' class='hr hr-invisible   avia-builder-el-8  el_after_av_social_share  el_before_av_comments_list '><span class='hr-inner ' ><span class='hr-inner-style'><\/span><\/span><\/div>\n<div  class='av-buildercomment  av-blog-meta-html-info-disabled av-blog-meta-tag-disabled  '><\/div>\n","protected":false},"excerpt":{"rendered":"","protected":false},"author":1,"featured_media":8385,"comment_status":"open","ping_status":"open","sticky":false,"template":"","format":"standard","meta":{"footnotes":""},"categories":[43],"tags":[],"class_list":["post-8364","post","type-post","status-publish","format-standard","has-post-thumbnail","hentry","category-musica"],"jetpack_featured_media_url":"https:\/\/radiorevelacionfm.cl\/wp-content\/uploads\/2021\/09\/ClaudiaPereira1-1-1.jpg","_links":{"self":[{"href":"https:\/\/radiorevelacionfm.cl\/index.php?rest_route=\/wp\/v2\/posts\/8364","targetHints":{"allow":["GET"]}}],"collection":[{"href":"https:\/\/radiorevelacionfm.cl\/index.php?rest_route=\/wp\/v2\/posts"}],"about":[{"href":"https:\/\/radiorevelacionfm.cl\/index.php?rest_route=\/wp\/v2\/types\/post"}],"author":[{"embeddable":true,"href":"https:\/\/radiorevelacionfm.cl\/index.php?rest_route=\/wp\/v2\/users\/1"}],"replies":[{"embeddable":true,"href":"https:\/\/radiorevelacionfm.cl\/index.php?rest_route=%2Fwp%2Fv2%2Fcomments&post=8364"}],"version-history":[{"count":3,"href":"https:\/\/radiorevelacionfm.cl\/index.php?rest_route=\/wp\/v2\/posts\/8364\/revisions"}],"predecessor-version":[{"id":8405,"href":"https:\/\/radiorevelacionfm.cl\/index.php?rest_route=\/wp\/v2\/posts\/8364\/revisions\/8405"}],"wp:featuredmedia":[{"embeddable":true,"href":"https:\/\/radiorevelacionfm.cl\/index.php?rest_route=\/wp\/v2\/media\/8385"}],"wp:attachment":[{"href":"https:\/\/radiorevelacionfm.cl\/index.php?rest_route=%2Fwp%2Fv2%2Fmedia&parent=8364"}],"wp:term":[{"taxonomy":"category","embeddable":true,"href":"https:\/\/radiorevelacionfm.cl\/index.php?rest_route=%2Fwp%2Fv2%2Fcategories&post=8364"},{"taxonomy":"post_tag","embeddable":true,"href":"https:\/\/radiorevelacionfm.cl\/index.php?rest_route=%2Fwp%2Fv2%2Ftags&post=8364"}],"curies":[{"name":"wp","href":"https:\/\/api.w.org\/{rel}","templated":true}]}}