{"id":8361,"date":"2021-09-06T14:51:03","date_gmt":"2021-09-06T17:51:03","guid":{"rendered":"https:\/\/radiorevelacionfm.cl\/?p=8361"},"modified":"2021-09-06T14:51:03","modified_gmt":"2021-09-06T17:51:03","slug":"tribunal-condeno-a-3-anos-y-un-dia-de-presidio-a-autor-de-agresion-con-arma-de-fuego-ocurrido-en-melinka","status":"publish","type":"post","link":"https:\/\/radiorevelacionfm.cl\/?p=8361","title":{"rendered":"Tribunal conden\u00f3 a 3 a\u00f1os y un d\u00eda de presidio a autor de agresi\u00f3n con arma de fuego ocurrido en Melinka"},"content":{"rendered":"<div class=\"flex_column av_one_full  flex_column_div av-zero-column-padding first  avia-builder-el-0  el_before_av_one_full  avia-builder-el-first  \" style='border-radius:0px; '><div  class='avia-image-container  av-styling-    avia-builder-el-1  avia-builder-el-no-sibling  avia-align-center '  itemprop=\"image\" itemscope=\"itemscope\" itemtype=\"https:\/\/schema.org\/ImageObject\"  ><div class='avia-image-container-inner'><div class='avia-image-overlay-wrap'><img decoding=\"async\" class='wp-image-8362 avia-img-lazy-loading-not-8362 avia_image' src=\"https:\/\/radiorevelacionfm.cl\/wp-content\/uploads\/2021\/09\/top-coyhaique-1-1_optimized.jpg\" alt='' title='top-coyhaique-(1)-(1)_optimized' height=\"600\" width=\"977\"  itemprop=\"thumbnailUrl\" srcset=\"https:\/\/radiorevelacionfm.cl\/wp-content\/uploads\/2021\/09\/top-coyhaique-1-1_optimized.jpg 977w, https:\/\/radiorevelacionfm.cl\/wp-content\/uploads\/2021\/09\/top-coyhaique-1-1_optimized-300x184.jpg 300w, https:\/\/radiorevelacionfm.cl\/wp-content\/uploads\/2021\/09\/top-coyhaique-1-1_optimized-768x472.jpg 768w, https:\/\/radiorevelacionfm.cl\/wp-content\/uploads\/2021\/09\/top-coyhaique-1-1_optimized-705x433.jpg 705w, https:\/\/radiorevelacionfm.cl\/wp-content\/uploads\/2021\/09\/top-coyhaique-1-1_optimized-600x368.jpg 600w\" sizes=\"(max-width: 977px) 100vw, 977px\" \/><\/div><\/div><\/div><\/div><div class=\"flex_column av_one_full  flex_column_div av-zero-column-padding first  avia-builder-el-2  el_after_av_one_full  el_before_av_one_full  column-top-margin\" style='border-radius:0px; '><section class=\"av_textblock_section \"  itemscope=\"itemscope\" itemtype=\"https:\/\/schema.org\/BlogPosting\" itemprop=\"blogPost\" ><div class='avia_textblock  '   itemprop=\"text\" ><p style=\"text-align: center;\"><strong><span style=\"font-size: 18pt;\">Tribunal conden\u00f3 a 3 a\u00f1os y un d\u00eda de presidio a autor de agresi\u00f3n con arma de fuego ocurrido en Melinka<\/span><\/strong><\/p>\n<div id=\"gtx-trans\" style=\"position: absolute; left: -50px; top: 4.31534px;\">\n<div class=\"gtx-trans-icon\"><\/div>\n<\/div>\n<\/div><\/section><\/div><div class=\"flex_column av_one_full  flex_column_div av-zero-column-padding first  avia-builder-el-4  el_after_av_one_full  el_before_av_hr  column-top-margin\" style='border-radius:0px; '><section class=\"av_textblock_section \"  itemscope=\"itemscope\" itemtype=\"https:\/\/schema.org\/BlogPosting\" itemprop=\"blogPost\" ><div class='avia_textblock  '   itemprop=\"text\" ><p class=\"v1MsoNormal\" style=\"text-align: justify;\">El Tribunal de Juicio Oral en lo Penal de Coyhaique conden\u00f3 a Paulo C\u00e9sar Contreras Catal\u00e1n a la pena de 3 a\u00f1os y un\u00a0 d\u00eda de presidio, como autor del delito consumado de posesi\u00f3n de arma de fuego y 11 cartuchos sin percutir. Il\u00edcito perpetrado en mayo de 2016, en la localidad de Melinka.<\/p>\n<p class=\"v1MsoNormal\" style=\"text-align: justify;\">En fallo un\u00e1nime (causa rol 46-2019) el tribunal \u2013integrado por los magistrados Pablo Freire Gavil\u00e1n (presidente), M\u00f3nica Coloma Pulgar y Patricio Z\u00fa\u00f1iga Valenzuela (redactor)- aplic\u00f3, adem\u00e1s, a Contreras Catal\u00e1n la accesoria de inhabilitaci\u00f3n absoluta perpetua para derechos pol\u00edticos y la inhabilitaci\u00f3n absoluta para cargos y oficios p\u00fablicos durante el tiempo de condena.<\/p>\n<p class=\"v1MsoNormal\" style=\"text-align: justify;\">Asimismo, el tribunal decret\u00f3 la pena de 300 d\u00edas de presidio como autor del delito de lesiones menos graves y el pago de 2 UTM, por el il\u00edcito de lesiones leves.<\/p>\n<p class=\"v1MsoNormal\" style=\"text-align: justify;\">Adem\u00e1s, se decret\u00f3 el comiso de la pistola Marca Glock 17, 9 mm., su respectivo cargador y 11 municiones, sin percutir.<\/p>\n<p class=\"v1MsoNormal\" style=\"text-align: justify;\">El tribunal dio por acreditado, m\u00e1s all\u00e1 de toda duda razonable, el d\u00eda 9 de mayo de 2016, alrededor de las 21:50 horas, Paulo C\u00e9sar Contreras Catal\u00e1n, acompa\u00f1ado de dos personas y portando una pistola marca GLOCK\/17, calibre 9 mm semiautom\u00e1tica, serie N\u00b0 UMR 704, inscrita a su nombre, pero respecto de la cual no tiene permiso de porte, concurri\u00f3 en su veh\u00edculo hasta el exterior del domicilio ubicado en calle Felipe Westhoff s\/n de la localidad de Melinka.<\/p>\n<p class=\"v1MsoNormal\" style=\"text-align: justify;\">En ese lugar descendi\u00f3 del veh\u00edculo, portando el arma de fuego, luego procedi\u00f3 a llamar mediante gritos y groser\u00edas a uno de los moradores, saliendo en primera instancia Ana del Tr\u00e1nsito G\u00f3mez Flores, la cual fue agredida por Contreras Catal\u00e1n con un golpe de pistola en su rostro lo que le ocasiona una herida cortante de 2 cms, en la regi\u00f3n supraciliar derecha, de car\u00e1cter leve. Ante ello, Oscar Daniel Navarro Correa sale a defender a su pareja, quien al percatarse del arma del imputado huy\u00f3 del lugar, procediendo \u00e9ste a dispararle, sin impactar, siguiendo la agresi\u00f3n contra la mujer.<\/p>\n<p class=\"v1MsoNormal\" style=\"text-align: justify;\">Regresando Navarro Correa al lugar, donde forcejea con Contreras Catal\u00e1n para quitarle la pistola, recibiendo el primero de los nombrados un disparo en la pierna, instantes en que el agresor se retira del lugar con sus acompa\u00f1antes. A consecuencia de la agresi\u00f3n con el arma de fuego, la v\u00edctima result\u00f3 con una herida penetrante por bala en tercio medio de muslo derecho, de car\u00e1cter menos grave.<\/p>\n<\/div><\/section><\/div><div  style='height:50px' class='hr hr-invisible   avia-builder-el-6  el_after_av_one_full  el_before_av_social_share '><span class='hr-inner ' ><span class='hr-inner-style'><\/span><\/span><\/div><\/p>\n<div  class='av-social-sharing-box  avia-builder-el-7  el_after_av_hr  el_before_av_hr  '><div class='av-share-box'><h5 class='av-share-link-description av-no-toc '>Compartir esta noticia<\/h5><ul class='av-share-box-list noLightbox'><li class='av-share-link av-social-link-facebook' ><a target=\"_blank\" aria-label=\"Compartir en Facebook\" href='https:\/\/www.facebook.com\/sharer.php?u=https:\/\/radiorevelacionfm.cl\/?p=8361&#038;t=Tribunal%20conden%C3%B3%20a%203%20a%C3%B1os%20y%20un%20d%C3%ADa%20de%20presidio%20a%20autor%20de%20agresi%C3%B3n%20con%20arma%20de%20fuego%20ocurrido%20en%20Melinka' aria-hidden='false' data-av_icon='\ue8f3' data-av_iconfont='entypo-fontello' title='' data-avia-related-tooltip='Compartir en Facebook' rel=\"noopener\"><span class='avia_hidden_link_text'>Compartir en Facebook<\/span><\/a><\/li><li class='av-share-link av-social-link-twitter' ><a target=\"_blank\" aria-label=\"Compartir en Twitter\" href='https:\/\/twitter.com\/share?text=Tribunal%20conden%C3%B3%20a%203%20a%C3%B1os%20y%20un%20d%C3%ADa%20de%20presidio%20a%20autor%20de%20agresi%C3%B3n%20con%20arma%20de%20fuego%20ocurrido%20en%20Melinka&#038;url=https:\/\/radiorevelacionfm.cl\/?p=8361' aria-hidden='false' data-av_icon='\ue8f1' data-av_iconfont='entypo-fontello' title='' data-avia-related-tooltip='Compartir en Twitter' rel=\"noopener\"><span class='avia_hidden_link_text'>Compartir en Twitter<\/span><\/a><\/li><li class='av-share-link av-social-link-whatsapp' ><a target=\"_blank\" aria-label=\"Compartir en Whatsapp\" href='https:\/\/api.whatsapp.com\/send?text=https:\/\/radiorevelacionfm.cl\/?p=8361' aria-hidden='false' data-av_icon='\uf232' data-av_iconfont='entypo-fontello' title='' data-avia-related-tooltip='Compartir en Whatsapp' rel=\"noopener\"><span class='avia_hidden_link_text'>Compartir en Whatsapp<\/span><\/a><\/li><li class='av-share-link av-social-link-linkedin' ><a target=\"_blank\" aria-label=\"Compartir en LinkedIn\" href='https:\/\/linkedin.com\/shareArticle?mini=true&#038;title=Tribunal%20conden%C3%B3%20a%203%20a%C3%B1os%20y%20un%20d%C3%ADa%20de%20presidio%20a%20autor%20de%20agresi%C3%B3n%20con%20arma%20de%20fuego%20ocurrido%20en%20Melinka&#038;url=https:\/\/radiorevelacionfm.cl\/?p=8361' aria-hidden='false' data-av_icon='\ue8fc' data-av_iconfont='entypo-fontello' title='' data-avia-related-tooltip='Compartir en LinkedIn' rel=\"noopener\"><span class='avia_hidden_link_text'>Compartir en LinkedIn<\/span><\/a><\/li><li class='av-share-link av-social-link-mail' ><a  aria-label=\"Compartir por correo\" href='mailto:?subject=Tribunal%20conden%C3%B3%20a%203%20a%C3%B1os%20y%20un%20d%C3%ADa%20de%20presidio%20a%20autor%20de%20agresi%C3%B3n%20con%20arma%20de%20fuego%20ocurrido%20en%20Melinka&#038;body=https:\/\/radiorevelacionfm.cl\/?p=8361' aria-hidden='false' data-av_icon='\ue805' data-av_iconfont='entypo-fontello' title='' data-avia-related-tooltip='Compartir por correo'><span class='avia_hidden_link_text'>Compartir por correo<\/span><\/a><\/li><\/ul><\/div><\/div>\n<div  style='height:50px' class='hr hr-invisible   avia-builder-el-8  el_after_av_social_share  el_before_av_comments_list '><span class='hr-inner ' ><span class='hr-inner-style'><\/span><\/span><\/div>\n<div  class='av-buildercomment  av-blog-meta-html-info-disabled av-blog-meta-tag-disabled  '><\/div>\n","protected":false},"excerpt":{"rendered":"","protected":false},"author":1,"featured_media":8362,"comment_status":"open","ping_status":"open","sticky":false,"template":"","format":"standard","meta":{"footnotes":""},"categories":[55],"tags":[],"class_list":["post-8361","post","type-post","status-publish","format-standard","has-post-thumbnail","hentry","category-justicia"],"jetpack_featured_media_url":"https:\/\/radiorevelacionfm.cl\/wp-content\/uploads\/2021\/09\/top-coyhaique-1-1_optimized.jpg","_links":{"self":[{"href":"https:\/\/radiorevelacionfm.cl\/index.php?rest_route=\/wp\/v2\/posts\/8361","targetHints":{"allow":["GET"]}}],"collection":[{"href":"https:\/\/radiorevelacionfm.cl\/index.php?rest_route=\/wp\/v2\/posts"}],"about":[{"href":"https:\/\/radiorevelacionfm.cl\/index.php?rest_route=\/wp\/v2\/types\/post"}],"author":[{"embeddable":true,"href":"https:\/\/radiorevelacionfm.cl\/index.php?rest_route=\/wp\/v2\/users\/1"}],"replies":[{"embeddable":true,"href":"https:\/\/radiorevelacionfm.cl\/index.php?rest_route=%2Fwp%2Fv2%2Fcomments&post=8361"}],"version-history":[{"count":1,"href":"https:\/\/radiorevelacionfm.cl\/index.php?rest_route=\/wp\/v2\/posts\/8361\/revisions"}],"predecessor-version":[{"id":8363,"href":"https:\/\/radiorevelacionfm.cl\/index.php?rest_route=\/wp\/v2\/posts\/8361\/revisions\/8363"}],"wp:featuredmedia":[{"embeddable":true,"href":"https:\/\/radiorevelacionfm.cl\/index.php?rest_route=\/wp\/v2\/media\/8362"}],"wp:attachment":[{"href":"https:\/\/radiorevelacionfm.cl\/index.php?rest_route=%2Fwp%2Fv2%2Fmedia&parent=8361"}],"wp:term":[{"taxonomy":"category","embeddable":true,"href":"https:\/\/radiorevelacionfm.cl\/index.php?rest_route=%2Fwp%2Fv2%2Fcategories&post=8361"},{"taxonomy":"post_tag","embeddable":true,"href":"https:\/\/radiorevelacionfm.cl\/index.php?rest_route=%2Fwp%2Fv2%2Ftags&post=8361"}],"curies":[{"name":"wp","href":"https:\/\/api.w.org\/{rel}","templated":true}]}}