{"id":8358,"date":"2021-09-06T13:32:31","date_gmt":"2021-09-06T16:32:31","guid":{"rendered":"https:\/\/radiorevelacionfm.cl\/?p=8358"},"modified":"2021-09-06T13:32:31","modified_gmt":"2021-09-06T16:32:31","slug":"sercotec-reinaugura-centro-de-negocios-en-puerto-aysen","status":"publish","type":"post","link":"https:\/\/radiorevelacionfm.cl\/?p=8358","title":{"rendered":"Sercotec reinaugura Centro de Negocios en Puerto Ays\u00e9n"},"content":{"rendered":"<div class=\"flex_column av_one_full  flex_column_div av-zero-column-padding first  avia-builder-el-0  el_before_av_one_full  avia-builder-el-first  \" style='border-radius:0px; '><div  class='avia-image-container  av-styling-    avia-builder-el-1  avia-builder-el-no-sibling  avia-align-center '  itemprop=\"image\" itemscope=\"itemscope\" itemtype=\"https:\/\/schema.org\/ImageObject\"  ><div class='avia-image-container-inner'><div class='avia-image-overlay-wrap'><img decoding=\"async\" class='wp-image-8359 avia-img-lazy-loading-not-8359 avia_image' src=\"https:\/\/radiorevelacionfm.cl\/wp-content\/uploads\/2021\/09\/Sercotec_16-1-1.jpg\" alt='' title='Sercotec_16 (1) (1)' height=\"600\" width=\"875\"  itemprop=\"thumbnailUrl\" srcset=\"https:\/\/radiorevelacionfm.cl\/wp-content\/uploads\/2021\/09\/Sercotec_16-1-1.jpg 875w, https:\/\/radiorevelacionfm.cl\/wp-content\/uploads\/2021\/09\/Sercotec_16-1-1-300x206.jpg 300w, https:\/\/radiorevelacionfm.cl\/wp-content\/uploads\/2021\/09\/Sercotec_16-1-1-768x527.jpg 768w, https:\/\/radiorevelacionfm.cl\/wp-content\/uploads\/2021\/09\/Sercotec_16-1-1-705x483.jpg 705w, https:\/\/radiorevelacionfm.cl\/wp-content\/uploads\/2021\/09\/Sercotec_16-1-1-600x411.jpg 600w\" sizes=\"(max-width: 875px) 100vw, 875px\" \/><\/div><\/div><\/div><\/div><div class=\"flex_column av_one_full  flex_column_div av-zero-column-padding first  avia-builder-el-2  el_after_av_one_full  el_before_av_one_full  column-top-margin\" style='border-radius:0px; '><section class=\"av_textblock_section \"  itemscope=\"itemscope\" itemtype=\"https:\/\/schema.org\/BlogPosting\" itemprop=\"blogPost\" ><div class='avia_textblock  '   itemprop=\"text\" ><p style=\"text-align: center;\"><strong><span style=\"font-size: 18pt;\">Sercotec reinaugura Centro de Negocios en Puerto Ays\u00e9n<\/span><\/strong><\/p>\n<div id=\"gtx-trans\" style=\"position: absolute; left: -50px; top: 4.31534px;\">\n<div class=\"gtx-trans-icon\"><\/div>\n<\/div>\n<\/div><\/section><\/div><div class=\"flex_column av_one_full  flex_column_div av-zero-column-padding first  avia-builder-el-4  el_after_av_one_full  el_before_av_hr  column-top-margin\" style='border-radius:0px; '><section class=\"av_textblock_section \"  itemscope=\"itemscope\" itemtype=\"https:\/\/schema.org\/BlogPosting\" itemprop=\"blogPost\" ><div class='avia_textblock  '   itemprop=\"text\" ><p style=\"text-align: justify;\">Con presencia de autoridades nacionales y regionales se reinaugur\u00f3 el Centro de Negocios de Puerto Ays\u00e9n, operado por la Corporaci\u00f3n Instituto Profesional INACAP, junto al Director Nacional de Sercotec, Bruno Trisotti, la Directora Regional de Sercotec, Cinthya Giovanna Pantanalli, Seremi de Econom\u00eda, Carlos Pacheco, la Vicerrectora de Inacap, Cherie Hern\u00e1ndez, acompa\u00f1ados por el Coordinador del Centro, Luis G\u00f3mez y asesores.<\/p>\n<p style=\"text-align: justify;\">En la instancia, se destac\u00f3 la modernizaci\u00f3n y renovaci\u00f3n de los espacios para atender a los usuarios y se resalt\u00f3 el trabajo de algunos clientes.<\/p>\n<p style=\"text-align: justify;\">En este contexto, el Director Nacional de Sercotec, Bruno Trisotti se\u00f1alo que los Centro de Negocios a lo largo de todo Chile buscan descentralizar los instrumentos de fomento productivo que tiene el estado y con ello potenciar a la Micro y Peque\u00f1a empresa en los diferentes territorios. \u201cLo fundamental de un Centro es apoyar a la gente que tiene ganas de emprender para que genere un plan de negocio y se formalice para competir en el mercado, en tanto, las empresas que ya cuentan con una iniciaci\u00f3n de actividades se les otorga ayuda para mejorar su competitividad\u201d. Dijo el Director.<\/p>\n<p style=\"text-align: justify;\">Por su parte, la Directora Regional de Sercotec, Cinthya Pantanalli, destac\u00f3 que se ha podido descentralizar la existencia de los Centros de Negocios al contar con dos en la regi\u00f3n (Coyhaique y Puerto Ays\u00e9n) m\u00e1s las oficinas sat\u00e9lites que abarcan \u00a0la zona norte y sur de\u00a0 Ays\u00e9n. (Desde Melinka hasta Villa O&#8217;Higgins) \u201cLa idea es llegar a todos los territorios para aportar con herramientas y conocimientos que necesitan los emprendedores para hacer crecer sus negocios\u201d, expres\u00f3 Pantanalli.<\/p>\n<p style=\"text-align: justify;\">Desde el a\u00f1o pasado, el Centro de Puerto Ays\u00e9n,\u00a0 ha efectuado\u00a0 asesor\u00edas t\u00e9cnicas a 400 clientes, 56%\u00a0 mujeres y 42%\u00a0 hombres, sin costo, y v\u00eda online por pandemia, con el principal objetivo de fomentar las posibilidades de \u00e9xito para los clientes y usuarios.<\/p>\n<p style=\"text-align: justify;\">Las asesor\u00edas se centran principalmente en temas relacionados al Marketing Digital, Formalizaci\u00f3n y Emprendimiento, Financiamiento, Gesti\u00f3n de clientes, Gesti\u00f3n de Personas, Gesti\u00f3n Financiera y Contable, Gesti\u00f3n Comercial y Vinculaci\u00f3n y Herramientas Tecnol\u00f3gicas.\u00a0 Todo este apoyo es totalmente gratuito.<\/p>\n<p style=\"text-align: justify;\">El desaf\u00edo de la Red de Centros de Negocios Sercotec para este 2021 es contar con mejoras en infraestructura e inaugurar nuevas oficinas, todo con el fin de llegar a m\u00e1s emprendedores y a zonas que necesitan de asesor\u00edas de expertos en temas comerciales.<\/p>\n<p style=\"text-align: justify;\"><strong>Apreciaciones de usuarios y clientes<\/strong><\/p>\n<p style=\"text-align: justify;\">Juana Ampuero, due\u00f1a de \u201cGuarnici\u00f3n de la Pampa\u201d, empresa dedicada a la elaboraci\u00f3n de productos deshidratados, t\u00e9 artesanal e infusiones, es clienta del Centro de Negocios de Puerto Ays\u00e9n hace 4 a\u00f1os. \u201cA lo largo de todo este tiempo los asesores del Centro, me han apoyado en varios \u00e1mbitos pude conocer aspectos del negocio que no conoc\u00eda y siempre han sido un fuerte apoyo para temas comerciales, y tributarios\u201d. Destac\u00f3 la clienta.<\/p>\n<p style=\"text-align: justify;\">En tanto, Roc\u00edo Ortega, clienta del centro hace dos a\u00f1os y due\u00f1a de Patagonia Bees, empresa dedicada a la fabricaci\u00f3n de productos naturales a base de miel de abejas combinados con berries aut\u00f3ctonos de la regi\u00f3n, indic\u00f3 que \u201cGracias a la gesti\u00f3n de los asesores del Centro, pude desarrollar mi idea de negocio y dar forma a mi emprendimiento, me ayudaron a postular a un fondo del estado el cual me adjudique y con ello, pude avanzar y crecer\u201d.<\/p>\n<p style=\"text-align: justify;\">Por su parte, Claudia Andrade, due\u00f1a de Emporio Gaucho, tienda aisenina dedicada a la venta de art\u00edculos t\u00edpicos de la Patagonia y productos que rescatan las tradiciones gauchas, destac\u00f3 que la atenci\u00f3n y asesor\u00edas que entrega el Centro de Puerto Ays\u00e9n, han sido de gran ayuda para potenciar su empresa y conocer aspectos administrativos claves para su desarrollo.<\/p>\n<p style=\"text-align: justify;\"><strong>\u00a0<\/strong><\/p>\n<\/div><\/section><\/div><div  style='height:50px' class='hr hr-invisible   avia-builder-el-6  el_after_av_one_full  el_before_av_social_share '><span class='hr-inner ' ><span class='hr-inner-style'><\/span><\/span><\/div><\/p>\n<div  class='av-social-sharing-box  avia-builder-el-7  el_after_av_hr  el_before_av_hr  '><div class='av-share-box'><h5 class='av-share-link-description av-no-toc '>Compartir esta noticia<\/h5><ul class='av-share-box-list noLightbox'><li class='av-share-link av-social-link-facebook' ><a target=\"_blank\" aria-label=\"Compartir en Facebook\" href='https:\/\/www.facebook.com\/sharer.php?u=https:\/\/radiorevelacionfm.cl\/?p=8358&#038;t=Sercotec%20reinaugura%20Centro%20de%20Negocios%20en%20Puerto%20Ays%C3%A9n' aria-hidden='false' data-av_icon='\ue8f3' data-av_iconfont='entypo-fontello' title='' data-avia-related-tooltip='Compartir en Facebook' rel=\"noopener\"><span class='avia_hidden_link_text'>Compartir en Facebook<\/span><\/a><\/li><li class='av-share-link av-social-link-twitter' ><a target=\"_blank\" aria-label=\"Compartir en Twitter\" href='https:\/\/twitter.com\/share?text=Sercotec%20reinaugura%20Centro%20de%20Negocios%20en%20Puerto%20Ays%C3%A9n&#038;url=https:\/\/radiorevelacionfm.cl\/?p=8358' aria-hidden='false' data-av_icon='\ue8f1' data-av_iconfont='entypo-fontello' title='' data-avia-related-tooltip='Compartir en Twitter' rel=\"noopener\"><span class='avia_hidden_link_text'>Compartir en Twitter<\/span><\/a><\/li><li class='av-share-link av-social-link-whatsapp' ><a target=\"_blank\" aria-label=\"Compartir en Whatsapp\" href='https:\/\/api.whatsapp.com\/send?text=https:\/\/radiorevelacionfm.cl\/?p=8358' aria-hidden='false' data-av_icon='\uf232' data-av_iconfont='entypo-fontello' title='' data-avia-related-tooltip='Compartir en Whatsapp' rel=\"noopener\"><span class='avia_hidden_link_text'>Compartir en Whatsapp<\/span><\/a><\/li><li class='av-share-link av-social-link-linkedin' ><a target=\"_blank\" aria-label=\"Compartir en LinkedIn\" href='https:\/\/linkedin.com\/shareArticle?mini=true&#038;title=Sercotec%20reinaugura%20Centro%20de%20Negocios%20en%20Puerto%20Ays%C3%A9n&#038;url=https:\/\/radiorevelacionfm.cl\/?p=8358' aria-hidden='false' data-av_icon='\ue8fc' data-av_iconfont='entypo-fontello' title='' data-avia-related-tooltip='Compartir en LinkedIn' rel=\"noopener\"><span class='avia_hidden_link_text'>Compartir en LinkedIn<\/span><\/a><\/li><li class='av-share-link av-social-link-mail' ><a  aria-label=\"Compartir por correo\" href='mailto:?subject=Sercotec%20reinaugura%20Centro%20de%20Negocios%20en%20Puerto%20Ays%C3%A9n&#038;body=https:\/\/radiorevelacionfm.cl\/?p=8358' aria-hidden='false' data-av_icon='\ue805' data-av_iconfont='entypo-fontello' title='' data-avia-related-tooltip='Compartir por correo'><span class='avia_hidden_link_text'>Compartir por correo<\/span><\/a><\/li><\/ul><\/div><\/div>\n<div  style='height:50px' class='hr hr-invisible   avia-builder-el-8  el_after_av_social_share  el_before_av_comments_list '><span class='hr-inner ' ><span class='hr-inner-style'><\/span><\/span><\/div>\n<div  class='av-buildercomment  av-blog-meta-html-info-disabled av-blog-meta-tag-disabled  '><\/div>\n","protected":false},"excerpt":{"rendered":"","protected":false},"author":1,"featured_media":8359,"comment_status":"open","ping_status":"open","sticky":false,"template":"","format":"standard","meta":{"footnotes":""},"categories":[37],"tags":[],"class_list":["post-8358","post","type-post","status-publish","format-standard","has-post-thumbnail","hentry","category-economia"],"jetpack_featured_media_url":"https:\/\/radiorevelacionfm.cl\/wp-content\/uploads\/2021\/09\/Sercotec_16-1-1.jpg","_links":{"self":[{"href":"https:\/\/radiorevelacionfm.cl\/index.php?rest_route=\/wp\/v2\/posts\/8358","targetHints":{"allow":["GET"]}}],"collection":[{"href":"https:\/\/radiorevelacionfm.cl\/index.php?rest_route=\/wp\/v2\/posts"}],"about":[{"href":"https:\/\/radiorevelacionfm.cl\/index.php?rest_route=\/wp\/v2\/types\/post"}],"author":[{"embeddable":true,"href":"https:\/\/radiorevelacionfm.cl\/index.php?rest_route=\/wp\/v2\/users\/1"}],"replies":[{"embeddable":true,"href":"https:\/\/radiorevelacionfm.cl\/index.php?rest_route=%2Fwp%2Fv2%2Fcomments&post=8358"}],"version-history":[{"count":1,"href":"https:\/\/radiorevelacionfm.cl\/index.php?rest_route=\/wp\/v2\/posts\/8358\/revisions"}],"predecessor-version":[{"id":8360,"href":"https:\/\/radiorevelacionfm.cl\/index.php?rest_route=\/wp\/v2\/posts\/8358\/revisions\/8360"}],"wp:featuredmedia":[{"embeddable":true,"href":"https:\/\/radiorevelacionfm.cl\/index.php?rest_route=\/wp\/v2\/media\/8359"}],"wp:attachment":[{"href":"https:\/\/radiorevelacionfm.cl\/index.php?rest_route=%2Fwp%2Fv2%2Fmedia&parent=8358"}],"wp:term":[{"taxonomy":"category","embeddable":true,"href":"https:\/\/radiorevelacionfm.cl\/index.php?rest_route=%2Fwp%2Fv2%2Fcategories&post=8358"},{"taxonomy":"post_tag","embeddable":true,"href":"https:\/\/radiorevelacionfm.cl\/index.php?rest_route=%2Fwp%2Fv2%2Ftags&post=8358"}],"curies":[{"name":"wp","href":"https:\/\/api.w.org\/{rel}","templated":true}]}}