{"id":8354,"date":"2021-09-06T12:24:19","date_gmt":"2021-09-06T15:24:19","guid":{"rendered":"https:\/\/radiorevelacionfm.cl\/?p=8354"},"modified":"2021-09-06T12:25:13","modified_gmt":"2021-09-06T15:25:13","slug":"nuevos-proyectos-por-el-fomento-productivo-comienzan-a-trabajar-con-emprendedores-de-puerto-aguirre","status":"publish","type":"post","link":"https:\/\/radiorevelacionfm.cl\/?p=8354","title":{"rendered":"Nuevos proyectos por el fomento productivo comienzan a trabajar con emprendedores de Puerto Aguirre"},"content":{"rendered":"<div class=\"flex_column av_one_full  flex_column_div av-zero-column-padding first  avia-builder-el-0  el_before_av_one_full  avia-builder-el-first  \" style='border-radius:0px; '><div  class='avia-image-container  av-styling-    avia-builder-el-1  avia-builder-el-no-sibling  avia-align-center '  itemprop=\"image\" itemscope=\"itemscope\" itemtype=\"https:\/\/schema.org\/ImageObject\"  ><div class='avia-image-container-inner'><div class='avia-image-overlay-wrap'><img decoding=\"async\" class='wp-image-8355 avia-img-lazy-loading-not-8355 avia_image' src=\"https:\/\/radiorevelacionfm.cl\/wp-content\/uploads\/2021\/09\/Pto-Aguirre-2021-09-04-1-1.jpeg\" alt='' title='Pto Aguirre 2021-09-04 (1) (1)' height=\"600\" width=\"1333\"  itemprop=\"thumbnailUrl\" srcset=\"https:\/\/radiorevelacionfm.cl\/wp-content\/uploads\/2021\/09\/Pto-Aguirre-2021-09-04-1-1.jpeg 1333w, https:\/\/radiorevelacionfm.cl\/wp-content\/uploads\/2021\/09\/Pto-Aguirre-2021-09-04-1-1-300x135.jpeg 300w, https:\/\/radiorevelacionfm.cl\/wp-content\/uploads\/2021\/09\/Pto-Aguirre-2021-09-04-1-1-1030x464.jpeg 1030w, https:\/\/radiorevelacionfm.cl\/wp-content\/uploads\/2021\/09\/Pto-Aguirre-2021-09-04-1-1-768x346.jpeg 768w, https:\/\/radiorevelacionfm.cl\/wp-content\/uploads\/2021\/09\/Pto-Aguirre-2021-09-04-1-1-705x317.jpeg 705w, https:\/\/radiorevelacionfm.cl\/wp-content\/uploads\/2021\/09\/Pto-Aguirre-2021-09-04-1-1-600x270.jpeg 600w\" sizes=\"(max-width: 1333px) 100vw, 1333px\" \/><\/div><\/div><\/div><\/div>\n<div class=\"flex_column av_one_full  flex_column_div av-zero-column-padding first  avia-builder-el-2  el_after_av_one_full  el_before_av_one_full  column-top-margin\" style='border-radius:0px; '><section class=\"av_textblock_section \"  itemscope=\"itemscope\" itemtype=\"https:\/\/schema.org\/BlogPosting\" itemprop=\"blogPost\" ><div class='avia_textblock  '   itemprop=\"text\" ><p style=\"text-align: center;\"><span style=\"font-size: 18pt;\"><b>Nuevos proyectos por el fomento productivo comienzan a trabajar con emprendedores de Puerto Aguirre<\/b><\/span><\/p>\n<div id=\"gtx-trans\" style=\"position: absolute; left: -50px; top: 4.31534px;\">\n<div class=\"gtx-trans-icon\"><\/div>\n<\/div>\n<\/div><\/section><\/div>\n<div class=\"flex_column av_one_full  flex_column_div av-zero-column-padding first  avia-builder-el-4  el_after_av_one_full  el_before_av_hr  column-top-margin\" style='border-radius:0px; '><section class=\"av_textblock_section \"  itemscope=\"itemscope\" itemtype=\"https:\/\/schema.org\/BlogPosting\" itemprop=\"blogPost\" ><div class='avia_textblock  '   itemprop=\"text\" ><p style=\"text-align: justify;\">En el marco de la realizaci\u00f3n de los desaf\u00edos del programa de Gobierno de la Gobernadora Regional Andrea Mac\u00edas Palma, se inici\u00f3 un trabajo por m\u00e1s oportunidades de desarrollo y econom\u00eda local.<\/p>\n<p style=\"text-align: justify;\">A prop\u00f3sito de las visitas en terreno que se establecen con la comunidad, la Jefa de la Divisi\u00f3n de Fomento e Industria, Yessica Lagos, estuvo visitando la caleta Puerto Aguirre en reuni\u00f3n con mujeres lideresas del lugar y sindicatos de pescadores. Lo que se busca es aportar a la caleta como una unidad productiva, econ\u00f3mica, social y cultural y ver qu\u00e9 tipos de emprendimientos se pueden trabajar para apoyar a las vecinas.<\/p>\n<p style=\"text-align: justify;\">\u00abLo que m\u00e1s est\u00e1n pidiendo ellas es apoyo en formalizaci\u00f3n y capacitaci\u00f3n. Sienten mucha esperanza en este nuevo Gobierno Regional y en el trabajo que comenzaremos a realizar en conjunto\u00bb, afirm\u00f3 Lagos.<\/p>\n<p style=\"text-align: justify;\">Aprovechando la visita, tambi\u00e9n sostuvieron reuniones con dirigentes de pesca artesanal, donde se hablaron sobre las dificultades que tienen sus organizaciones para subsistir hoy d\u00eda. \u00abPor ejemplo, no existen lugares para la venta de combustible, lo que es vital para el desarrollo de su trabajo. Cada vez m\u00e1s se han ido encareciendo los costos de poder producir y a la vez, vender. Por eso estamos tomando nota sobre la forma de apoyar a la localidad\u00bb.<\/p>\n<p style=\"text-align: justify;\">Las mesas de trabajo establecidas entre la comunidad y el Gobierno Regional seguir\u00e1n trabajando conjuntamente para potenciar las oportunidades de desarrollo para el sector y los vecinos y vecinas.<\/p>\n<\/div><\/section><\/div><div  style='height:50px' class='hr hr-invisible   avia-builder-el-6  el_after_av_one_full  el_before_av_social_share '><span class='hr-inner ' ><span class='hr-inner-style'><\/span><\/span><\/div><\/p>\n<div  class='av-social-sharing-box  avia-builder-el-7  el_after_av_hr  el_before_av_hr  '><div class='av-share-box'><h5 class='av-share-link-description av-no-toc '>Compartir esta noticia<\/h5><ul class='av-share-box-list noLightbox'><li class='av-share-link av-social-link-facebook' ><a target=\"_blank\" aria-label=\"Compartir en Facebook\" href='https:\/\/www.facebook.com\/sharer.php?u=https:\/\/radiorevelacionfm.cl\/?p=8354&#038;t=Nuevos%20proyectos%20por%20el%20fomento%20productivo%20comienzan%20a%20trabajar%20con%20emprendedores%20de%20Puerto%20Aguirre' aria-hidden='false' data-av_icon='\ue8f3' data-av_iconfont='entypo-fontello' title='' data-avia-related-tooltip='Compartir en Facebook' rel=\"noopener\"><span class='avia_hidden_link_text'>Compartir en Facebook<\/span><\/a><\/li><li class='av-share-link av-social-link-twitter' ><a target=\"_blank\" aria-label=\"Compartir en Twitter\" href='https:\/\/twitter.com\/share?text=Nuevos%20proyectos%20por%20el%20fomento%20productivo%20comienzan%20a%20trabajar%20con%20emprendedores%20de%20Puerto%20Aguirre&#038;url=https:\/\/radiorevelacionfm.cl\/?p=8354' aria-hidden='false' data-av_icon='\ue8f1' data-av_iconfont='entypo-fontello' title='' data-avia-related-tooltip='Compartir en Twitter' rel=\"noopener\"><span class='avia_hidden_link_text'>Compartir en Twitter<\/span><\/a><\/li><li class='av-share-link av-social-link-whatsapp' ><a target=\"_blank\" aria-label=\"Compartir en Whatsapp\" href='https:\/\/api.whatsapp.com\/send?text=https:\/\/radiorevelacionfm.cl\/?p=8354' aria-hidden='false' data-av_icon='\uf232' data-av_iconfont='entypo-fontello' title='' data-avia-related-tooltip='Compartir en Whatsapp' rel=\"noopener\"><span class='avia_hidden_link_text'>Compartir en Whatsapp<\/span><\/a><\/li><li class='av-share-link av-social-link-linkedin' ><a target=\"_blank\" aria-label=\"Compartir en LinkedIn\" href='https:\/\/linkedin.com\/shareArticle?mini=true&#038;title=Nuevos%20proyectos%20por%20el%20fomento%20productivo%20comienzan%20a%20trabajar%20con%20emprendedores%20de%20Puerto%20Aguirre&#038;url=https:\/\/radiorevelacionfm.cl\/?p=8354' aria-hidden='false' data-av_icon='\ue8fc' data-av_iconfont='entypo-fontello' title='' data-avia-related-tooltip='Compartir en LinkedIn' rel=\"noopener\"><span class='avia_hidden_link_text'>Compartir en LinkedIn<\/span><\/a><\/li><li class='av-share-link av-social-link-mail' ><a  aria-label=\"Compartir por correo\" href='mailto:?subject=Nuevos%20proyectos%20por%20el%20fomento%20productivo%20comienzan%20a%20trabajar%20con%20emprendedores%20de%20Puerto%20Aguirre&#038;body=https:\/\/radiorevelacionfm.cl\/?p=8354' aria-hidden='false' data-av_icon='\ue805' data-av_iconfont='entypo-fontello' title='' data-avia-related-tooltip='Compartir por correo'><span class='avia_hidden_link_text'>Compartir por correo<\/span><\/a><\/li><\/ul><\/div><\/div>\n<div  style='height:50px' class='hr hr-invisible   avia-builder-el-8  el_after_av_social_share  el_before_av_comments_list '><span class='hr-inner ' ><span class='hr-inner-style'><\/span><\/span><\/div>\n<div  class='av-buildercomment  av-blog-meta-html-info-disabled av-blog-meta-tag-disabled  '><\/div>\n","protected":false},"excerpt":{"rendered":"","protected":false},"author":1,"featured_media":8355,"comment_status":"open","ping_status":"open","sticky":false,"template":"","format":"standard","meta":{"footnotes":""},"categories":[38],"tags":[],"class_list":["post-8354","post","type-post","status-publish","format-standard","has-post-thumbnail","hentry","category-regional"],"jetpack_featured_media_url":"https:\/\/radiorevelacionfm.cl\/wp-content\/uploads\/2021\/09\/Pto-Aguirre-2021-09-04-1-1.jpeg","_links":{"self":[{"href":"https:\/\/radiorevelacionfm.cl\/index.php?rest_route=\/wp\/v2\/posts\/8354","targetHints":{"allow":["GET"]}}],"collection":[{"href":"https:\/\/radiorevelacionfm.cl\/index.php?rest_route=\/wp\/v2\/posts"}],"about":[{"href":"https:\/\/radiorevelacionfm.cl\/index.php?rest_route=\/wp\/v2\/types\/post"}],"author":[{"embeddable":true,"href":"https:\/\/radiorevelacionfm.cl\/index.php?rest_route=\/wp\/v2\/users\/1"}],"replies":[{"embeddable":true,"href":"https:\/\/radiorevelacionfm.cl\/index.php?rest_route=%2Fwp%2Fv2%2Fcomments&post=8354"}],"version-history":[{"count":2,"href":"https:\/\/radiorevelacionfm.cl\/index.php?rest_route=\/wp\/v2\/posts\/8354\/revisions"}],"predecessor-version":[{"id":8357,"href":"https:\/\/radiorevelacionfm.cl\/index.php?rest_route=\/wp\/v2\/posts\/8354\/revisions\/8357"}],"wp:featuredmedia":[{"embeddable":true,"href":"https:\/\/radiorevelacionfm.cl\/index.php?rest_route=\/wp\/v2\/media\/8355"}],"wp:attachment":[{"href":"https:\/\/radiorevelacionfm.cl\/index.php?rest_route=%2Fwp%2Fv2%2Fmedia&parent=8354"}],"wp:term":[{"taxonomy":"category","embeddable":true,"href":"https:\/\/radiorevelacionfm.cl\/index.php?rest_route=%2Fwp%2Fv2%2Fcategories&post=8354"},{"taxonomy":"post_tag","embeddable":true,"href":"https:\/\/radiorevelacionfm.cl\/index.php?rest_route=%2Fwp%2Fv2%2Ftags&post=8354"}],"curies":[{"name":"wp","href":"https:\/\/api.w.org\/{rel}","templated":true}]}}