{"id":8347,"date":"2021-09-06T10:06:07","date_gmt":"2021-09-06T13:06:07","guid":{"rendered":"https:\/\/radiorevelacionfm.cl\/?p=8347"},"modified":"2021-09-06T10:06:07","modified_gmt":"2021-09-06T13:06:07","slug":"comunidad-estudiantil-del-liceo-politecnico-homenajea-a-colega-que-jubila-tras-40-anos-de-servicio","status":"publish","type":"post","link":"https:\/\/radiorevelacionfm.cl\/?p=8347","title":{"rendered":"Comunidad estudiantil del liceo Polit\u00e9cnico homenajea a colega que jubila tras 40 a\u00f1os de servicio"},"content":{"rendered":"<div class=\"flex_column av_one_full  flex_column_div av-zero-column-padding first  avia-builder-el-0  el_before_av_one_full  avia-builder-el-first  \" style='border-radius:0px; '><div  class='avia-image-container  av-styling-    avia-builder-el-1  avia-builder-el-no-sibling  avia-align-center '  itemprop=\"image\" itemscope=\"itemscope\" itemtype=\"https:\/\/schema.org\/ImageObject\"  ><div class='avia-image-container-inner'><div class='avia-image-overlay-wrap'><img decoding=\"async\" class='wp-image-8348 avia-img-lazy-loading-not-8348 avia_image' src=\"https:\/\/radiorevelacionfm.cl\/wp-content\/uploads\/2021\/09\/bibliotecaria-1_optimized.jpg\" alt='' title='bibliotecaria-(1)_optimized' height=\"600\" width=\"1298\"  itemprop=\"thumbnailUrl\" srcset=\"https:\/\/radiorevelacionfm.cl\/wp-content\/uploads\/2021\/09\/bibliotecaria-1_optimized.jpg 1298w, https:\/\/radiorevelacionfm.cl\/wp-content\/uploads\/2021\/09\/bibliotecaria-1_optimized-300x139.jpg 300w, https:\/\/radiorevelacionfm.cl\/wp-content\/uploads\/2021\/09\/bibliotecaria-1_optimized-1030x476.jpg 1030w, https:\/\/radiorevelacionfm.cl\/wp-content\/uploads\/2021\/09\/bibliotecaria-1_optimized-768x355.jpg 768w, https:\/\/radiorevelacionfm.cl\/wp-content\/uploads\/2021\/09\/bibliotecaria-1_optimized-705x326.jpg 705w, https:\/\/radiorevelacionfm.cl\/wp-content\/uploads\/2021\/09\/bibliotecaria-1_optimized-600x277.jpg 600w\" sizes=\"(max-width: 1298px) 100vw, 1298px\" \/><\/div><\/div><\/div><\/div><div class=\"flex_column av_one_full  flex_column_div av-zero-column-padding first  avia-builder-el-2  el_after_av_one_full  el_before_av_one_full  column-top-margin\" style='border-radius:0px; '><section class=\"av_textblock_section \"  itemscope=\"itemscope\" itemtype=\"https:\/\/schema.org\/BlogPosting\" itemprop=\"blogPost\" ><div class='avia_textblock  '   itemprop=\"text\" ><p style=\"text-align: center;\"><strong><span style=\"font-size: 18pt;\">Comunidad estudiantil del liceo Polit\u00e9cnico homenajea a colega que jubila tras 40 a\u00f1os de servicio <\/span><\/strong><\/p>\n<div id=\"gtx-trans\" style=\"position: absolute; left: -50px; top: 4.31534px;\">\n<div class=\"gtx-trans-icon\"><\/div>\n<\/div>\n<\/div><\/section><\/div><div class=\"flex_column av_one_full  flex_column_div av-zero-column-padding first  avia-builder-el-4  el_after_av_one_full  el_before_av_hr  column-top-margin\" style='border-radius:0px; '><section class=\"av_textblock_section \"  itemscope=\"itemscope\" itemtype=\"https:\/\/schema.org\/BlogPosting\" itemprop=\"blogPost\" ><div class='avia_textblock  '   itemprop=\"text\" ><p style=\"text-align: justify;\">Una emotiva ceremonia tuvo lugar en el liceo Polit\u00e9cnico en Puerto Ays\u00e9n, cuando la comunidad educativa en pleno despidi\u00f3 los 40 a\u00f1os de trayectoria de la bibliotecaria, Norma Herrera.<\/p>\n<p style=\"text-align: justify;\">Instancia que estuvo llena de recuerdos, an\u00e9cdotas y buenos deseos para esta asistente de la educaci\u00f3n, quien inici\u00f3 sus labores en este establecimiento educacional en 1981, cuando originalmente era un liceo de hombres.<\/p>\n<p style=\"text-align: justify;\">Durante todos estos a\u00f1os, Norma fue testigo de los diversos cambios que vivi\u00f3 el recinto educacional, viendo ingresar a las aulas a generaciones de estudiantes, compartiendo la alegr\u00eda de aquellos que egresaron, convirti\u00e9ndose en confidente de m\u00e1s de alg\u00fan funcionario y alumno, y siendo parte fundamental de la historia reciente del recinto educacional municipalizado.<\/p>\n<p style=\"text-align: justify;\">As\u00ed, adem\u00e1s, qued\u00f3 de manifiesto durante el homenaje que le rindieron sus pares. Instancia encabezada por la directora del liceo, Mar\u00eda Celeste Rojas, quien s\u00f3lo tuvo palabras de agradecimiento para \u201cNormita\u201d, como cari\u00f1osamente le conocen sus cercanos. \u201cDesearle el mejor de los \u00e9xitos a nombre de toda la comunidad educativa del liceo. Que el camino que ve hacia adelante est\u00e9 lleno s\u00f3lo de alegr\u00edas, y que pueda hoy concretar todos esos sue\u00f1os que a veces en este trabajo, tan intenso como es la educaci\u00f3n, no pueden culminarse. Qu\u00e9 importante es llegar a este momento en que se mira hacia atr\u00e1s y decir llegue aqu\u00ed, hice bien mi trabajo, di lo mejor que pude haberlo dado\u201d, indic\u00f3 la directiva agregando \u201cque esta etapa que inicia sea mejor que la anterior. S\u00f3lo agradecerle su apoyo, su cari\u00f1o, su sonrisa. Muchas gracias por estas cuatro d\u00e9cadas de servicio y vocaci\u00f3n en nuestro liceo\u201d.<\/p>\n<p style=\"text-align: justify;\">Y es que, durante todos estos a\u00f1os, quienes la conocen, se\u00f1alan que dentro de las cualidades de esta aysenina destac\u00f3 siempre la creatividad y disciplina. Virtudes necesarias para realizar con \u00e9xito su tarea, y donde siempre resalt\u00f3 la sonrisa en su rostro cada vez que alguien ingresaba a la biblioteca del liceo Polit\u00e9cnico.<\/p>\n<p style=\"text-align: justify;\">\u201cFue muy emocionante, salir del liceo y entregar las llaves, me corrieron las l\u00e1grimas. Estuvo presente mi hijo Daniel Meli\u00e1n, quien me acompa\u00f1\u00f3 y tambi\u00e9n recibi\u00f3 el galvano de mi hermano que se fue junto conmigo a descansar, Omar Herrera Navarro. Fueron 40 a\u00f1os en mi liceo 40 a\u00f1os\u201d, expres\u00f3 \u201cNormita\u201d.<\/p>\n<p style=\"text-align: justify;\">La funcionaria que hoy inicia su merecido descanso, a\u00f1adi\u00f3 que \u201ca todo el personal, a todos mis colegas, a los estudiantes, a cada uno, un tremendo cari\u00f1o, les deseo a todos lo mejor. Hoy ya descansando en mi casita, y espero que sea as\u00ed de aqu\u00ed en adelante. Gracias a Dios tengo varios proyectos que espero concretar lo m\u00e1s pronto que sea posible porque quiero seguir aportando a mi ciudad, a mi comuna, a mi Puerto Ays\u00e9n que lo quiero tanto. Mi salud est\u00e1 muy bien, un siete, que es lo m\u00e1s importante as\u00ed que por eso le doy gracias a Dios todos los d\u00edas\u201d, manifest\u00f3 Herrera Navarro, a quien seguramente ya estar\u00e1n echando de menos en las dependencias del que fuese su liceo, especialmente en los espacios de la biblioteca.<\/p>\n<\/div><\/section><\/div><div  style='height:50px' class='hr hr-invisible   avia-builder-el-6  el_after_av_one_full  el_before_av_social_share '><span class='hr-inner ' ><span class='hr-inner-style'><\/span><\/span><\/div><\/p>\n<div  class='av-social-sharing-box  avia-builder-el-7  el_after_av_hr  el_before_av_hr  '><div class='av-share-box'><h5 class='av-share-link-description av-no-toc '>Compartir esta noticia<\/h5><ul class='av-share-box-list noLightbox'><li class='av-share-link av-social-link-facebook' ><a target=\"_blank\" aria-label=\"Compartir en Facebook\" href='https:\/\/www.facebook.com\/sharer.php?u=https:\/\/radiorevelacionfm.cl\/?p=8347&#038;t=Comunidad%20estudiantil%20del%20liceo%20Polit%C3%A9cnico%20homenajea%20a%20colega%20que%20jubila%20tras%2040%20a%C3%B1os%20de%20servicio' aria-hidden='false' data-av_icon='\ue8f3' data-av_iconfont='entypo-fontello' title='' data-avia-related-tooltip='Compartir en Facebook' rel=\"noopener\"><span class='avia_hidden_link_text'>Compartir en Facebook<\/span><\/a><\/li><li class='av-share-link av-social-link-twitter' ><a target=\"_blank\" aria-label=\"Compartir en Twitter\" href='https:\/\/twitter.com\/share?text=Comunidad%20estudiantil%20del%20liceo%20Polit%C3%A9cnico%20homenajea%20a%20colega%20que%20jubila%20tras%2040%20a%C3%B1os%20de%20servicio&#038;url=https:\/\/radiorevelacionfm.cl\/?p=8347' aria-hidden='false' data-av_icon='\ue8f1' data-av_iconfont='entypo-fontello' title='' data-avia-related-tooltip='Compartir en Twitter' rel=\"noopener\"><span class='avia_hidden_link_text'>Compartir en Twitter<\/span><\/a><\/li><li class='av-share-link av-social-link-whatsapp' ><a target=\"_blank\" aria-label=\"Compartir en Whatsapp\" href='https:\/\/api.whatsapp.com\/send?text=https:\/\/radiorevelacionfm.cl\/?p=8347' aria-hidden='false' data-av_icon='\uf232' data-av_iconfont='entypo-fontello' title='' data-avia-related-tooltip='Compartir en Whatsapp' rel=\"noopener\"><span class='avia_hidden_link_text'>Compartir en Whatsapp<\/span><\/a><\/li><li class='av-share-link av-social-link-linkedin' ><a target=\"_blank\" aria-label=\"Compartir en LinkedIn\" href='https:\/\/linkedin.com\/shareArticle?mini=true&#038;title=Comunidad%20estudiantil%20del%20liceo%20Polit%C3%A9cnico%20homenajea%20a%20colega%20que%20jubila%20tras%2040%20a%C3%B1os%20de%20servicio&#038;url=https:\/\/radiorevelacionfm.cl\/?p=8347' aria-hidden='false' data-av_icon='\ue8fc' data-av_iconfont='entypo-fontello' title='' data-avia-related-tooltip='Compartir en LinkedIn' rel=\"noopener\"><span class='avia_hidden_link_text'>Compartir en LinkedIn<\/span><\/a><\/li><li class='av-share-link av-social-link-mail' ><a  aria-label=\"Compartir por correo\" href='mailto:?subject=Comunidad%20estudiantil%20del%20liceo%20Polit%C3%A9cnico%20homenajea%20a%20colega%20que%20jubila%20tras%2040%20a%C3%B1os%20de%20servicio&#038;body=https:\/\/radiorevelacionfm.cl\/?p=8347' aria-hidden='false' data-av_icon='\ue805' data-av_iconfont='entypo-fontello' title='' data-avia-related-tooltip='Compartir por correo'><span class='avia_hidden_link_text'>Compartir por correo<\/span><\/a><\/li><\/ul><\/div><\/div>\n<div  style='height:50px' class='hr hr-invisible   avia-builder-el-8  el_after_av_social_share  el_before_av_comments_list '><span class='hr-inner ' ><span class='hr-inner-style'><\/span><\/span><\/div>\n<div  class='av-buildercomment  av-blog-meta-html-info-disabled av-blog-meta-tag-disabled  '><\/div>\n","protected":false},"excerpt":{"rendered":"","protected":false},"author":1,"featured_media":8348,"comment_status":"open","ping_status":"open","sticky":false,"template":"","format":"standard","meta":{"footnotes":""},"categories":[38],"tags":[],"class_list":["post-8347","post","type-post","status-publish","format-standard","has-post-thumbnail","hentry","category-regional"],"jetpack_featured_media_url":"https:\/\/radiorevelacionfm.cl\/wp-content\/uploads\/2021\/09\/bibliotecaria-1_optimized.jpg","_links":{"self":[{"href":"https:\/\/radiorevelacionfm.cl\/index.php?rest_route=\/wp\/v2\/posts\/8347","targetHints":{"allow":["GET"]}}],"collection":[{"href":"https:\/\/radiorevelacionfm.cl\/index.php?rest_route=\/wp\/v2\/posts"}],"about":[{"href":"https:\/\/radiorevelacionfm.cl\/index.php?rest_route=\/wp\/v2\/types\/post"}],"author":[{"embeddable":true,"href":"https:\/\/radiorevelacionfm.cl\/index.php?rest_route=\/wp\/v2\/users\/1"}],"replies":[{"embeddable":true,"href":"https:\/\/radiorevelacionfm.cl\/index.php?rest_route=%2Fwp%2Fv2%2Fcomments&post=8347"}],"version-history":[{"count":1,"href":"https:\/\/radiorevelacionfm.cl\/index.php?rest_route=\/wp\/v2\/posts\/8347\/revisions"}],"predecessor-version":[{"id":8349,"href":"https:\/\/radiorevelacionfm.cl\/index.php?rest_route=\/wp\/v2\/posts\/8347\/revisions\/8349"}],"wp:featuredmedia":[{"embeddable":true,"href":"https:\/\/radiorevelacionfm.cl\/index.php?rest_route=\/wp\/v2\/media\/8348"}],"wp:attachment":[{"href":"https:\/\/radiorevelacionfm.cl\/index.php?rest_route=%2Fwp%2Fv2%2Fmedia&parent=8347"}],"wp:term":[{"taxonomy":"category","embeddable":true,"href":"https:\/\/radiorevelacionfm.cl\/index.php?rest_route=%2Fwp%2Fv2%2Fcategories&post=8347"},{"taxonomy":"post_tag","embeddable":true,"href":"https:\/\/radiorevelacionfm.cl\/index.php?rest_route=%2Fwp%2Fv2%2Ftags&post=8347"}],"curies":[{"name":"wp","href":"https:\/\/api.w.org\/{rel}","templated":true}]}}