{"id":8333,"date":"2021-09-06T09:40:18","date_gmt":"2021-09-06T12:40:18","guid":{"rendered":"https:\/\/radiorevelacionfm.cl\/?p=8333"},"modified":"2021-09-06T09:40:18","modified_gmt":"2021-09-06T12:40:18","slug":"agenda-de-modernizacion-tp-muestra-avances-en-la-articulacion-de-los-liceos-tecnicos-con-la-educacion-superior-tecnica-y-el-sector-productivo","status":"publish","type":"post","link":"https:\/\/radiorevelacionfm.cl\/?p=8333","title":{"rendered":"Agenda de Modernizaci\u00f3n TP muestra avances en la articulaci\u00f3n de los liceos t\u00e9cnicos con la educaci\u00f3n superior t\u00e9cnica y el sector productivo"},"content":{"rendered":"<div class=\"flex_column av_one_full  flex_column_div av-zero-column-padding first  avia-builder-el-0  el_before_av_one_full  avia-builder-el-first  \" style='border-radius:0px; '><div  class='avia-image-container  av-styling-    avia-builder-el-1  avia-builder-el-no-sibling  avia-align-center '  itemprop=\"image\" itemscope=\"itemscope\" itemtype=\"https:\/\/schema.org\/ImageObject\"  ><div class='avia-image-container-inner'><div class='avia-image-overlay-wrap'><img decoding=\"async\" class='wp-image-8334 avia-img-lazy-loading-not-8334 avia_image' src=\"https:\/\/radiorevelacionfm.cl\/wp-content\/uploads\/2021\/09\/Formacion-TP-1-1.jpg\" alt='' title='Formaci\u00f3n-TP (1) (1)' height=\"600\" width=\"1068\"  itemprop=\"thumbnailUrl\" srcset=\"https:\/\/radiorevelacionfm.cl\/wp-content\/uploads\/2021\/09\/Formacion-TP-1-1.jpg 1068w, https:\/\/radiorevelacionfm.cl\/wp-content\/uploads\/2021\/09\/Formacion-TP-1-1-300x169.jpg 300w, https:\/\/radiorevelacionfm.cl\/wp-content\/uploads\/2021\/09\/Formacion-TP-1-1-1030x579.jpg 1030w, https:\/\/radiorevelacionfm.cl\/wp-content\/uploads\/2021\/09\/Formacion-TP-1-1-768x431.jpg 768w, https:\/\/radiorevelacionfm.cl\/wp-content\/uploads\/2021\/09\/Formacion-TP-1-1-705x396.jpg 705w, https:\/\/radiorevelacionfm.cl\/wp-content\/uploads\/2021\/09\/Formacion-TP-1-1-600x337.jpg 600w\" sizes=\"(max-width: 1068px) 100vw, 1068px\" \/><\/div><\/div><\/div><\/div><div class=\"flex_column av_one_full  flex_column_div av-zero-column-padding first  avia-builder-el-2  el_after_av_one_full  el_before_av_one_full  column-top-margin\" style='border-radius:0px; '><section class=\"av_textblock_section \"  itemscope=\"itemscope\" itemtype=\"https:\/\/schema.org\/BlogPosting\" itemprop=\"blogPost\" ><div class='avia_textblock  '   itemprop=\"text\" ><p style=\"text-align: center;\"><strong><span style=\"font-size: 18pt;\">Agenda de Modernizaci\u00f3n TP muestra avances en la articulaci\u00f3n de los liceos t\u00e9cnicos con la educaci\u00f3n superior t\u00e9cnica y el sector productivo<\/span><\/strong><\/p>\n<div id=\"gtx-trans\" style=\"position: absolute; left: -50px; top: 4.31534px;\">\n<div class=\"gtx-trans-icon\"><\/div>\n<\/div>\n<\/div><\/section><\/div><div class=\"flex_column av_one_full  flex_column_div av-zero-column-padding first  avia-builder-el-4  el_after_av_one_full  el_before_av_hr  column-top-margin\" style='border-radius:0px; '><section class=\"av_textblock_section \"  itemscope=\"itemscope\" itemtype=\"https:\/\/schema.org\/BlogPosting\" itemprop=\"blogPost\" ><div class='avia_textblock  '   itemprop=\"text\" ><p class=\"v1MsoNormal\" style=\"text-align: justify;\"><span lang=\"ES\">En el marco de la semana de la Educaci\u00f3n T\u00e9cnico Profesional, el Seremi de Educaci\u00f3n de Ays\u00e9n Sergio Becerra Mera expres\u00f3 su satisfacci\u00f3n por los avances de la agenda de Modernizaci\u00f3n de la Formaci\u00f3n T\u00e9cnica TP, la que en su opini\u00f3n muestra claros avances, principalmente en la articulaci\u00f3n de los liceos t\u00e9cnicos con la educaci\u00f3n superior T\u00e9cnico Profesional y el sector productivo.<\/span><\/p>\n<p class=\"v1MsoNormal\" style=\"text-align: justify;\"><span lang=\"ES\">Estos conceptos los entreg\u00f3 al participar en la ceremonia de celebraci\u00f3n de la Educaci\u00f3n T\u00e9cnica convocada por la red Futuro T\u00e9cnico Ays\u00e9n en la que participaron representantes de los liceos t\u00e9cnico profesionales que integran la red. Al saludar a los integrantes de la red, el seremi valor\u00f3 los esfuerzos de articulaci\u00f3n impulsados por las redes Futuro T\u00e9cnico, especialmente la de Ays\u00e9n.<\/span><\/p>\n<p class=\"v1MsoNormal\" style=\"text-align: justify;\"><span lang=\"ES\">Efectivamente, en todo el pa\u00eds existen m\u00e1s de 300 iniciativas de articulaci\u00f3n, en la educaci\u00f3n superior TP y las empresas, que est\u00e1n siendo gestionadas por las redes Futuro T\u00e9cnico en todas las regiones, para reforzar los aprendizajes de m\u00e1s de 7.000 estudiantes.<\/span><\/p>\n<p class=\"v1MsoNormal\" style=\"text-align: justify;\"><span lang=\"ES\">La autoridad sectorial regional record\u00f3 que estamos en medio de un gran desaf\u00edo producto de la prolongada suspensi\u00f3n de actividades acad\u00e9micas pr\u00e1cticas producto de la pandemia.<\/span><\/p>\n<p class=\"v1MsoNormal\" style=\"text-align: justify;\"><span lang=\"ES\">\u00abLos estudiantes de liceos t\u00e9cnicos han perdido m\u00e1s del 50% de sus clases pr\u00e1cticas, que s\u00f3lo pueden realizarse con el equipamiento adecuado en sus establecimientos. Iniciativas como esta potencian el aprender haciendo esencial en su formaci\u00f3n. Valoramos el compromiso de todas las comunidades educativas TP que con esfuerzo han dado continuidad a la formaci\u00f3n T\u00e9cnico Profesional. Hoy, cerca del 80% de los liceos t\u00e9cnicos del pa\u00eds est\u00e1n abiertos, con clases presenciales\u00bb, coment\u00f3 Sergio Becerra.<\/span><\/p>\n<p class=\"v1MsoNormal\" style=\"text-align: justify;\"><span lang=\"ES\">Para Bernardita Lazo, directora regional de ONG Canales, es importante coordinar todas las acciones con la agenda del Ministerio de Educaci\u00f3n.<\/span><\/p>\n<p class=\"v1MsoNormal\" style=\"text-align: justify;\"><span lang=\"ES\">\u00abGracias al proyecto Futuro T\u00e9cnico se ha construido una red virtuosa de trabajo entre los establecimientos t\u00e9cnico profesionales y las empresas de la regi\u00f3n. Como entidad ejecutora de esta pol\u00edtica p\u00fablica creemos en la importancia de que todas nuestras acciones sean acordes a la agenda de Modernizaci\u00f3n de la Formaci\u00f3n T\u00e9cnica TP, ya que de esta forma podemos contribuir de manera eficiente y pertinente a las y los futuros t\u00e9cnicos\u00bb,<\/span><span lang=\"ES\">\u00a0explic\u00f3 la jefa de la Red Futuro T\u00e9cnico Ays\u00e9n.\u00a0<\/span><\/p>\n<p class=\"v1MsoNormal\" style=\"text-align: justify;\"><span lang=\"ES\">\u00abLa formaci\u00f3n T\u00e9cnico Profesional es uno de los ejes fundamentales de desarrollo para nuestro pa\u00eds y como gobierno hemos realizado un particular esfuerzo por potenciar este sector, que re\u00fane a parte importante de los estudiantes de Educaci\u00f3n Media y Superior, y a m\u00e1s de un mill\u00f3n de trabajadores en espacios de capacitaci\u00f3n y certificaci\u00f3n de competencias\u00bb, concluy\u00f3 el Seremi de Educaci\u00f3n de Ays\u00e9n.<\/span><\/p>\n<\/div><\/section><\/div><div  style='height:50px' class='hr hr-invisible   avia-builder-el-6  el_after_av_one_full  el_before_av_social_share '><span class='hr-inner ' ><span class='hr-inner-style'><\/span><\/span><\/div><\/p>\n<div  class='av-social-sharing-box  avia-builder-el-7  el_after_av_hr  el_before_av_hr  '><div class='av-share-box'><h5 class='av-share-link-description av-no-toc '>Compartir esta noticia<\/h5><ul class='av-share-box-list noLightbox'><li class='av-share-link av-social-link-facebook' ><a target=\"_blank\" aria-label=\"Compartir en Facebook\" href='https:\/\/www.facebook.com\/sharer.php?u=https:\/\/radiorevelacionfm.cl\/?p=8333&#038;t=Agenda%20de%20Modernizaci%C3%B3n%20TP%20muestra%20avances%20en%20la%20articulaci%C3%B3n%20de%20los%20liceos%20t%C3%A9cnicos%20con%20la%20educaci%C3%B3n%20superior%20t%C3%A9cnica%20y%20el%20sector%20productivo' aria-hidden='false' data-av_icon='\ue8f3' data-av_iconfont='entypo-fontello' title='' data-avia-related-tooltip='Compartir en Facebook' rel=\"noopener\"><span class='avia_hidden_link_text'>Compartir en Facebook<\/span><\/a><\/li><li class='av-share-link av-social-link-twitter' ><a target=\"_blank\" aria-label=\"Compartir en Twitter\" href='https:\/\/twitter.com\/share?text=Agenda%20de%20Modernizaci%C3%B3n%20TP%20muestra%20avances%20en%20la%20articulaci%C3%B3n%20de%20los%20liceos%20t%C3%A9cnicos%20con%20la%20educaci%C3%B3n%20superior%20t%C3%A9cnica%20y%20el%20sector%20productivo&#038;url=https:\/\/radiorevelacionfm.cl\/?p=8333' aria-hidden='false' data-av_icon='\ue8f1' data-av_iconfont='entypo-fontello' title='' data-avia-related-tooltip='Compartir en Twitter' rel=\"noopener\"><span class='avia_hidden_link_text'>Compartir en Twitter<\/span><\/a><\/li><li class='av-share-link av-social-link-whatsapp' ><a target=\"_blank\" aria-label=\"Compartir en Whatsapp\" href='https:\/\/api.whatsapp.com\/send?text=https:\/\/radiorevelacionfm.cl\/?p=8333' aria-hidden='false' data-av_icon='\uf232' data-av_iconfont='entypo-fontello' title='' data-avia-related-tooltip='Compartir en Whatsapp' rel=\"noopener\"><span class='avia_hidden_link_text'>Compartir en Whatsapp<\/span><\/a><\/li><li class='av-share-link av-social-link-linkedin' ><a target=\"_blank\" aria-label=\"Compartir en LinkedIn\" href='https:\/\/linkedin.com\/shareArticle?mini=true&#038;title=Agenda%20de%20Modernizaci%C3%B3n%20TP%20muestra%20avances%20en%20la%20articulaci%C3%B3n%20de%20los%20liceos%20t%C3%A9cnicos%20con%20la%20educaci%C3%B3n%20superior%20t%C3%A9cnica%20y%20el%20sector%20productivo&#038;url=https:\/\/radiorevelacionfm.cl\/?p=8333' aria-hidden='false' data-av_icon='\ue8fc' data-av_iconfont='entypo-fontello' title='' data-avia-related-tooltip='Compartir en LinkedIn' rel=\"noopener\"><span class='avia_hidden_link_text'>Compartir en LinkedIn<\/span><\/a><\/li><li class='av-share-link av-social-link-mail' ><a  aria-label=\"Compartir por correo\" href='mailto:?subject=Agenda%20de%20Modernizaci%C3%B3n%20TP%20muestra%20avances%20en%20la%20articulaci%C3%B3n%20de%20los%20liceos%20t%C3%A9cnicos%20con%20la%20educaci%C3%B3n%20superior%20t%C3%A9cnica%20y%20el%20sector%20productivo&#038;body=https:\/\/radiorevelacionfm.cl\/?p=8333' aria-hidden='false' data-av_icon='\ue805' data-av_iconfont='entypo-fontello' title='' data-avia-related-tooltip='Compartir por correo'><span class='avia_hidden_link_text'>Compartir por correo<\/span><\/a><\/li><\/ul><\/div><\/div>\n<div  style='height:50px' class='hr hr-invisible   avia-builder-el-8  el_after_av_social_share  el_before_av_comments_list '><span class='hr-inner ' ><span class='hr-inner-style'><\/span><\/span><\/div>\n<div  class='av-buildercomment  av-blog-meta-html-info-disabled av-blog-meta-tag-disabled  '><\/div>\n","protected":false},"excerpt":{"rendered":"","protected":false},"author":1,"featured_media":8334,"comment_status":"open","ping_status":"open","sticky":false,"template":"","format":"standard","meta":{"footnotes":""},"categories":[49],"tags":[],"class_list":["post-8333","post","type-post","status-publish","format-standard","has-post-thumbnail","hentry","category-educacion"],"jetpack_featured_media_url":"https:\/\/radiorevelacionfm.cl\/wp-content\/uploads\/2021\/09\/Formacion-TP-1-1.jpg","_links":{"self":[{"href":"https:\/\/radiorevelacionfm.cl\/index.php?rest_route=\/wp\/v2\/posts\/8333","targetHints":{"allow":["GET"]}}],"collection":[{"href":"https:\/\/radiorevelacionfm.cl\/index.php?rest_route=\/wp\/v2\/posts"}],"about":[{"href":"https:\/\/radiorevelacionfm.cl\/index.php?rest_route=\/wp\/v2\/types\/post"}],"author":[{"embeddable":true,"href":"https:\/\/radiorevelacionfm.cl\/index.php?rest_route=\/wp\/v2\/users\/1"}],"replies":[{"embeddable":true,"href":"https:\/\/radiorevelacionfm.cl\/index.php?rest_route=%2Fwp%2Fv2%2Fcomments&post=8333"}],"version-history":[{"count":1,"href":"https:\/\/radiorevelacionfm.cl\/index.php?rest_route=\/wp\/v2\/posts\/8333\/revisions"}],"predecessor-version":[{"id":8335,"href":"https:\/\/radiorevelacionfm.cl\/index.php?rest_route=\/wp\/v2\/posts\/8333\/revisions\/8335"}],"wp:featuredmedia":[{"embeddable":true,"href":"https:\/\/radiorevelacionfm.cl\/index.php?rest_route=\/wp\/v2\/media\/8334"}],"wp:attachment":[{"href":"https:\/\/radiorevelacionfm.cl\/index.php?rest_route=%2Fwp%2Fv2%2Fmedia&parent=8333"}],"wp:term":[{"taxonomy":"category","embeddable":true,"href":"https:\/\/radiorevelacionfm.cl\/index.php?rest_route=%2Fwp%2Fv2%2Fcategories&post=8333"},{"taxonomy":"post_tag","embeddable":true,"href":"https:\/\/radiorevelacionfm.cl\/index.php?rest_route=%2Fwp%2Fv2%2Ftags&post=8333"}],"curies":[{"name":"wp","href":"https:\/\/api.w.org\/{rel}","templated":true}]}}