{"id":8330,"date":"2021-09-05T21:11:47","date_gmt":"2021-09-06T00:11:47","guid":{"rendered":"https:\/\/radiorevelacionfm.cl\/?p=8330"},"modified":"2021-09-05T21:51:36","modified_gmt":"2021-09-06T00:51:36","slug":"dan-el-vamos-a-primer-campeonato-interescolar-de-triples-de-basquetbol-elige-vivir-sin-drogas","status":"publish","type":"post","link":"https:\/\/radiorevelacionfm.cl\/?p=8330","title":{"rendered":"Dan el vamos a Primer Campeonato Interescolar de Triples de Basquetbol Elige Vivir Sin Drogas"},"content":{"rendered":"<div class=\"flex_column av_one_full  flex_column_div av-zero-column-padding first  avia-builder-el-0  el_before_av_one_full  avia-builder-el-first  \" style='border-radius:0px; '><div  class='avia-image-container  av-styling-    avia-builder-el-1  avia-builder-el-no-sibling  avia-align-center '  itemprop=\"image\" itemscope=\"itemscope\" itemtype=\"https:\/\/schema.org\/ImageObject\"  ><div class='avia-image-container-inner'><div class='avia-image-overlay-wrap'><img decoding=\"async\" class='wp-image-8331 avia-img-lazy-loading-not-8331 avia_image' src=\"https:\/\/radiorevelacionfm.cl\/wp-content\/uploads\/2021\/09\/2-17-1-1.jpeg\" alt='' title='2 (17) (1) (1)' height=\"600\" width=\"800\"  itemprop=\"thumbnailUrl\" srcset=\"https:\/\/radiorevelacionfm.cl\/wp-content\/uploads\/2021\/09\/2-17-1-1.jpeg 800w, https:\/\/radiorevelacionfm.cl\/wp-content\/uploads\/2021\/09\/2-17-1-1-300x225.jpeg 300w, https:\/\/radiorevelacionfm.cl\/wp-content\/uploads\/2021\/09\/2-17-1-1-768x576.jpeg 768w, https:\/\/radiorevelacionfm.cl\/wp-content\/uploads\/2021\/09\/2-17-1-1-705x529.jpeg 705w, https:\/\/radiorevelacionfm.cl\/wp-content\/uploads\/2021\/09\/2-17-1-1-600x450.jpeg 600w\" sizes=\"(max-width: 800px) 100vw, 800px\" \/><\/div><\/div><\/div><\/div>\n<div class=\"flex_column av_one_full  flex_column_div av-zero-column-padding first  avia-builder-el-2  el_after_av_one_full  el_before_av_one_full  column-top-margin\" style='border-radius:0px; '><section class=\"av_textblock_section \"  itemscope=\"itemscope\" itemtype=\"https:\/\/schema.org\/BlogPosting\" itemprop=\"blogPost\" ><div class='avia_textblock  '   itemprop=\"text\" ><p style=\"text-align: center;\"><strong><span style=\"font-size: 18pt;\">Dan el vamos a Primer Campeonato Interescolar de Triples de Basquetbol Elige Vivir Sin Drogas <\/span><\/strong><\/p>\n<div id=\"gtx-trans\" style=\"position: absolute; left: -50px; top: 4.31534px;\">\n<div class=\"gtx-trans-icon\"><\/div>\n<\/div>\n<\/div><\/section><\/div>\n<div class=\"flex_column av_one_full  flex_column_div av-zero-column-padding first  avia-builder-el-4  el_after_av_one_full  el_before_av_hr  column-top-margin\" style='border-radius:0px; '><section class=\"av_textblock_section \"  itemscope=\"itemscope\" itemtype=\"https:\/\/schema.org\/BlogPosting\" itemprop=\"blogPost\" ><div class='avia_textblock  '   itemprop=\"text\" ><p class=\"v1MsoNormal\" style=\"text-align: justify;\">La actividad deportiva que se realizar\u00e1 todos los viernes de 15:00 a 17:00 horas, forma parte de la planificaci\u00f3n e implementaci\u00f3n del pilar Tiempo Libre del Plan Nacional de prevenci\u00f3n del consumo de Drogas en ni\u00f1os, ni\u00f1as y adolescentes.<\/p>\n<p class=\"v1MsoNormal\" style=\"text-align: justify;\">Este viernes 03 de septiembre en Coyhaique, la Directora \u00a0Regional Senda, Annie Katherine Hunter Guti\u00e9rrez dio el vamos al campeonato junto\u00a0 al Seremi del Deporte Rodrigo Cubilla Retamal y el Director Regional del IND Jos\u00e9 Manuel Sep\u00falveda, invitando a los asistentes a realizar actividad f\u00edsica y deporte haciendo buen uso del tiempo libre.<\/p>\n<p class=\"v1MsoNormal\" style=\"text-align: justify;\">\u00abEstamos muy contentos de dar el vamos al Campeonato Interescolar de Triples Elige Vivir sin Drogas, hoy partimos estamos en un reuni\u00f3n informativa y esperamos que hasta el mes de noviembre m\u00e1s de 50 ni\u00f1os y adolescentes compartan con nosotros y elijan hacer uso de tiempo libre haciendo deporte lejos del consumo de sustancias e invitamos tambi\u00e9n a los padres y adultos responsables a que motiven a sus hijos a hacer deporte porque eso les permite ser muchos m\u00e1s sanos y felices\u00bb, se\u00f1al\u00f3 \u00a0la Directora Regional Senda, Annie Katherine Hunter Guti\u00e9rrez.<\/p>\n<p class=\"v1MsoNormal\" style=\"text-align: justify;\">Asimismo el Seremi del Deporte, Rodrigo Cubilla Retamal se\u00f1al\u00f3 \u00aben esta tarde junto al Director del IND y a nuestros profesores y monitores, damos inicio a este campeonato al que Senda Ays\u00e9n nos invit\u00f3 a participar, en el marco del Plan Pilar Tiempo libre y tambi\u00e9n responde al convenio de colaboraci\u00f3n entre Senda e IND, por lo que estamos muy satisfechos con la convocatoria y esperamos que sea un lindo campeonato, recordar que son 5 categor\u00edas y de desarrollar\u00e1n todos los viernes hasta el 26 de noviembre\u00bb.<\/p>\n<p style=\"text-align: justify;\">Cabe se\u00f1alar que este campeonato de triples se desarrolla bajo todas las medidas sanitarias correspondiente, el cual estar\u00e1 realiz\u00e1ndose durante los d\u00edas viernes, durante todo el segundo semestre, para terminar en el mes de Noviembre con una final intercomunal contra los ganadores de la comuna de Ays\u00e9n.<\/p>\n<p class=\"v1MsoNormal\" style=\"text-align: justify;\">CALENDARIO<\/p>\n<p class=\"v1MsoNormal\" style=\"text-align: justify;\">\u2611\u00a010 de septiembre, Multicancha lado Sede JJVV Gabriela Mistral, calle Bilbao esquina Max Casas<\/p>\n<p class=\"v1MsoNormal\" style=\"text-align: justify;\">\u2611\u00a024 de septiembre, Multicancha Plaza Angol, entre calle Angol y Err\u00e1zuriz<\/p>\n<p class=\"v1MsoNormal\" style=\"text-align: justify;\">\u2611\u00a001 octubre, Multicancha Plaza Angol, entre calle Angol y Err\u00e1zuriz<\/p>\n<p class=\"v1MsoNormal\" style=\"text-align: justify;\">\u2611\u00a008 de octubre, Multicancha frente a Consultorio Alejandro Guti\u00e9rrez entre calles Los Pilcheros y Mackenna<\/p>\n<p class=\"v1MsoNormal\" style=\"text-align: justify;\">\u2611\u00a015 de octubre, Multicancha lado Sede JJVV Gabriela Mistral, calle Bilbao esquina Max Casas<\/p>\n<p class=\"v1MsoNormal\" style=\"text-align: justify;\">\u2611\u00a022 de octubre, Multicancha Plaza Angol, entre calle Angol y Err\u00e1zuriz<\/p>\n<p class=\"v1MsoNormal\" style=\"text-align: justify;\">\u2611\u00a029 de octubre, Multicancha frente a Consultorio Alejandro Guti\u00e9rrez entre calles Los Pilcheros y Mackenna<\/p>\n<p class=\"v1MsoNormal\" style=\"text-align: justify;\">\u2611\u00a005 de noviembre, Multicancha frente a Consultorio Alejandro Guti\u00e9rrez entre calles Los Pilcheros y Mackenna<\/p>\n<p class=\"v1MsoNormal\" style=\"text-align: justify;\">\u2611\u00a012 de noviembre, Multicancha lado Sede JJVV Gabriela Mistral, calle Bilbao esquina Max Casas<\/p>\n<p class=\"v1MsoNormal\" style=\"text-align: justify;\">\u2611\u00a019 de noviembre, Multicancha Plaza Angol, entre calle Angol y Err\u00e1zuriz<\/p>\n<p class=\"v1MsoNormal\" style=\"text-align: justify;\">\u2611\u00a026 de noviembre, Multicancha frente a Consultorio Alejandro Guti\u00e9rrez entre calles Los Pilcheros y Mackenna<\/p>\n<div style=\"text-align: justify;\"><\/div>\n<\/div><\/section><\/div><div  style='height:50px' class='hr hr-invisible   avia-builder-el-6  el_after_av_one_full  el_before_av_social_share '><span class='hr-inner ' ><span class='hr-inner-style'><\/span><\/span><\/div><\/p>\n<div  class='av-social-sharing-box  avia-builder-el-7  el_after_av_hr  el_before_av_hr  '><div class='av-share-box'><h5 class='av-share-link-description av-no-toc '>Compartir esta noticia<\/h5><ul class='av-share-box-list noLightbox'><li class='av-share-link av-social-link-facebook' ><a target=\"_blank\" aria-label=\"Compartir en Facebook\" href='https:\/\/www.facebook.com\/sharer.php?u=https:\/\/radiorevelacionfm.cl\/?p=8330&#038;t=Dan%20el%20vamos%20a%20Primer%20Campeonato%20Interescolar%20de%20Triples%20de%20Basquetbol%20Elige%20Vivir%20Sin%20Drogas' aria-hidden='false' data-av_icon='\ue8f3' data-av_iconfont='entypo-fontello' title='' data-avia-related-tooltip='Compartir en Facebook' rel=\"noopener\"><span class='avia_hidden_link_text'>Compartir en Facebook<\/span><\/a><\/li><li class='av-share-link av-social-link-twitter' ><a target=\"_blank\" aria-label=\"Compartir en Twitter\" href='https:\/\/twitter.com\/share?text=Dan%20el%20vamos%20a%20Primer%20Campeonato%20Interescolar%20de%20Triples%20de%20Basquetbol%20Elige%20Vivir%20Sin%20Drogas&#038;url=https:\/\/radiorevelacionfm.cl\/?p=8330' aria-hidden='false' data-av_icon='\ue8f1' data-av_iconfont='entypo-fontello' title='' data-avia-related-tooltip='Compartir en Twitter' rel=\"noopener\"><span class='avia_hidden_link_text'>Compartir en Twitter<\/span><\/a><\/li><li class='av-share-link av-social-link-whatsapp' ><a target=\"_blank\" aria-label=\"Compartir en Whatsapp\" href='https:\/\/api.whatsapp.com\/send?text=https:\/\/radiorevelacionfm.cl\/?p=8330' aria-hidden='false' data-av_icon='\uf232' data-av_iconfont='entypo-fontello' title='' data-avia-related-tooltip='Compartir en Whatsapp' rel=\"noopener\"><span class='avia_hidden_link_text'>Compartir en Whatsapp<\/span><\/a><\/li><li class='av-share-link av-social-link-linkedin' ><a target=\"_blank\" aria-label=\"Compartir en LinkedIn\" href='https:\/\/linkedin.com\/shareArticle?mini=true&#038;title=Dan%20el%20vamos%20a%20Primer%20Campeonato%20Interescolar%20de%20Triples%20de%20Basquetbol%20Elige%20Vivir%20Sin%20Drogas&#038;url=https:\/\/radiorevelacionfm.cl\/?p=8330' aria-hidden='false' data-av_icon='\ue8fc' data-av_iconfont='entypo-fontello' title='' data-avia-related-tooltip='Compartir en LinkedIn' rel=\"noopener\"><span class='avia_hidden_link_text'>Compartir en LinkedIn<\/span><\/a><\/li><li class='av-share-link av-social-link-mail' ><a  aria-label=\"Compartir por correo\" href='mailto:?subject=Dan%20el%20vamos%20a%20Primer%20Campeonato%20Interescolar%20de%20Triples%20de%20Basquetbol%20Elige%20Vivir%20Sin%20Drogas&#038;body=https:\/\/radiorevelacionfm.cl\/?p=8330' aria-hidden='false' data-av_icon='\ue805' data-av_iconfont='entypo-fontello' title='' data-avia-related-tooltip='Compartir por correo'><span class='avia_hidden_link_text'>Compartir por correo<\/span><\/a><\/li><\/ul><\/div><\/div>\n<div  style='height:50px' class='hr hr-invisible   avia-builder-el-8  el_after_av_social_share  el_before_av_comments_list '><span class='hr-inner ' ><span class='hr-inner-style'><\/span><\/span><\/div>\n<div  class='av-buildercomment  av-blog-meta-html-info-disabled av-blog-meta-tag-disabled  '><\/div>\n","protected":false},"excerpt":{"rendered":"","protected":false},"author":1,"featured_media":8331,"comment_status":"open","ping_status":"open","sticky":false,"template":"","format":"standard","meta":{"footnotes":""},"categories":[40],"tags":[],"class_list":["post-8330","post","type-post","status-publish","format-standard","has-post-thumbnail","hentry","category-deportes"],"jetpack_featured_media_url":"https:\/\/radiorevelacionfm.cl\/wp-content\/uploads\/2021\/09\/2-17-1-1.jpeg","_links":{"self":[{"href":"https:\/\/radiorevelacionfm.cl\/index.php?rest_route=\/wp\/v2\/posts\/8330","targetHints":{"allow":["GET"]}}],"collection":[{"href":"https:\/\/radiorevelacionfm.cl\/index.php?rest_route=\/wp\/v2\/posts"}],"about":[{"href":"https:\/\/radiorevelacionfm.cl\/index.php?rest_route=\/wp\/v2\/types\/post"}],"author":[{"embeddable":true,"href":"https:\/\/radiorevelacionfm.cl\/index.php?rest_route=\/wp\/v2\/users\/1"}],"replies":[{"embeddable":true,"href":"https:\/\/radiorevelacionfm.cl\/index.php?rest_route=%2Fwp%2Fv2%2Fcomments&post=8330"}],"version-history":[{"count":3,"href":"https:\/\/radiorevelacionfm.cl\/index.php?rest_route=\/wp\/v2\/posts\/8330\/revisions"}],"predecessor-version":[{"id":8337,"href":"https:\/\/radiorevelacionfm.cl\/index.php?rest_route=\/wp\/v2\/posts\/8330\/revisions\/8337"}],"wp:featuredmedia":[{"embeddable":true,"href":"https:\/\/radiorevelacionfm.cl\/index.php?rest_route=\/wp\/v2\/media\/8331"}],"wp:attachment":[{"href":"https:\/\/radiorevelacionfm.cl\/index.php?rest_route=%2Fwp%2Fv2%2Fmedia&parent=8330"}],"wp:term":[{"taxonomy":"category","embeddable":true,"href":"https:\/\/radiorevelacionfm.cl\/index.php?rest_route=%2Fwp%2Fv2%2Fcategories&post=8330"},{"taxonomy":"post_tag","embeddable":true,"href":"https:\/\/radiorevelacionfm.cl\/index.php?rest_route=%2Fwp%2Fv2%2Ftags&post=8330"}],"curies":[{"name":"wp","href":"https:\/\/api.w.org\/{rel}","templated":true}]}}