{"id":8325,"date":"2021-09-05T19:32:03","date_gmt":"2021-09-05T22:32:03","guid":{"rendered":"https:\/\/radiorevelacionfm.cl\/?p=8325"},"modified":"2021-09-05T19:34:59","modified_gmt":"2021-09-05T22:34:59","slug":"docente-aysenino-es-reconocido-a-nivel-global-como-microsoft-innovative-educator-2021-2022","status":"publish","type":"post","link":"https:\/\/radiorevelacionfm.cl\/?p=8325","title":{"rendered":"Docente aysenino es reconocido a nivel global como Microsoft Innovative Educator 2021-2022"},"content":{"rendered":"<div class=\"flex_column av_one_full  flex_column_div av-zero-column-padding first  avia-builder-el-0  el_before_av_one_full  avia-builder-el-first  \" style='border-radius:0px; '><div  class='avia-image-container  av-styling-    avia-builder-el-1  avia-builder-el-no-sibling  avia-align-center '  itemprop=\"image\" itemscope=\"itemscope\" itemtype=\"https:\/\/schema.org\/ImageObject\"  ><div class='avia-image-container-inner'><div class='avia-image-overlay-wrap'><img decoding=\"async\" class='wp-image-8328 avia-img-lazy-loading-not-8328 avia_image' src=\"https:\/\/radiorevelacionfm.cl\/wp-content\/uploads\/2021\/09\/Reconocimiento_Aysen0-1-1.jpg\" alt='' title='Reconocimiento_Aysen0 (1) (1)' height=\"600\" width=\"1103\"  itemprop=\"thumbnailUrl\" srcset=\"https:\/\/radiorevelacionfm.cl\/wp-content\/uploads\/2021\/09\/Reconocimiento_Aysen0-1-1.jpg 1103w, https:\/\/radiorevelacionfm.cl\/wp-content\/uploads\/2021\/09\/Reconocimiento_Aysen0-1-1-300x163.jpg 300w, https:\/\/radiorevelacionfm.cl\/wp-content\/uploads\/2021\/09\/Reconocimiento_Aysen0-1-1-1030x560.jpg 1030w, https:\/\/radiorevelacionfm.cl\/wp-content\/uploads\/2021\/09\/Reconocimiento_Aysen0-1-1-768x418.jpg 768w, https:\/\/radiorevelacionfm.cl\/wp-content\/uploads\/2021\/09\/Reconocimiento_Aysen0-1-1-705x383.jpg 705w, https:\/\/radiorevelacionfm.cl\/wp-content\/uploads\/2021\/09\/Reconocimiento_Aysen0-1-1-600x326.jpg 600w\" sizes=\"(max-width: 1103px) 100vw, 1103px\" \/><\/div><\/div><\/div><\/div><div class=\"flex_column av_one_full  flex_column_div av-zero-column-padding first  avia-builder-el-2  el_after_av_one_full  el_before_av_one_full  column-top-margin\" style='border-radius:0px; '><section class=\"av_textblock_section \"  itemscope=\"itemscope\" itemtype=\"https:\/\/schema.org\/BlogPosting\" itemprop=\"blogPost\" ><div class='avia_textblock  '   itemprop=\"text\" ><p style=\"text-align: center;\"><strong><span style=\"font-size: 18pt;\">Docente aysenino es reconocido a nivel global como Microsoft Innovative Educator 2021-2022<\/span><\/strong><\/p>\n<div id=\"gtx-trans\" style=\"position: absolute; left: -50px; top: 4.31534px;\">\n<div class=\"gtx-trans-icon\"><\/div>\n<\/div>\n<\/div><\/section><\/div><\/p>\n<div class=\"flex_column av_one_full  flex_column_div av-zero-column-padding first  avia-builder-el-4  el_after_av_one_full  el_before_av_hr  column-top-margin\" style='border-radius:0px; '><section class=\"av_textblock_section \"  itemscope=\"itemscope\" itemtype=\"https:\/\/schema.org\/BlogPosting\" itemprop=\"blogPost\" ><div class='avia_textblock  '   itemprop=\"text\" ><p style=\"text-align: justify;\">Feliz se encuentra la comunidad educativa de la escuela Litoral Austral en Puerto Ays\u00e9n, por el reconocimiento que sum\u00f3 a su carrera el profesor del establecimiento, Marcel Barrientos.<\/p>\n<p style=\"text-align: justify;\">Esto, luego que durante la madrugada del viernes fuese notificado como docente seleccionado a nivel global como Microsoft Innovative Educator 2021-2022. Instancia que congreg\u00f3 a maestros de diversos puntos del orbe, y que destac\u00f3 a tan s\u00f3lo dos personas en nuestro pa\u00eds. El profesor de un colegio particular en la capital nacional y el docente aysenino.<\/p>\n<p style=\"text-align: justify;\">Al respecto, orgulloso de su trabajo se mostr\u00f3 Barrientos Opazo, quien relev\u00f3 que esta selecci\u00f3n posiciona a la escuela que representa, permitiendo la posibilidad de abrir nuevas pr\u00e1cticas y experiencias educativas de gran impacto. \u201cEstoy muy contento por este reconocimiento que permitir\u00e1, adem\u00e1s, intercambiar experiencias, habilidades, conocimientos con colegas de otros colegas del pa\u00eds y el mundo, que ser\u00e1 puesto a disposici\u00f3n de los ni\u00f1os y ni\u00f1as de la escuela Litoral Austral. Yo soy MiExpert desde 2015 y es muy grato. Cualquier docente que quiera participar y tenga practicas innovadoras puede incorporarse dentro de las postulaciones. As\u00ed que invito a los colegas a que se animen y participen de esta importante posibilidad\u201d, indic\u00f3.<\/p>\n<p style=\"text-align: justify;\">Con la finalidad de felicitar y saludar al docente, hasta las dependencias del recinto estudiantil arrib\u00f3 la directora titular de la Direcci\u00f3n de Educaci\u00f3n Municipal, Tamara Villegas, quien destac\u00f3 el m\u00e9rito de Marcel Barrientos y su motivaci\u00f3n de superarse en pos de los estudiantes a los que ense\u00f1a. \u201cEs un orgullo, especialmente porque Marcel transmitir\u00e1 su expertiz a los estudiantes, lo que nos habla muy bien de \u00e9l como docente y nos permite so\u00f1ar con una educaci\u00f3n de calidad, de poder materializarla a trav\u00e9s del esfuerzo que realizan docentes como \u00e9l\u201d.<\/p>\n<p style=\"text-align: justify;\">La directora DEM Ays\u00e9n agreg\u00f3 que \u201cel hecho que tengamos un profesor de un establecimiento municipal que se encuentra compitiendo en igualdad de condiciones con otros colegios que tiene muchos m\u00e1s insumos, muchos m\u00e1s recursos nos habla muy bien de nuestra educaci\u00f3n y nos hace sentir profundamente felices de tener en nuestras filas, en nuestra regi\u00f3n y, sobre todo en una escuela municipalizada de nuestra comuna, un profesor con este incentivo, con esta motivaci\u00f3n que lo lleva a superarse cada d\u00eda en pos de nuestros ni\u00f1os\u201d.<\/p>\n<p style=\"text-align: justify;\">A este reconocimiento, se suma el obtenido por Marcel Barrientos en 2019 en que tuvo una exitosa participaci\u00f3n en el Microsoft Educator Exchange. Evento que se desarroll\u00f3 en Par\u00eds, Francia, y en que fue el \u00fanico representante chileno en la cita que re\u00fane a los profesores m\u00e1s innovadores a nivel mundial.<\/p>\n<p style=\"text-align: justify;\">Experiencia que permiti\u00f3 dar a conocer el trabajo desarrollado en el establecimiento educacional, denominado \u201cNi\u00f1os de la Patagonia: Talleres de Innovaci\u00f3n y Exploraci\u00f3n de Nuevas Tecnolog\u00edas\u201d, presentada en ingl\u00e9s como \u201cPatagonian Kids: Workshop About Innovation and Exploratory New Technologies\u201d.<\/p>\n<p style=\"text-align: justify;\">As\u00ed lo destac\u00f3 el director de la escuela municipalizada, Carlos Alarc\u00f3n, al se\u00f1alar que \u201cno voy a decir que Marcel nos sorprende porque ya nos tiene acostumbrados a que cada tanto tiempo obtiene logros personales, y muchos de ellos, producto del trabajo que realiza con los ni\u00f1os en esta escuela. Esto que est\u00e1 pasando viene a corroborar el trabajo serio y responsable que realiza en beneficio de nuestros ni\u00f1os y que se ve coronado producto que tenemos este sello tecnol\u00f3gico en el establecimiento hace varios a\u00f1os y que hoy d\u00eda vemos c\u00f3mo va entregando frutos\u201d.<\/p>\n<p style=\"text-align: justify;\">El directivo a\u00f1adi\u00f3 que \u201clo m\u00e1s importante es que quienes m\u00e1s ganan son los ni\u00f1os porque que nuestro profesor haya sido por dos a\u00f1os m\u00e1s seleccionado por Microsoft significa que va a aprender mucho m\u00e1s de lo que ya sabe y que luego se los va a transmitir en cada uno de los talleres que realiza. As\u00ed que muy orgullosos porque una vez m\u00e1s podemos como establecimiento, gracias al equipo humano que tenemos, entregar una noticia a la regi\u00f3n y al pa\u00eds, tremendamente positiva\u201d.<\/p>\n<p style=\"text-align: justify;\">De esta manera, a trav\u00e9s del retorno a la presencialidad ya se est\u00e1n retomando en la Litoral Austral talleres pendientes, programaci\u00f3n, impresi\u00f3n 3D y todas aquellas aristas adquiridas por el profesor en su importante trayectoria, quien a trav\u00e9s de estos incentivos continuar\u00e1 ense\u00f1ando a sus alumnos y alumnas en pos de que sean capaces de desarrollar todo su potencial, que permitan generar cambios y dejar huella en la educaci\u00f3n municipal aysenina.<\/p>\n<\/div><\/section><\/div>\n<div  style='height:50px' class='hr hr-invisible   avia-builder-el-6  el_after_av_one_full  el_before_av_social_share '><span class='hr-inner ' ><span class='hr-inner-style'><\/span><\/span><\/div>\n<div  class='av-social-sharing-box  avia-builder-el-7  el_after_av_hr  el_before_av_hr  '><div class='av-share-box'><h5 class='av-share-link-description av-no-toc '>Compartir esta noticia<\/h5><ul class='av-share-box-list noLightbox'><li class='av-share-link av-social-link-facebook' ><a target=\"_blank\" aria-label=\"Compartir en Facebook\" href='https:\/\/www.facebook.com\/sharer.php?u=https:\/\/radiorevelacionfm.cl\/?p=8325&#038;t=Docente%20aysenino%20es%20reconocido%20a%20nivel%20global%20como%20Microsoft%20Innovative%20Educator%202021-2022' aria-hidden='false' data-av_icon='\ue8f3' data-av_iconfont='entypo-fontello' title='' data-avia-related-tooltip='Compartir en Facebook' rel=\"noopener\"><span class='avia_hidden_link_text'>Compartir en Facebook<\/span><\/a><\/li><li class='av-share-link av-social-link-twitter' ><a target=\"_blank\" aria-label=\"Compartir en Twitter\" href='https:\/\/twitter.com\/share?text=Docente%20aysenino%20es%20reconocido%20a%20nivel%20global%20como%20Microsoft%20Innovative%20Educator%202021-2022&#038;url=https:\/\/radiorevelacionfm.cl\/?p=8325' aria-hidden='false' data-av_icon='\ue8f1' data-av_iconfont='entypo-fontello' title='' data-avia-related-tooltip='Compartir en Twitter' rel=\"noopener\"><span class='avia_hidden_link_text'>Compartir en Twitter<\/span><\/a><\/li><li class='av-share-link av-social-link-whatsapp' ><a target=\"_blank\" aria-label=\"Compartir en Whatsapp\" href='https:\/\/api.whatsapp.com\/send?text=https:\/\/radiorevelacionfm.cl\/?p=8325' aria-hidden='false' data-av_icon='\uf232' data-av_iconfont='entypo-fontello' title='' data-avia-related-tooltip='Compartir en Whatsapp' rel=\"noopener\"><span class='avia_hidden_link_text'>Compartir en Whatsapp<\/span><\/a><\/li><li class='av-share-link av-social-link-linkedin' ><a target=\"_blank\" aria-label=\"Compartir en LinkedIn\" href='https:\/\/linkedin.com\/shareArticle?mini=true&#038;title=Docente%20aysenino%20es%20reconocido%20a%20nivel%20global%20como%20Microsoft%20Innovative%20Educator%202021-2022&#038;url=https:\/\/radiorevelacionfm.cl\/?p=8325' aria-hidden='false' data-av_icon='\ue8fc' data-av_iconfont='entypo-fontello' title='' data-avia-related-tooltip='Compartir en LinkedIn' rel=\"noopener\"><span class='avia_hidden_link_text'>Compartir en LinkedIn<\/span><\/a><\/li><li class='av-share-link av-social-link-mail' ><a  aria-label=\"Compartir por correo\" href='mailto:?subject=Docente%20aysenino%20es%20reconocido%20a%20nivel%20global%20como%20Microsoft%20Innovative%20Educator%202021-2022&#038;body=https:\/\/radiorevelacionfm.cl\/?p=8325' aria-hidden='false' data-av_icon='\ue805' data-av_iconfont='entypo-fontello' title='' data-avia-related-tooltip='Compartir por correo'><span class='avia_hidden_link_text'>Compartir por correo<\/span><\/a><\/li><\/ul><\/div><\/div>\n<div  style='height:50px' class='hr hr-invisible   avia-builder-el-8  el_after_av_social_share  el_before_av_comments_list '><span class='hr-inner ' ><span class='hr-inner-style'><\/span><\/span><\/div>\n<div  class='av-buildercomment  av-blog-meta-html-info-disabled av-blog-meta-tag-disabled  '><\/div>\n","protected":false},"excerpt":{"rendered":"","protected":false},"author":1,"featured_media":8328,"comment_status":"open","ping_status":"open","sticky":false,"template":"","format":"standard","meta":{"footnotes":""},"categories":[38],"tags":[],"class_list":["post-8325","post","type-post","status-publish","format-standard","has-post-thumbnail","hentry","category-regional"],"jetpack_featured_media_url":"https:\/\/radiorevelacionfm.cl\/wp-content\/uploads\/2021\/09\/Reconocimiento_Aysen0-1-1.jpg","_links":{"self":[{"href":"https:\/\/radiorevelacionfm.cl\/index.php?rest_route=\/wp\/v2\/posts\/8325","targetHints":{"allow":["GET"]}}],"collection":[{"href":"https:\/\/radiorevelacionfm.cl\/index.php?rest_route=\/wp\/v2\/posts"}],"about":[{"href":"https:\/\/radiorevelacionfm.cl\/index.php?rest_route=\/wp\/v2\/types\/post"}],"author":[{"embeddable":true,"href":"https:\/\/radiorevelacionfm.cl\/index.php?rest_route=\/wp\/v2\/users\/1"}],"replies":[{"embeddable":true,"href":"https:\/\/radiorevelacionfm.cl\/index.php?rest_route=%2Fwp%2Fv2%2Fcomments&post=8325"}],"version-history":[{"count":2,"href":"https:\/\/radiorevelacionfm.cl\/index.php?rest_route=\/wp\/v2\/posts\/8325\/revisions"}],"predecessor-version":[{"id":8329,"href":"https:\/\/radiorevelacionfm.cl\/index.php?rest_route=\/wp\/v2\/posts\/8325\/revisions\/8329"}],"wp:featuredmedia":[{"embeddable":true,"href":"https:\/\/radiorevelacionfm.cl\/index.php?rest_route=\/wp\/v2\/media\/8328"}],"wp:attachment":[{"href":"https:\/\/radiorevelacionfm.cl\/index.php?rest_route=%2Fwp%2Fv2%2Fmedia&parent=8325"}],"wp:term":[{"taxonomy":"category","embeddable":true,"href":"https:\/\/radiorevelacionfm.cl\/index.php?rest_route=%2Fwp%2Fv2%2Fcategories&post=8325"},{"taxonomy":"post_tag","embeddable":true,"href":"https:\/\/radiorevelacionfm.cl\/index.php?rest_route=%2Fwp%2Fv2%2Ftags&post=8325"}],"curies":[{"name":"wp","href":"https:\/\/api.w.org\/{rel}","templated":true}]}}