{"id":8322,"date":"2021-09-05T17:45:16","date_gmt":"2021-09-05T20:45:16","guid":{"rendered":"https:\/\/radiorevelacionfm.cl\/?p=8322"},"modified":"2021-09-05T17:45:16","modified_gmt":"2021-09-05T20:45:16","slug":"ya-comenzo-el-pago-del-tradicional-aguinaldo-de-fiestas-patrias-beneficiando-a-mas-de-6-000-pensionados","status":"publish","type":"post","link":"https:\/\/radiorevelacionfm.cl\/?p=8322","title":{"rendered":"Ya comenz\u00f3 el pago del tradicional Aguinaldo de Fiestas Patrias, beneficiando a m\u00e1s de 6.000 pensionados"},"content":{"rendered":"<div class=\"flex_column av_one_full  flex_column_div av-zero-column-padding first  avia-builder-el-0  el_before_av_one_full  avia-builder-el-first  \" style='border-radius:0px; '><div  class='avia-image-container  av-styling-    avia-builder-el-1  avia-builder-el-no-sibling  avia-align-center '  itemprop=\"image\" itemscope=\"itemscope\" itemtype=\"https:\/\/schema.org\/ImageObject\"  ><div class='avia-image-container-inner'><div class='avia-image-overlay-wrap'><img decoding=\"async\" class='wp-image-8323 avia-img-lazy-loading-not-8323 avia_image' src=\"https:\/\/radiorevelacionfm.cl\/wp-content\/uploads\/2021\/09\/Pensionados-1-1-1.jpeg\" alt='' title='Pensionados (1) (1) (1)' height=\"600\" width=\"802\"  itemprop=\"thumbnailUrl\" srcset=\"https:\/\/radiorevelacionfm.cl\/wp-content\/uploads\/2021\/09\/Pensionados-1-1-1.jpeg 802w, https:\/\/radiorevelacionfm.cl\/wp-content\/uploads\/2021\/09\/Pensionados-1-1-1-300x224.jpeg 300w, https:\/\/radiorevelacionfm.cl\/wp-content\/uploads\/2021\/09\/Pensionados-1-1-1-768x575.jpeg 768w, https:\/\/radiorevelacionfm.cl\/wp-content\/uploads\/2021\/09\/Pensionados-1-1-1-705x527.jpeg 705w, https:\/\/radiorevelacionfm.cl\/wp-content\/uploads\/2021\/09\/Pensionados-1-1-1-600x449.jpeg 600w\" sizes=\"(max-width: 802px) 100vw, 802px\" \/><\/div><\/div><\/div><\/div><div class=\"flex_column av_one_full  flex_column_div av-zero-column-padding first  avia-builder-el-2  el_after_av_one_full  el_before_av_one_full  column-top-margin\" style='border-radius:0px; '><section class=\"av_textblock_section \"  itemscope=\"itemscope\" itemtype=\"https:\/\/schema.org\/BlogPosting\" itemprop=\"blogPost\" ><div class='avia_textblock  '   itemprop=\"text\" ><p style=\"text-align: center;\"><strong><span style=\"font-size: 18pt;\">Ya comenz\u00f3 el pago del tradicional Aguinaldo de Fiestas Patrias, beneficiando a m\u00e1s de 6.000 pensionados<\/span><\/strong><\/p>\n<div id=\"gtx-trans\" style=\"position: absolute; left: -50px; top: 4.31534px;\">\n<div class=\"gtx-trans-icon\"><\/div>\n<\/div>\n<\/div><\/section><\/div><div class=\"flex_column av_one_full  flex_column_div av-zero-column-padding first  avia-builder-el-4  el_after_av_one_full  el_before_av_hr  column-top-margin\" style='border-radius:0px; '><section class=\"av_textblock_section \"  itemscope=\"itemscope\" itemtype=\"https:\/\/schema.org\/BlogPosting\" itemprop=\"blogPost\" ><div class='avia_textblock  '   itemprop=\"text\" ><p class=\"v1MsoNormal\" style=\"text-align: justify;\"><span lang=\"ES-TRAD\">En septiembre hay una buena noticia para m\u00e1s de 2 millones 297 mil pensionadas y pensionados del Instituto de Previsi\u00f3n Social, IPS, que recibir\u00e1n su tradicional Aguinaldo de Fiestas Patrias, antes del 18 de este mes, iniciativa que va en directo beneficio de los pensionados\/as y que es esperada en esta \u00e9poca del a\u00f1o.<\/span><\/p>\n<p class=\"v1MsoNormal\" style=\"text-align: justify;\"><span lang=\"ES-TRAD\">As\u00ed lo destac\u00f3 el Seremi(s) del Trabajo y Previsi\u00f3n Social y Director Regional del IPS, Carlos Rodr\u00edguez, \u00abComo es tradicional, en cada mes de septiembre, corresponde el pago del aguinaldo a todos los pensionados. Este aguinaldo, como todos los a\u00f1os, es para todos los pensionados de los sistemas antiguos del IPS, pensiones solidarias, Dipreca, Capredena y tambi\u00e9n los de las AFP\u00b4s que tengan Aporte Previsional del Estado. En la Regi\u00f3n de Ays\u00e9n, este aguinaldo llega a un poco m\u00e1s de 5.700 personas, y adem\u00e1s se agregan sus cargas familiares, que reciben un monto menor, $20 mil y algo por los pensionados y $10.500 y fracci\u00f3n por cargas familiares. Entre ambas cifras llegamos a un poco m\u00e1s de 6 mil personas. Ellas recibir\u00e1n este aguinaldo sin tener que hacer ning\u00fan tr\u00e1mite extra. Viene en su pago de pensi\u00f3n normal, en cada uno de los lugares donde se paga tradicionalmente y en el mes de septiembre, estas pensiones se adelantan en sus pagos para que antes del 18 todos hayan recibido su pensi\u00f3n.\u00bb\u00a0<\/span><\/p>\n<p class=\"v1MsoNormal\" style=\"text-align: justify;\"><span lang=\"ES-TRAD\">Los pagos de las pensiones en la Regi\u00f3n de Ays\u00e9n se realizan a trav\u00e9s de las cuentas RUT, pagos m\u00f3viles, BancoEstado y Caja Los H\u00e9roes en el caso de Coyhaique. La jefa de sucursal de esta entidad, Andrea Beltr\u00e1n, hizo recuerdo de las medidas sanitarias y horarios, \u00abCon el cari\u00f1o de siempre, los esperamos, recuerden que estamos en Paseo Horn n\u00b060, y el horario es continuado de lunes a viernes, los esperamos con todos los protocolos de seguridad y sanitizaci\u00f3n. Lo importante es que traigan su mascarilla\u00bb, afirm\u00f3.<\/span><\/p>\n<p class=\"v1MsoNormal\" style=\"text-align: justify;\"><span lang=\"ES-TRAD\">Puntualmente, ser\u00e1n 5.758 los beneficiarios\/as en nuestra Regi\u00f3n de Ays\u00e9n del aguinaldo de Fiestas Patrias, lo que implica una inversi\u00f3n estatal de $118.752.992, a ellos se suman las cargas familiares que ascienden a 263, siendo una inversi\u00f3n total de $121.535.795 a nivel regional y m\u00e1s de 49 mil millones de pesos a nivel nacional. Para este a\u00f1o el monto del beneficio es de $20.624 por pensionado\/a y se incrementar\u00e1 en $10.581 por cada carga familiar acreditada al 31 de agosto de 2021.<\/span><i><\/i><i><\/i><\/p>\n<p class=\"v1MsoNormal\" style=\"text-align: justify;\"><b><u><span lang=\"ES-TRAD\">Sugerencias para un cobro seguro:<\/span><\/u><\/b><\/p>\n<p class=\"v1MsoNormal\" style=\"text-align: justify;\"><span lang=\"ES-TRAD\">IPS adem\u00e1s entreg\u00f3 consejos para estar alertas cuando los pensionados vayan a cobrar su pensi\u00f3n junto a su aguinaldo, haciendo un llamado al autocuidado. Por eso cuando acuda a cobrar, tenga presente lo siguiente:<\/span><\/p>\n<p style=\"text-align: justify;\"><span lang=\"ES-TRAD\">\u00b7\u00a0\u00a0\u00a0\u00a0\u00a0\u00a0<\/span><span lang=\"ES-TRAD\">Procure acudir al local de pago acompa\u00f1ado por alguien de su confianza.<\/span><\/p>\n<p style=\"text-align: justify;\"><span lang=\"ES-TRAD\">\u00b7\u00a0\u00a0\u00a0\u00a0\u00a0\u00a0<\/span><span lang=\"ES-TRAD\">Evite el di\u00e1logo con personas desconocidas a la salida de local.<\/span><\/p>\n<p style=\"text-align: justify;\"><span lang=\"ES-TRAD\">\u00b7\u00a0\u00a0\u00a0\u00a0\u00a0\u00a0<\/span><span lang=\"ES-TRAD\">Cuente el dinero al interior de las oficinas de pago.<\/span><\/p>\n<p style=\"text-align: justify;\"><span lang=\"ES-TRAD\">\u00b7\u00a0\u00a0\u00a0\u00a0\u00a0\u00a0<\/span><span lang=\"ES-TRAD\">Guarde su dinero en un lugar seguro antes de abandonar el lugar de pago.<\/span><\/p>\n<p style=\"text-align: justify;\"><span lang=\"ES-TRAD\">\u00b7\u00a0\u00a0\u00a0\u00a0\u00a0\u00a0<\/span><span lang=\"ES-TRAD\">Sus dudas o consultas h\u00e1galas saber a los funcionarios de la red ChileAtiende del IPS que est\u00e1n debidamente acreditados o a personal de Los H\u00e9roes y BancoEstado.<\/span><\/p>\n<p class=\"v1MsoNormal\" style=\"text-align: justify;\"><span lang=\"ES-TRAD\">De igual manera, hay que tener cuidado con los mensajes por celular que andan circulando y que podr\u00edan ser fraudes, no acepten llamadas que parezcan sospechosas o de desconocidos, como tampoco abran links que les env\u00eden por mensajes de textos invit\u00e1ndoles a visitar p\u00e1ginas en Internet para conocer el monto de su aguinaldo, porque son falsos. IPS tiene canales de comunicaci\u00f3n formales. Ante dudas, se solicita siempre consultar en los canales de atenci\u00f3n de la red ChileAtiende del Instituto de Previsi\u00f3n Social.<\/span><\/p>\n<p class=\"v1MsoNormal\" style=\"text-align: justify;\"><span lang=\"ES-TRAD\">\u00abCualquier duda que tengan sobre \u00e9ste u otro tema previsional en que podamos ayudarles, est\u00e1n nuestras oficinas de IPS ChileAtiende en la regi\u00f3n, ubicadas en Puerto Cisnes, Puerto Ays\u00e9n, Coyhaique, Chile Chico y Cochrane en horario de lunes a viernes de 8:30 a 14:00 hrs. <\/span><\/p>\n<p class=\"v1MsoNormal\" style=\"text-align: justify;\"><span lang=\"ES-TRAD\">Adem\u00e1s, contamos con nuestro sitio web <\/span><a href=\"http:\/\/www.chileatiende.cl\/\" target=\"_blank\" rel=\"noopener noreferrer\"><span lang=\"ES-TRAD\">www.chileatiende.cl<\/span><\/a><span lang=\"ES-TRAD\">,\u00a0<\/span><a href=\"http:\/\/www.ipsenlinea.cl\/\" target=\"_blank\" rel=\"noopener noreferrer\"><span lang=\"ES-TRAD\">www.ipsenlinea.cl<\/span><\/a><span lang=\"ES-TRAD\">, para algunos tr\u00e1mites tambi\u00e9n y nuestro call center 101. Me despido dese\u00e1ndoles una muy lindas Fiestas Patrias\u00bb, inform\u00f3 Rodr\u00edguez.\u00a0<\/span><\/p>\n<\/div><\/section><\/div><div  style='height:50px' class='hr hr-invisible   avia-builder-el-6  el_after_av_one_full  el_before_av_social_share '><span class='hr-inner ' ><span class='hr-inner-style'><\/span><\/span><\/div><\/p>\n<div  class='av-social-sharing-box  avia-builder-el-7  el_after_av_hr  el_before_av_hr  '><div class='av-share-box'><h5 class='av-share-link-description av-no-toc '>Compartir esta noticia<\/h5><ul class='av-share-box-list noLightbox'><li class='av-share-link av-social-link-facebook' ><a target=\"_blank\" aria-label=\"Compartir en Facebook\" href='https:\/\/www.facebook.com\/sharer.php?u=https:\/\/radiorevelacionfm.cl\/?p=8322&#038;t=Ya%20comenz%C3%B3%20el%20pago%20del%20tradicional%20Aguinaldo%20de%20Fiestas%20Patrias%2C%20beneficiando%20a%20m%C3%A1s%20de%206.000%20pensionados' aria-hidden='false' data-av_icon='\ue8f3' data-av_iconfont='entypo-fontello' title='' data-avia-related-tooltip='Compartir en Facebook' rel=\"noopener\"><span class='avia_hidden_link_text'>Compartir en Facebook<\/span><\/a><\/li><li class='av-share-link av-social-link-twitter' ><a target=\"_blank\" aria-label=\"Compartir en Twitter\" href='https:\/\/twitter.com\/share?text=Ya%20comenz%C3%B3%20el%20pago%20del%20tradicional%20Aguinaldo%20de%20Fiestas%20Patrias%2C%20beneficiando%20a%20m%C3%A1s%20de%206.000%20pensionados&#038;url=https:\/\/radiorevelacionfm.cl\/?p=8322' aria-hidden='false' data-av_icon='\ue8f1' data-av_iconfont='entypo-fontello' title='' data-avia-related-tooltip='Compartir en Twitter' rel=\"noopener\"><span class='avia_hidden_link_text'>Compartir en Twitter<\/span><\/a><\/li><li class='av-share-link av-social-link-whatsapp' ><a target=\"_blank\" aria-label=\"Compartir en Whatsapp\" href='https:\/\/api.whatsapp.com\/send?text=https:\/\/radiorevelacionfm.cl\/?p=8322' aria-hidden='false' data-av_icon='\uf232' data-av_iconfont='entypo-fontello' title='' data-avia-related-tooltip='Compartir en Whatsapp' rel=\"noopener\"><span class='avia_hidden_link_text'>Compartir en Whatsapp<\/span><\/a><\/li><li class='av-share-link av-social-link-linkedin' ><a target=\"_blank\" aria-label=\"Compartir en LinkedIn\" href='https:\/\/linkedin.com\/shareArticle?mini=true&#038;title=Ya%20comenz%C3%B3%20el%20pago%20del%20tradicional%20Aguinaldo%20de%20Fiestas%20Patrias%2C%20beneficiando%20a%20m%C3%A1s%20de%206.000%20pensionados&#038;url=https:\/\/radiorevelacionfm.cl\/?p=8322' aria-hidden='false' data-av_icon='\ue8fc' data-av_iconfont='entypo-fontello' title='' data-avia-related-tooltip='Compartir en LinkedIn' rel=\"noopener\"><span class='avia_hidden_link_text'>Compartir en LinkedIn<\/span><\/a><\/li><li class='av-share-link av-social-link-mail' ><a  aria-label=\"Compartir por correo\" href='mailto:?subject=Ya%20comenz%C3%B3%20el%20pago%20del%20tradicional%20Aguinaldo%20de%20Fiestas%20Patrias%2C%20beneficiando%20a%20m%C3%A1s%20de%206.000%20pensionados&#038;body=https:\/\/radiorevelacionfm.cl\/?p=8322' aria-hidden='false' data-av_icon='\ue805' data-av_iconfont='entypo-fontello' title='' data-avia-related-tooltip='Compartir por correo'><span class='avia_hidden_link_text'>Compartir por correo<\/span><\/a><\/li><\/ul><\/div><\/div>\n<div  style='height:50px' class='hr hr-invisible   avia-builder-el-8  el_after_av_social_share  el_before_av_comments_list '><span class='hr-inner ' ><span class='hr-inner-style'><\/span><\/span><\/div>\n<div  class='av-buildercomment  av-blog-meta-html-info-disabled av-blog-meta-tag-disabled  '><\/div>\n","protected":false},"excerpt":{"rendered":"","protected":false},"author":1,"featured_media":8323,"comment_status":"open","ping_status":"open","sticky":false,"template":"","format":"standard","meta":{"footnotes":""},"categories":[38],"tags":[],"class_list":["post-8322","post","type-post","status-publish","format-standard","has-post-thumbnail","hentry","category-regional"],"jetpack_featured_media_url":"https:\/\/radiorevelacionfm.cl\/wp-content\/uploads\/2021\/09\/Pensionados-1-1-1.jpeg","_links":{"self":[{"href":"https:\/\/radiorevelacionfm.cl\/index.php?rest_route=\/wp\/v2\/posts\/8322","targetHints":{"allow":["GET"]}}],"collection":[{"href":"https:\/\/radiorevelacionfm.cl\/index.php?rest_route=\/wp\/v2\/posts"}],"about":[{"href":"https:\/\/radiorevelacionfm.cl\/index.php?rest_route=\/wp\/v2\/types\/post"}],"author":[{"embeddable":true,"href":"https:\/\/radiorevelacionfm.cl\/index.php?rest_route=\/wp\/v2\/users\/1"}],"replies":[{"embeddable":true,"href":"https:\/\/radiorevelacionfm.cl\/index.php?rest_route=%2Fwp%2Fv2%2Fcomments&post=8322"}],"version-history":[{"count":1,"href":"https:\/\/radiorevelacionfm.cl\/index.php?rest_route=\/wp\/v2\/posts\/8322\/revisions"}],"predecessor-version":[{"id":8324,"href":"https:\/\/radiorevelacionfm.cl\/index.php?rest_route=\/wp\/v2\/posts\/8322\/revisions\/8324"}],"wp:featuredmedia":[{"embeddable":true,"href":"https:\/\/radiorevelacionfm.cl\/index.php?rest_route=\/wp\/v2\/media\/8323"}],"wp:attachment":[{"href":"https:\/\/radiorevelacionfm.cl\/index.php?rest_route=%2Fwp%2Fv2%2Fmedia&parent=8322"}],"wp:term":[{"taxonomy":"category","embeddable":true,"href":"https:\/\/radiorevelacionfm.cl\/index.php?rest_route=%2Fwp%2Fv2%2Fcategories&post=8322"},{"taxonomy":"post_tag","embeddable":true,"href":"https:\/\/radiorevelacionfm.cl\/index.php?rest_route=%2Fwp%2Fv2%2Ftags&post=8322"}],"curies":[{"name":"wp","href":"https:\/\/api.w.org\/{rel}","templated":true}]}}