{"id":8317,"date":"2021-09-05T16:07:54","date_gmt":"2021-09-05T19:07:54","guid":{"rendered":"https:\/\/radiorevelacionfm.cl\/?p=8317"},"modified":"2021-09-05T16:11:11","modified_gmt":"2021-09-05T19:11:11","slug":"candidato-quidel-manifesto-preocupacion-por-conectividad-ante-una-emergencia-en-el-litoral","status":"publish","type":"post","link":"https:\/\/radiorevelacionfm.cl\/?p=8317","title":{"rendered":"Candidato Quidel manifest\u00f3 preocupaci\u00f3n por conectividad ante una emergencia en el litoral"},"content":{"rendered":"<div class=\"flex_column av_one_full  flex_column_div av-zero-column-padding first  avia-builder-el-0  el_before_av_one_full  avia-builder-el-first  \" style='border-radius:0px; '><div  class='avia-image-container  av-styling-    avia-builder-el-1  avia-builder-el-no-sibling  avia-align-center '  itemprop=\"image\" itemscope=\"itemscope\" itemtype=\"https:\/\/schema.org\/ImageObject\"  ><div class='avia-image-container-inner'><div class='avia-image-overlay-wrap'><img decoding=\"async\" class='wp-image-8320 avia-img-lazy-loading-not-8320 avia_image' src=\"https:\/\/radiorevelacionfm.cl\/wp-content\/uploads\/2021\/09\/DOMINGO-0-1-1.jpg\" alt='' title='DOMINGO 0 (1) (1)' height=\"600\" width=\"881\"  itemprop=\"thumbnailUrl\" srcset=\"https:\/\/radiorevelacionfm.cl\/wp-content\/uploads\/2021\/09\/DOMINGO-0-1-1.jpg 881w, https:\/\/radiorevelacionfm.cl\/wp-content\/uploads\/2021\/09\/DOMINGO-0-1-1-300x204.jpg 300w, https:\/\/radiorevelacionfm.cl\/wp-content\/uploads\/2021\/09\/DOMINGO-0-1-1-768x523.jpg 768w, https:\/\/radiorevelacionfm.cl\/wp-content\/uploads\/2021\/09\/DOMINGO-0-1-1-705x480.jpg 705w, https:\/\/radiorevelacionfm.cl\/wp-content\/uploads\/2021\/09\/DOMINGO-0-1-1-600x409.jpg 600w\" sizes=\"(max-width: 881px) 100vw, 881px\" \/><\/div><\/div><\/div><\/div><div class=\"flex_column av_one_full  flex_column_div av-zero-column-padding first  avia-builder-el-2  el_after_av_one_full  el_before_av_one_full  column-top-margin\" style='border-radius:0px; '><section class=\"av_textblock_section \"  itemscope=\"itemscope\" itemtype=\"https:\/\/schema.org\/BlogPosting\" itemprop=\"blogPost\" ><div class='avia_textblock  '   itemprop=\"text\" ><p style=\"text-align: center;\"><strong><span style=\"font-size: 18pt;\">Candidato Quidel manifest\u00f3 preocupaci\u00f3n por conectividad ante una emergencia en el litoral<\/span><\/strong><\/p>\n<div id=\"gtx-trans\" style=\"position: absolute; left: -50px; top: 4.31534px;\">\n<div class=\"gtx-trans-icon\"><\/div>\n<\/div>\n<\/div><\/section><\/div><\/p>\n<div class=\"flex_column av_one_full  flex_column_div av-zero-column-padding first  avia-builder-el-4  el_after_av_one_full  el_before_av_hr  column-top-margin\" style='border-radius:0px; '><section class=\"av_textblock_section \"  itemscope=\"itemscope\" itemtype=\"https:\/\/schema.org\/BlogPosting\" itemprop=\"blogPost\" ><div class='avia_textblock  '   itemprop=\"text\" ><p style=\"text-align: justify;\">El candidato a Consejero Regional del PS por la Provincia de Ays\u00e9n, Domingo Quidel Vel\u00e1squez, quiso plantear un tema que al transcurrir los a\u00f1os, pareciera no ser abordado con la necesidad que comunidades como Guaitecas e Islas Huichas requieren y son los traslados de salud en casos de urgencia.<\/p>\n<p style=\"text-align: justify;\">Los vecinos y vecinas que se ven enfrentados ante una situaci\u00f3n como esta, deben esperar la llegada de una avioneta, si el clima lo permite, lo mismo ocurre con alguna embarcaci\u00f3n, a eso se suman, la disponibilidad de estos medios de transporte. Algo que los dirigentes y autoridades han venido planteado en el tiempo.<\/p>\n<p style=\"text-align: justify;\">En \u00e9poca de pandemia, tambi\u00e9n se requiere disponibilidad de alg\u00fan medio para derivar a un paciente que puede presentar inconvenientes, por ello, Quidel, cree que es necesario poner sobre la mesa esta necesidad.<\/p>\n<p style=\"text-align: justify;\">\u201cPorque justamente cuando hay emergencias sanitarias, finalmente las personas que salen en una situaci\u00f3n delicada de salud, tienen que estar esperando mientras llega el avi\u00f3n ambulancia entre 15 y 20 horas. Por lo tanto, es una tremenda problem\u00e1tica que se puede asumir entregando m\u00e1s recursos a las islas y que sea un poco m\u00e1s operativo el traslado de una urgencia. Esta es una problem\u00e1tica y necesidad que se viene arrastrando durante muchos a\u00f1os, particularmente en la comuna de Guaitecas, seg\u00fan me ha manifestado el Concejal Omar Vera, algo que le preocupa se plantee a nivel regional. En ese sentido, tanto para Islas Huichas como para Guaitecas, mi compromiso es trabajar con la comunidad, en una necesidad tan importante como es el tema salud\u201d.<\/p>\n<p style=\"text-align: justify;\">Domingo Quidel espera en los pr\u00f3ximos d\u00edas viajar a Guaitecas, donde se reunir\u00e1 con dirigentes y autoridades locales para abordar esta y otras materias que requieren los vecinos en este sector.<\/p>\n<p style=\"text-align: justify;\">\u201cTengo la posibilidad dentro de este mes de septiembre, octubre, viajar y tener una reuni\u00f3n de trabajo all\u00e1 con las organizaciones y las autoridades locales, justamente para poder abordar esta tem\u00e1tica y de alguna forma buscar una soluci\u00f3n que sea definitiva a esta situaci\u00f3n que afecta a nuestras localidades del litoral, pero una de las comunas m\u00e1s lejanas es Guaitecas, donde esta Melinka y Repollal. Esperamos que de esa reuni\u00f3n en terreno se pueda ir avanzando en ideas y soluciones que a futuro sean satisfactorias para la comunidad\u201d.<\/p>\n<p style=\"text-align: justify;\">El candidato a Core por la provincia de Ays\u00e9n, Domingo Quidel Vel\u00e1squez, cree que los problemas de la ciudadan\u00eda hay que abordarlos en terreno, ver las posibles soluciones y trabajar entre todos para avanzar.<\/p>\n<\/div><\/section><\/div>\n<div  style='height:50px' class='hr hr-invisible   avia-builder-el-6  el_after_av_one_full  el_before_av_social_share '><span class='hr-inner ' ><span class='hr-inner-style'><\/span><\/span><\/div>\n<div  class='av-social-sharing-box  avia-builder-el-7  el_after_av_hr  el_before_av_hr  '><div class='av-share-box'><h5 class='av-share-link-description av-no-toc '>Compartir esta noticia<\/h5><ul class='av-share-box-list noLightbox'><li class='av-share-link av-social-link-facebook' ><a target=\"_blank\" aria-label=\"Compartir en Facebook\" href='https:\/\/www.facebook.com\/sharer.php?u=https:\/\/radiorevelacionfm.cl\/?p=8317&#038;t=Candidato%20Quidel%20manifest%C3%B3%20preocupaci%C3%B3n%20por%20conectividad%20ante%20una%20emergencia%20en%20el%20litoral' aria-hidden='false' data-av_icon='\ue8f3' data-av_iconfont='entypo-fontello' title='' data-avia-related-tooltip='Compartir en Facebook' rel=\"noopener\"><span class='avia_hidden_link_text'>Compartir en Facebook<\/span><\/a><\/li><li class='av-share-link av-social-link-twitter' ><a target=\"_blank\" aria-label=\"Compartir en Twitter\" href='https:\/\/twitter.com\/share?text=Candidato%20Quidel%20manifest%C3%B3%20preocupaci%C3%B3n%20por%20conectividad%20ante%20una%20emergencia%20en%20el%20litoral&#038;url=https:\/\/radiorevelacionfm.cl\/?p=8317' aria-hidden='false' data-av_icon='\ue8f1' data-av_iconfont='entypo-fontello' title='' data-avia-related-tooltip='Compartir en Twitter' rel=\"noopener\"><span class='avia_hidden_link_text'>Compartir en Twitter<\/span><\/a><\/li><li class='av-share-link av-social-link-whatsapp' ><a target=\"_blank\" aria-label=\"Compartir en Whatsapp\" href='https:\/\/api.whatsapp.com\/send?text=https:\/\/radiorevelacionfm.cl\/?p=8317' aria-hidden='false' data-av_icon='\uf232' data-av_iconfont='entypo-fontello' title='' data-avia-related-tooltip='Compartir en Whatsapp' rel=\"noopener\"><span class='avia_hidden_link_text'>Compartir en Whatsapp<\/span><\/a><\/li><li class='av-share-link av-social-link-linkedin' ><a target=\"_blank\" aria-label=\"Compartir en LinkedIn\" href='https:\/\/linkedin.com\/shareArticle?mini=true&#038;title=Candidato%20Quidel%20manifest%C3%B3%20preocupaci%C3%B3n%20por%20conectividad%20ante%20una%20emergencia%20en%20el%20litoral&#038;url=https:\/\/radiorevelacionfm.cl\/?p=8317' aria-hidden='false' data-av_icon='\ue8fc' data-av_iconfont='entypo-fontello' title='' data-avia-related-tooltip='Compartir en LinkedIn' rel=\"noopener\"><span class='avia_hidden_link_text'>Compartir en LinkedIn<\/span><\/a><\/li><li class='av-share-link av-social-link-mail' ><a  aria-label=\"Compartir por correo\" href='mailto:?subject=Candidato%20Quidel%20manifest%C3%B3%20preocupaci%C3%B3n%20por%20conectividad%20ante%20una%20emergencia%20en%20el%20litoral&#038;body=https:\/\/radiorevelacionfm.cl\/?p=8317' aria-hidden='false' data-av_icon='\ue805' data-av_iconfont='entypo-fontello' title='' data-avia-related-tooltip='Compartir por correo'><span class='avia_hidden_link_text'>Compartir por correo<\/span><\/a><\/li><\/ul><\/div><\/div>\n<div  style='height:50px' class='hr hr-invisible   avia-builder-el-8  el_after_av_social_share  el_before_av_comments_list '><span class='hr-inner ' ><span class='hr-inner-style'><\/span><\/span><\/div>\n<div  class='av-buildercomment  av-blog-meta-html-info-disabled av-blog-meta-tag-disabled  '><\/div>\n","protected":false},"excerpt":{"rendered":"","protected":false},"author":1,"featured_media":8320,"comment_status":"open","ping_status":"open","sticky":false,"template":"","format":"standard","meta":{"footnotes":""},"categories":[35],"tags":[],"class_list":["post-8317","post","type-post","status-publish","format-standard","has-post-thumbnail","hentry","category-politica"],"jetpack_featured_media_url":"https:\/\/radiorevelacionfm.cl\/wp-content\/uploads\/2021\/09\/DOMINGO-0-1-1.jpg","_links":{"self":[{"href":"https:\/\/radiorevelacionfm.cl\/index.php?rest_route=\/wp\/v2\/posts\/8317","targetHints":{"allow":["GET"]}}],"collection":[{"href":"https:\/\/radiorevelacionfm.cl\/index.php?rest_route=\/wp\/v2\/posts"}],"about":[{"href":"https:\/\/radiorevelacionfm.cl\/index.php?rest_route=\/wp\/v2\/types\/post"}],"author":[{"embeddable":true,"href":"https:\/\/radiorevelacionfm.cl\/index.php?rest_route=\/wp\/v2\/users\/1"}],"replies":[{"embeddable":true,"href":"https:\/\/radiorevelacionfm.cl\/index.php?rest_route=%2Fwp%2Fv2%2Fcomments&post=8317"}],"version-history":[{"count":2,"href":"https:\/\/radiorevelacionfm.cl\/index.php?rest_route=\/wp\/v2\/posts\/8317\/revisions"}],"predecessor-version":[{"id":8321,"href":"https:\/\/radiorevelacionfm.cl\/index.php?rest_route=\/wp\/v2\/posts\/8317\/revisions\/8321"}],"wp:featuredmedia":[{"embeddable":true,"href":"https:\/\/radiorevelacionfm.cl\/index.php?rest_route=\/wp\/v2\/media\/8320"}],"wp:attachment":[{"href":"https:\/\/radiorevelacionfm.cl\/index.php?rest_route=%2Fwp%2Fv2%2Fmedia&parent=8317"}],"wp:term":[{"taxonomy":"category","embeddable":true,"href":"https:\/\/radiorevelacionfm.cl\/index.php?rest_route=%2Fwp%2Fv2%2Fcategories&post=8317"},{"taxonomy":"post_tag","embeddable":true,"href":"https:\/\/radiorevelacionfm.cl\/index.php?rest_route=%2Fwp%2Fv2%2Ftags&post=8317"}],"curies":[{"name":"wp","href":"https:\/\/api.w.org\/{rel}","templated":true}]}}