{"id":8310,"date":"2021-09-05T13:04:56","date_gmt":"2021-09-05T16:04:56","guid":{"rendered":"https:\/\/radiorevelacionfm.cl\/?p=8310"},"modified":"2021-09-05T13:04:56","modified_gmt":"2021-09-05T16:04:56","slug":"autoridades-y-vecinos-celebran-inicio-de-historica-pavimentacion-en-calle-jose-silva-ormeno-de-coyhaique","status":"publish","type":"post","link":"https:\/\/radiorevelacionfm.cl\/?p=8310","title":{"rendered":"Autoridades y vecinos celebran inicio de hist\u00f3rica pavimentaci\u00f3n en calle Jos\u00e9 Silva Orme\u00f1o de Coyhaique"},"content":{"rendered":"<div class=\"flex_column av_one_full  flex_column_div av-zero-column-padding first  avia-builder-el-0  el_before_av_one_full  avia-builder-el-first  \" style='border-radius:0px; '><div  class='avia-image-container  av-styling-    avia-builder-el-1  avia-builder-el-no-sibling  avia-align-center '  itemprop=\"image\" itemscope=\"itemscope\" itemtype=\"https:\/\/schema.org\/ImageObject\"  ><div class='avia-image-container-inner'><div class='avia-image-overlay-wrap'><img decoding=\"async\" class='wp-image-8311 avia-img-lazy-loading-not-8311 avia_image' src=\"https:\/\/radiorevelacionfm.cl\/wp-content\/uploads\/2021\/09\/foto-autoridades-y-vecinos-celebran-inicio-de-pavimentacion-en-calle-silva-ormeno-1_optimized.jpg\" alt='' title='foto-autoridades-y-vecinos-celebran-inicio-de-pavimentaci\u00f3n-en-calle-silva-orme\u00f1o-(1)_optimized' height=\"600\" width=\"899\"  itemprop=\"thumbnailUrl\" srcset=\"https:\/\/radiorevelacionfm.cl\/wp-content\/uploads\/2021\/09\/foto-autoridades-y-vecinos-celebran-inicio-de-pavimentacion-en-calle-silva-ormeno-1_optimized.jpg 899w, https:\/\/radiorevelacionfm.cl\/wp-content\/uploads\/2021\/09\/foto-autoridades-y-vecinos-celebran-inicio-de-pavimentacion-en-calle-silva-ormeno-1_optimized-300x200.jpg 300w, https:\/\/radiorevelacionfm.cl\/wp-content\/uploads\/2021\/09\/foto-autoridades-y-vecinos-celebran-inicio-de-pavimentacion-en-calle-silva-ormeno-1_optimized-768x513.jpg 768w, https:\/\/radiorevelacionfm.cl\/wp-content\/uploads\/2021\/09\/foto-autoridades-y-vecinos-celebran-inicio-de-pavimentacion-en-calle-silva-ormeno-1_optimized-705x471.jpg 705w, https:\/\/radiorevelacionfm.cl\/wp-content\/uploads\/2021\/09\/foto-autoridades-y-vecinos-celebran-inicio-de-pavimentacion-en-calle-silva-ormeno-1_optimized-600x400.jpg 600w\" sizes=\"(max-width: 899px) 100vw, 899px\" \/><\/div><\/div><\/div><\/div><div class=\"flex_column av_one_full  flex_column_div av-zero-column-padding first  avia-builder-el-2  el_after_av_one_full  el_before_av_one_full  column-top-margin\" style='border-radius:0px; '><section class=\"av_textblock_section \"  itemscope=\"itemscope\" itemtype=\"https:\/\/schema.org\/BlogPosting\" itemprop=\"blogPost\" ><div class='avia_textblock  '   itemprop=\"text\" ><p style=\"text-align: center;\"><strong><span style=\"font-size: 18pt;\">Autoridades y vecinos celebran inicio de hist\u00f3rica pavimentaci\u00f3n en calle Jos\u00e9 Silva Orme\u00f1o de Coyhaique<\/span><\/strong><\/p>\n<div id=\"gtx-trans\" style=\"position: absolute; left: -50px; top: 4.31534px;\">\n<div class=\"gtx-trans-icon\"><\/div>\n<\/div>\n<\/div><\/section><\/div><div class=\"flex_column av_one_full  flex_column_div av-zero-column-padding first  avia-builder-el-4  el_after_av_one_full  el_before_av_hr  column-top-margin\" style='border-radius:0px; '><section class=\"av_textblock_section \"  itemscope=\"itemscope\" itemtype=\"https:\/\/schema.org\/BlogPosting\" itemprop=\"blogPost\" ><div class='avia_textblock  '   itemprop=\"text\" ><p style=\"text-align: justify;\">M\u00e1s de cuatro d\u00e9cadas de existencia tiene la poblaci\u00f3n Las Lengas de Coyhaique y si bien hoy muestra la mayor parte de sus v\u00edas pavimentadas, manten\u00eda uno de sus principales accesos a\u00fan de tierra: la calle Jos\u00e9 Silva Orme\u00f1o, causando a sus residentes serias molestias e incomodidades que pronto comenzar\u00e1n a quedar en el olvido.<\/p>\n<p style=\"text-align: justify;\">As\u00ed se pudo comprobar el pasado viernes, cuando el Ministerio de Vivienda y Urbanismo concret\u00f3 a trav\u00e9s del Serviu la entrega de terreno que permite a la empresa de Ra\u00fal Torres Hurtado iniciar las anheladas obras de pavimentaci\u00f3n de la calle. De esta forma ser\u00e1n intervenidos algo m\u00e1s de 158 metros lineales que cambiar\u00e1n positivamente la vida de los vecinos y vecinas del sector, todo esto con una inversi\u00f3n que bordea los 158 millones de pesos provenientes del Gobierno Regional de Ays\u00e9n.<\/p>\n<p style=\"text-align: justify;\">La Delegada Presidencial de Ays\u00e9n, Margarita Ossa Rojas, destac\u00f3 este gran paso para los vecinos, fruto de la organizaci\u00f3n, esfuerzo y perseverancia. \u201cEsto tiene una enorme relevancia, ya que nos hablaban de temas tan cotidianos como el polvo en sus casas o el que se quiebre un vidrio, lo que afecta directamente la calidad de vida de las personas. Afortunadamente a trav\u00e9s del Minvu y con el financiamiento del FNDR del Gobierno\u00a0 Regional, se ha logrado concretar esta iniciativa que parte el 1 de septiembre y finalizar\u00eda en febrero de 2022. A veces uno inaugura grandes obras de infraestructura que tienen un beneficio enorme para la comunidad, pero si bien ac\u00e1 tenemos una calle no muy larga, esta una obra que impactar\u00e1 positivamente en el vivir diario de todos los vecinos\u201d, afirm\u00f3.<\/p>\n<p style=\"text-align: justify;\">El Seremi de Vivienda, Diego Silva, expres\u00f3 su satisfacci\u00f3n de ver una vez m\u00e1s que el Gobierno llega con soluciones concretas a nuestra comunidad local y regional. \u201cMuy contento porque esto ya parti\u00f3, hicimos entrega del terreno y esperamos que tras los 180 d\u00edas podamos hacer entrega de esta calle pavimentada. En el invierno era barro y hoyos, en el verano era polvo y piedras que quebraban los vidrios. Son ocho a\u00f1os de gestiones y m\u00e1s de 40 con las familias viviendo en este sector, esperando pavimentar esta calle y hoy estamos cumpliendo ese sue\u00f1o. Como ha dicho nuestro Ministro Felipe Ward, en el Minvu no solo construimos viviendas sino que tambi\u00e9n estamos hablando de integraci\u00f3n social potente y las calles est\u00e1n dentro del margen de dignidad que una familia siempre debiera tener\u201d, manifest\u00f3.<\/p>\n<p style=\"text-align: justify;\">Para el Presidente de la Junta de Vecinos, Luis Ruiz, el inicio de esta pavimentaci\u00f3n es un momento muy esperado por todos, algo que los llena de orgullo y de optimismo. \u201cLos vecinos estaban ya muy preocupados, se les romp\u00edan los vidrios y los veh\u00edculos con las piedras, as\u00ed que peleamos hasta llegar a estas instancias, donde me siento orgulloso de haber sido uno de los que luch\u00f3 por esto, as\u00ed que feliz por mis vecinos y la verdad que cuando uno hace las cosas con respeto, con cari\u00f1o y cuando las autoridades saben que uno no va a pelear sino a pedir las cosas porque lo necesita, de verdad que las cosas salen. Agradecerle a todos los funcionarios del Serviu y de la Municipalidad por la buena acogida y es as\u00ed como nuestros \u00a0proyectos siguen saliendo adelante\u201d, indic\u00f3.<\/p>\n<p style=\"text-align: justify;\">Finalmente tambi\u00e9n el Alcalde de Coyhaique, Carlos Gatica, destac\u00f3 la labor de la junta de vecinos y el trabajo de las instituciones que hacen posible iniciar estas obras, lo que debe servir como ejemplo para otras organizaciones comunitarias en la b\u00fasqueda de soluciones definitivas para sus respectivos sectores.<\/p>\n<\/div><\/section><\/div><div  style='height:50px' class='hr hr-invisible   avia-builder-el-6  el_after_av_one_full  el_before_av_social_share '><span class='hr-inner ' ><span class='hr-inner-style'><\/span><\/span><\/div><\/p>\n<div  class='av-social-sharing-box  avia-builder-el-7  el_after_av_hr  el_before_av_hr  '><div class='av-share-box'><h5 class='av-share-link-description av-no-toc '>Compartir esta noticia<\/h5><ul class='av-share-box-list noLightbox'><li class='av-share-link av-social-link-facebook' ><a target=\"_blank\" aria-label=\"Compartir en Facebook\" href='https:\/\/www.facebook.com\/sharer.php?u=https:\/\/radiorevelacionfm.cl\/?p=8310&#038;t=Autoridades%20y%20vecinos%20celebran%20inicio%20de%20hist%C3%B3rica%20pavimentaci%C3%B3n%20en%20calle%20Jos%C3%A9%20Silva%20Orme%C3%B1o%20de%20Coyhaique' aria-hidden='false' data-av_icon='\ue8f3' data-av_iconfont='entypo-fontello' title='' data-avia-related-tooltip='Compartir en Facebook' rel=\"noopener\"><span class='avia_hidden_link_text'>Compartir en Facebook<\/span><\/a><\/li><li class='av-share-link av-social-link-twitter' ><a target=\"_blank\" aria-label=\"Compartir en Twitter\" href='https:\/\/twitter.com\/share?text=Autoridades%20y%20vecinos%20celebran%20inicio%20de%20hist%C3%B3rica%20pavimentaci%C3%B3n%20en%20calle%20Jos%C3%A9%20Silva%20Orme%C3%B1o%20de%20Coyhaique&#038;url=https:\/\/radiorevelacionfm.cl\/?p=8310' aria-hidden='false' data-av_icon='\ue8f1' data-av_iconfont='entypo-fontello' title='' data-avia-related-tooltip='Compartir en Twitter' rel=\"noopener\"><span class='avia_hidden_link_text'>Compartir en Twitter<\/span><\/a><\/li><li class='av-share-link av-social-link-whatsapp' ><a target=\"_blank\" aria-label=\"Compartir en Whatsapp\" href='https:\/\/api.whatsapp.com\/send?text=https:\/\/radiorevelacionfm.cl\/?p=8310' aria-hidden='false' data-av_icon='\uf232' data-av_iconfont='entypo-fontello' title='' data-avia-related-tooltip='Compartir en Whatsapp' rel=\"noopener\"><span class='avia_hidden_link_text'>Compartir en Whatsapp<\/span><\/a><\/li><li class='av-share-link av-social-link-linkedin' ><a target=\"_blank\" aria-label=\"Compartir en LinkedIn\" href='https:\/\/linkedin.com\/shareArticle?mini=true&#038;title=Autoridades%20y%20vecinos%20celebran%20inicio%20de%20hist%C3%B3rica%20pavimentaci%C3%B3n%20en%20calle%20Jos%C3%A9%20Silva%20Orme%C3%B1o%20de%20Coyhaique&#038;url=https:\/\/radiorevelacionfm.cl\/?p=8310' aria-hidden='false' data-av_icon='\ue8fc' data-av_iconfont='entypo-fontello' title='' data-avia-related-tooltip='Compartir en LinkedIn' rel=\"noopener\"><span class='avia_hidden_link_text'>Compartir en LinkedIn<\/span><\/a><\/li><li class='av-share-link av-social-link-mail' ><a  aria-label=\"Compartir por correo\" href='mailto:?subject=Autoridades%20y%20vecinos%20celebran%20inicio%20de%20hist%C3%B3rica%20pavimentaci%C3%B3n%20en%20calle%20Jos%C3%A9%20Silva%20Orme%C3%B1o%20de%20Coyhaique&#038;body=https:\/\/radiorevelacionfm.cl\/?p=8310' aria-hidden='false' data-av_icon='\ue805' data-av_iconfont='entypo-fontello' title='' data-avia-related-tooltip='Compartir por correo'><span class='avia_hidden_link_text'>Compartir por correo<\/span><\/a><\/li><\/ul><\/div><\/div>\n<div  style='height:50px' class='hr hr-invisible   avia-builder-el-8  el_after_av_social_share  el_before_av_comments_list '><span class='hr-inner ' ><span class='hr-inner-style'><\/span><\/span><\/div>\n<div  class='av-buildercomment  av-blog-meta-html-info-disabled av-blog-meta-tag-disabled  '><\/div>\n","protected":false},"excerpt":{"rendered":"","protected":false},"author":1,"featured_media":8311,"comment_status":"open","ping_status":"open","sticky":false,"template":"","format":"standard","meta":{"footnotes":""},"categories":[38],"tags":[],"class_list":["post-8310","post","type-post","status-publish","format-standard","has-post-thumbnail","hentry","category-regional"],"jetpack_featured_media_url":"https:\/\/radiorevelacionfm.cl\/wp-content\/uploads\/2021\/09\/foto-autoridades-y-vecinos-celebran-inicio-de-pavimentacion-en-calle-silva-ormeno-1_optimized.jpg","_links":{"self":[{"href":"https:\/\/radiorevelacionfm.cl\/index.php?rest_route=\/wp\/v2\/posts\/8310","targetHints":{"allow":["GET"]}}],"collection":[{"href":"https:\/\/radiorevelacionfm.cl\/index.php?rest_route=\/wp\/v2\/posts"}],"about":[{"href":"https:\/\/radiorevelacionfm.cl\/index.php?rest_route=\/wp\/v2\/types\/post"}],"author":[{"embeddable":true,"href":"https:\/\/radiorevelacionfm.cl\/index.php?rest_route=\/wp\/v2\/users\/1"}],"replies":[{"embeddable":true,"href":"https:\/\/radiorevelacionfm.cl\/index.php?rest_route=%2Fwp%2Fv2%2Fcomments&post=8310"}],"version-history":[{"count":1,"href":"https:\/\/radiorevelacionfm.cl\/index.php?rest_route=\/wp\/v2\/posts\/8310\/revisions"}],"predecessor-version":[{"id":8312,"href":"https:\/\/radiorevelacionfm.cl\/index.php?rest_route=\/wp\/v2\/posts\/8310\/revisions\/8312"}],"wp:featuredmedia":[{"embeddable":true,"href":"https:\/\/radiorevelacionfm.cl\/index.php?rest_route=\/wp\/v2\/media\/8311"}],"wp:attachment":[{"href":"https:\/\/radiorevelacionfm.cl\/index.php?rest_route=%2Fwp%2Fv2%2Fmedia&parent=8310"}],"wp:term":[{"taxonomy":"category","embeddable":true,"href":"https:\/\/radiorevelacionfm.cl\/index.php?rest_route=%2Fwp%2Fv2%2Fcategories&post=8310"},{"taxonomy":"post_tag","embeddable":true,"href":"https:\/\/radiorevelacionfm.cl\/index.php?rest_route=%2Fwp%2Fv2%2Ftags&post=8310"}],"curies":[{"name":"wp","href":"https:\/\/api.w.org\/{rel}","templated":true}]}}