{"id":8307,"date":"2021-09-05T12:51:16","date_gmt":"2021-09-05T15:51:16","guid":{"rendered":"https:\/\/radiorevelacionfm.cl\/?p=8307"},"modified":"2021-09-05T12:51:51","modified_gmt":"2021-09-05T15:51:51","slug":"diputado-calisto-oficia-a-superintendencia-de-medio-ambiente-para-que-sancione-a-salmonera-y-pide-sacar-balsa-jaula-de-bahia-de-puyuhuapi","status":"publish","type":"post","link":"https:\/\/radiorevelacionfm.cl\/?p=8307","title":{"rendered":"Calisto oficia a Superintendencia de Medio Ambiente para que sancione a salmonera y pide sacar balsa jaula de bah\u00eda de Puyuhuapi"},"content":{"rendered":"<div class=\"flex_column av_one_full  flex_column_div av-zero-column-padding first  avia-builder-el-0  el_before_av_one_full  avia-builder-el-first  \" style='border-radius:0px; '><div  class='avia-image-container  av-styling-    avia-builder-el-1  avia-builder-el-no-sibling  avia-align-center '  itemprop=\"image\" itemscope=\"itemscope\" itemtype=\"https:\/\/schema.org\/ImageObject\"  ><div class='avia-image-container-inner'><div class='avia-image-overlay-wrap'><img decoding=\"async\" class='wp-image-6938 avia-img-lazy-loading-not-6938 avia_image' src=\"https:\/\/radiorevelacionfm.cl\/wp-content\/uploads\/2021\/08\/CALISTO-PESCADORES-1-1.jpg\" alt='' title='CALISTO PESCADORES (1) (1)' height=\"600\" width=\"1067\"  itemprop=\"thumbnailUrl\" srcset=\"https:\/\/radiorevelacionfm.cl\/wp-content\/uploads\/2021\/08\/CALISTO-PESCADORES-1-1.jpg 1067w, https:\/\/radiorevelacionfm.cl\/wp-content\/uploads\/2021\/08\/CALISTO-PESCADORES-1-1-300x169.jpg 300w, https:\/\/radiorevelacionfm.cl\/wp-content\/uploads\/2021\/08\/CALISTO-PESCADORES-1-1-1030x579.jpg 1030w, https:\/\/radiorevelacionfm.cl\/wp-content\/uploads\/2021\/08\/CALISTO-PESCADORES-1-1-768x432.jpg 768w, https:\/\/radiorevelacionfm.cl\/wp-content\/uploads\/2021\/08\/CALISTO-PESCADORES-1-1-705x396.jpg 705w, https:\/\/radiorevelacionfm.cl\/wp-content\/uploads\/2021\/08\/CALISTO-PESCADORES-1-1-600x337.jpg 600w\" sizes=\"(max-width: 1067px) 100vw, 1067px\" \/><\/div><\/div><\/div><\/div><div class=\"flex_column av_one_full  flex_column_div av-zero-column-padding first  avia-builder-el-2  el_after_av_one_full  el_before_av_one_full  column-top-margin\" style='border-radius:0px; '><section class=\"av_textblock_section \"  itemscope=\"itemscope\" itemtype=\"https:\/\/schema.org\/BlogPosting\" itemprop=\"blogPost\" ><div class='avia_textblock  '   itemprop=\"text\" ><p style=\"text-align: center;\"><span style=\"font-size: 18pt;\"><b><span lang=\"ES\">Calisto oficia a Superintendencia de Medio Ambiente para que sancione a salmonera y pide sacar balsa jaula de bah\u00eda de Puyuhuapi<\/span><\/b><\/span><\/p>\n<div id=\"gtx-trans\" style=\"position: absolute; left: -50px; top: 4.31534px;\">\n<div class=\"gtx-trans-icon\"><\/div>\n<\/div>\n<\/div><\/section><\/div><div class=\"flex_column av_one_full  flex_column_div av-zero-column-padding first  avia-builder-el-4  el_after_av_one_full  el_before_av_hr  column-top-margin\" style='border-radius:0px; '><section class=\"av_textblock_section \"  itemscope=\"itemscope\" itemtype=\"https:\/\/schema.org\/BlogPosting\" itemprop=\"blogPost\" ><div class='avia_textblock  '   itemprop=\"text\" ><p style=\"font-weight: 400; text-align: justify;\">Siguen las repercusiones luego que se instalar\u00e1 una balsa salmonera en la bah\u00eda de Puyuhuapi. Esta vez fue el diputado Miguel \u00c1ngel Calisto el que se sum\u00f3 a las cr\u00edticas de los vecinos y present\u00f3 un oficio a la Superintendencia de Medio Ambiente solicitando que se le apliquen sanciones a la empresa, afirmando que \u201cesta balsa debe salir de la zona\u201d.<\/p>\n<p style=\"font-weight: 400; text-align: justify;\">Seg\u00fan el legislador, quien tambi\u00e9n se reuni\u00f3 por este tema con el Subsecretario de Medio Ambiente Javier Naranjo, \u201clo que sucedi\u00f3 la noche del 26 de agosto en Puyuhuapi es absolutamente condenable, porque a espaldas de los vecinos, quienes siempre han manifestado su rechazo a la instalaci\u00f3n de salmoneras en la bah\u00eda de esta localidad, esta empresa comenz\u00f3 a instalarse con una balsa jaula\u201d.<\/p>\n<p style=\"font-weight: 400; text-align: justify;\">\u201cSe trata de una acci\u00f3n que viene a enlodar todo el trabajo que han realizado los vecinos con la industria del salm\u00f3n, porque esta empresa no est\u00e1 asociada a los gremios con los que han mantenido conversaciones. La comunidad quiere mantener el turismo como el eje de desarrollo en este sector, y una jaula salmonera afecta rotundamente estas aspiraciones\u201d, indic\u00f3.<\/p>\n<p style=\"font-weight: 400; text-align: justify;\">Calisto agreg\u00f3 que \u201cpor estos motivos, present\u00e9 un oficio a la Superintendencia de Medio Ambiente, para que eval\u00faen la aplicaci\u00f3n de sanciones por el posible da\u00f1o ambiental que se podr\u00eda haber generado en una zona cercana el Parque Nacional Queulat y que el a\u00f1o 2004 fue declarada zona de desafectaci\u00f3n de \u00e1reas apropiadas para el ejercicio de la acuicultura, seg\u00fan el decreto 153 del Ministerio de Defensa Nacional\u201d.<\/p>\n<p style=\"font-weight: 400; text-align: justify;\">\u201cTambi\u00e9n me reun\u00ed con el Subsecretario de Medio Ambiente, a quien le plante\u00e9 esta situaci\u00f3n y la preocupaci\u00f3n de los vecinos. Esperamos que esto se revierta, que la balsa jaula sea instalada en otro sector y as\u00ed podamos mantener la bah\u00eda de Puyuhuapi sin la intervenci\u00f3n de empresas salmoneras. Adem\u00e1s, plantearemos este tema en la Comisi\u00f3n de Pesca de la C\u00e1mara de Diputados, de la cual formo parte\u201d, se\u00f1al\u00f3 el legislador.<\/p>\n<p style=\"font-weight: 400; text-align: justify;\">Por su parte, la concejala Almendra Silva, se\u00f1al\u00f3 que \u201ccomo concejala de la comuna de Cisnes, como vecina de Puyuhuapi y como Presidenta de la comisi\u00f3n de Fomento del Concejo, estoy muy molesta por esta situaci\u00f3n. Desde la semana pasada estamos luchando para que las autoridades se pronuncien y nos ayuden a sacar a esta Salmonera que se instal\u00f3 de un momento a otro, de la noche a la ma\u00f1ana, sin hacer ning\u00fan tipo de trabajo previo de vinculaci\u00f3n o consulta con la comunidad\u201d.<\/p>\n<p style=\"font-weight: 400; text-align: justify;\">\u201cAdem\u00e1s, est\u00e1n atropellando otro sector productivo, como es el turismo. Durante mucho tiempo hemos trabajado para impulsar esta \u00e1rea, respetando el desarrollo arm\u00f3nico que debe existir. Solicitamos a todas las autoridades para que tomen cartas en el asunto, porque se tiene que respetar lo que la comunidad ha venido trabajando durante mucho tiempo\u201d se\u00f1al\u00f3.<\/p>\n<p style=\"font-weight: 400; text-align: justify;\">Finalmente, la concejala indic\u00f3 que \u201cPuyuhuapi adem\u00e1s est\u00e1 dentro del pol\u00edgono de la Zona de Inter\u00e9s Tur\u00edstico, donde se han canalizado esfuerzos, recursos, tiempo, capacitaciones y a\u00f1os de trabajo para entender que para all\u00e1 estamos apuntando. Resulta que ahora pasa esto, que viene a perjudicar el sello de Puyuhuapi como una localidad con caracter\u00edsticas \u00fanicas, que hacen que cada vez sean m\u00e1s los turistas que vienen a conocernos\u201d.<\/p>\n<\/div><\/section><\/div><div  style='height:50px' class='hr hr-invisible   avia-builder-el-6  el_after_av_one_full  el_before_av_social_share '><span class='hr-inner ' ><span class='hr-inner-style'><\/span><\/span><\/div><\/p>\n<div  class='av-social-sharing-box  avia-builder-el-7  el_after_av_hr  el_before_av_hr  '><div class='av-share-box'><h5 class='av-share-link-description av-no-toc '>Compartir esta noticia<\/h5><ul class='av-share-box-list noLightbox'><li class='av-share-link av-social-link-facebook' ><a target=\"_blank\" aria-label=\"Compartir en Facebook\" href='https:\/\/www.facebook.com\/sharer.php?u=https:\/\/radiorevelacionfm.cl\/?p=8307&#038;t=Calisto%20oficia%20a%20Superintendencia%20de%20Medio%20Ambiente%20para%20que%20sancione%20a%20salmonera%20y%20pide%20sacar%20balsa%20jaula%20de%20bah%C3%ADa%20de%20Puyuhuapi' aria-hidden='false' data-av_icon='\ue8f3' data-av_iconfont='entypo-fontello' title='' data-avia-related-tooltip='Compartir en Facebook' rel=\"noopener\"><span class='avia_hidden_link_text'>Compartir en Facebook<\/span><\/a><\/li><li class='av-share-link av-social-link-twitter' ><a target=\"_blank\" aria-label=\"Compartir en Twitter\" href='https:\/\/twitter.com\/share?text=Calisto%20oficia%20a%20Superintendencia%20de%20Medio%20Ambiente%20para%20que%20sancione%20a%20salmonera%20y%20pide%20sacar%20balsa%20jaula%20de%20bah%C3%ADa%20de%20Puyuhuapi&#038;url=https:\/\/radiorevelacionfm.cl\/?p=8307' aria-hidden='false' data-av_icon='\ue8f1' data-av_iconfont='entypo-fontello' title='' data-avia-related-tooltip='Compartir en Twitter' rel=\"noopener\"><span class='avia_hidden_link_text'>Compartir en Twitter<\/span><\/a><\/li><li class='av-share-link av-social-link-whatsapp' ><a target=\"_blank\" aria-label=\"Compartir en Whatsapp\" href='https:\/\/api.whatsapp.com\/send?text=https:\/\/radiorevelacionfm.cl\/?p=8307' aria-hidden='false' data-av_icon='\uf232' data-av_iconfont='entypo-fontello' title='' data-avia-related-tooltip='Compartir en Whatsapp' rel=\"noopener\"><span class='avia_hidden_link_text'>Compartir en Whatsapp<\/span><\/a><\/li><li class='av-share-link av-social-link-linkedin' ><a target=\"_blank\" aria-label=\"Compartir en LinkedIn\" href='https:\/\/linkedin.com\/shareArticle?mini=true&#038;title=Calisto%20oficia%20a%20Superintendencia%20de%20Medio%20Ambiente%20para%20que%20sancione%20a%20salmonera%20y%20pide%20sacar%20balsa%20jaula%20de%20bah%C3%ADa%20de%20Puyuhuapi&#038;url=https:\/\/radiorevelacionfm.cl\/?p=8307' aria-hidden='false' data-av_icon='\ue8fc' data-av_iconfont='entypo-fontello' title='' data-avia-related-tooltip='Compartir en LinkedIn' rel=\"noopener\"><span class='avia_hidden_link_text'>Compartir en LinkedIn<\/span><\/a><\/li><li class='av-share-link av-social-link-mail' ><a  aria-label=\"Compartir por correo\" href='mailto:?subject=Calisto%20oficia%20a%20Superintendencia%20de%20Medio%20Ambiente%20para%20que%20sancione%20a%20salmonera%20y%20pide%20sacar%20balsa%20jaula%20de%20bah%C3%ADa%20de%20Puyuhuapi&#038;body=https:\/\/radiorevelacionfm.cl\/?p=8307' aria-hidden='false' data-av_icon='\ue805' data-av_iconfont='entypo-fontello' title='' data-avia-related-tooltip='Compartir por correo'><span class='avia_hidden_link_text'>Compartir por correo<\/span><\/a><\/li><\/ul><\/div><\/div>\n<div  style='height:50px' class='hr hr-invisible   avia-builder-el-8  el_after_av_social_share  el_before_av_comments_list '><span class='hr-inner ' ><span class='hr-inner-style'><\/span><\/span><\/div>\n<div  class='av-buildercomment  av-blog-meta-html-info-disabled av-blog-meta-tag-disabled  '><\/div>\n","protected":false},"excerpt":{"rendered":"","protected":false},"author":1,"featured_media":6938,"comment_status":"open","ping_status":"open","sticky":false,"template":"","format":"standard","meta":{"footnotes":""},"categories":[35],"tags":[],"class_list":["post-8307","post","type-post","status-publish","format-standard","has-post-thumbnail","hentry","category-politica"],"jetpack_featured_media_url":"https:\/\/radiorevelacionfm.cl\/wp-content\/uploads\/2021\/08\/CALISTO-PESCADORES-1-1.jpg","_links":{"self":[{"href":"https:\/\/radiorevelacionfm.cl\/index.php?rest_route=\/wp\/v2\/posts\/8307","targetHints":{"allow":["GET"]}}],"collection":[{"href":"https:\/\/radiorevelacionfm.cl\/index.php?rest_route=\/wp\/v2\/posts"}],"about":[{"href":"https:\/\/radiorevelacionfm.cl\/index.php?rest_route=\/wp\/v2\/types\/post"}],"author":[{"embeddable":true,"href":"https:\/\/radiorevelacionfm.cl\/index.php?rest_route=\/wp\/v2\/users\/1"}],"replies":[{"embeddable":true,"href":"https:\/\/radiorevelacionfm.cl\/index.php?rest_route=%2Fwp%2Fv2%2Fcomments&post=8307"}],"version-history":[{"count":2,"href":"https:\/\/radiorevelacionfm.cl\/index.php?rest_route=\/wp\/v2\/posts\/8307\/revisions"}],"predecessor-version":[{"id":8309,"href":"https:\/\/radiorevelacionfm.cl\/index.php?rest_route=\/wp\/v2\/posts\/8307\/revisions\/8309"}],"wp:featuredmedia":[{"embeddable":true,"href":"https:\/\/radiorevelacionfm.cl\/index.php?rest_route=\/wp\/v2\/media\/6938"}],"wp:attachment":[{"href":"https:\/\/radiorevelacionfm.cl\/index.php?rest_route=%2Fwp%2Fv2%2Fmedia&parent=8307"}],"wp:term":[{"taxonomy":"category","embeddable":true,"href":"https:\/\/radiorevelacionfm.cl\/index.php?rest_route=%2Fwp%2Fv2%2Fcategories&post=8307"},{"taxonomy":"post_tag","embeddable":true,"href":"https:\/\/radiorevelacionfm.cl\/index.php?rest_route=%2Fwp%2Fv2%2Ftags&post=8307"}],"curies":[{"name":"wp","href":"https:\/\/api.w.org\/{rel}","templated":true}]}}