{"id":8291,"date":"2021-09-04T23:33:33","date_gmt":"2021-09-05T02:33:33","guid":{"rendered":"https:\/\/radiorevelacionfm.cl\/?p=8291"},"modified":"2021-09-04T23:33:33","modified_gmt":"2021-09-05T02:33:33","slug":"alcalde-uribe-realiza-positivo-balance-tras-conseguir-recursos-en-el-core-y-sostener-reuniones-con-diferentes-actores-sociales","status":"publish","type":"post","link":"https:\/\/radiorevelacionfm.cl\/?p=8291","title":{"rendered":"Alcalde Uribe realiza positivo balance tras conseguir recursos en el CORE y sostener reuniones con diferentes actores sociales"},"content":{"rendered":"<div class=\"flex_column av_one_full  flex_column_div av-zero-column-padding first  avia-builder-el-0  el_before_av_one_full  avia-builder-el-first  \" style='border-radius:0px; '><div  class='avia-image-container  av-styling-    avia-builder-el-1  avia-builder-el-no-sibling  avia-align-center '  itemprop=\"image\" itemscope=\"itemscope\" itemtype=\"https:\/\/schema.org\/ImageObject\"  ><div class='avia-image-container-inner'><div class='avia-image-overlay-wrap'><img decoding=\"async\" class='wp-image-8292 avia-img-lazy-loading-not-8292 avia_image' src=\"https:\/\/radiorevelacionfm.cl\/wp-content\/uploads\/2021\/09\/img-agendacoy1-1-1.jpg\" alt='' title='img-agendacoy1 (1) (1)' height=\"600\" width=\"803\"  itemprop=\"thumbnailUrl\" srcset=\"https:\/\/radiorevelacionfm.cl\/wp-content\/uploads\/2021\/09\/img-agendacoy1-1-1.jpg 803w, https:\/\/radiorevelacionfm.cl\/wp-content\/uploads\/2021\/09\/img-agendacoy1-1-1-300x224.jpg 300w, https:\/\/radiorevelacionfm.cl\/wp-content\/uploads\/2021\/09\/img-agendacoy1-1-1-768x574.jpg 768w, https:\/\/radiorevelacionfm.cl\/wp-content\/uploads\/2021\/09\/img-agendacoy1-1-1-705x527.jpg 705w, https:\/\/radiorevelacionfm.cl\/wp-content\/uploads\/2021\/09\/img-agendacoy1-1-1-600x448.jpg 600w\" sizes=\"(max-width: 803px) 100vw, 803px\" \/><\/div><\/div><\/div><\/div><div class=\"flex_column av_one_full  flex_column_div av-zero-column-padding first  avia-builder-el-2  el_after_av_one_full  el_before_av_one_full  column-top-margin\" style='border-radius:0px; '><section class=\"av_textblock_section \"  itemscope=\"itemscope\" itemtype=\"https:\/\/schema.org\/BlogPosting\" itemprop=\"blogPost\" ><div class='avia_textblock  '   itemprop=\"text\" ><p style=\"text-align: center;\"><strong><span style=\"font-size: 18pt;\">Alcalde Uribe realiza positivo balance tras conseguir recursos en el CORE y sostener reuniones con diferentes actores sociales<\/span><\/strong><\/p>\n<div id=\"gtx-trans\" style=\"position: absolute; left: -50px; top: 4.31534px;\">\n<div class=\"gtx-trans-icon\"><\/div>\n<\/div>\n<\/div><\/section><\/div><div class=\"flex_column av_one_full  flex_column_div av-zero-column-padding first  avia-builder-el-4  el_after_av_one_full  el_before_av_hr  column-top-margin\" style='border-radius:0px; '><section class=\"av_textblock_section \"  itemscope=\"itemscope\" itemtype=\"https:\/\/schema.org\/BlogPosting\" itemprop=\"blogPost\" ><div class='avia_textblock  '   itemprop=\"text\" ><p style=\"text-align: justify;\">Tras una intensa ronda de reuniones sostenidas en la capital regional el pasado viernes. El alcalde de Ays\u00e9n, Julio Uribe Alvarado, realiz\u00f3 un balance de lo conseguido en pos del trabajo que pretende proyectar desde el municipio en beneficio de todas las localidades que componen la comuna. Uno de los puntos m\u00e1s relevantes fue la aprobaci\u00f3n efectuada de manera un\u00e1nime por el Consejo Regional de Ays\u00e9n (CORE Ays\u00e9n) para aumentar en hasta 13 millones los recursos destinados a la consultor\u00eda requerida para la reposici\u00f3n y ampliaci\u00f3n del Sistema de Alumbrado P\u00fablico de Islas Huichas.<\/p>\n<p style=\"text-align: justify;\">En este sentido, la autoridad coment\u00f3 que \u201cpara el municipio hoy d\u00eda ha sido un d\u00eda muy provechoso, considerar que a primera hora tuvimos una reuni\u00f3n con el Obispo de Ays\u00e9n, Monse\u00f1or Luis Infanti, en la cual pudimos establecer lazos de colaboraci\u00f3n, por lo tanto, en las pr\u00f3ximas semanas podremos a lo mejor tener algunas novedades del trabajo que queremos desarrollar. Tambi\u00e9n luego pasamos al Gobierno Regional donde \u00edbamos a buscar los recursos para la consultor\u00eda del alumbrado p\u00fablico de Islas Huichas, lo que fue muy satisfactorio en su aprobaci\u00f3n por unanimidad. Aprovechamos a solicitar al pleno del Consejo Regional el que puedan subir a tabla el proyecto del Cementerio\u201d.<\/p>\n<p style=\"text-align: justify;\">En este \u00faltimo punto, Uribe Alvarado, realiz\u00f3 un hincapi\u00e9 ya que seg\u00fan comenta, desde hace m\u00e1s de un a\u00f1o se ha buscado el financiamiento para esta iniciativa, inclusive detall\u00f3 que se han \u201celevado cartas a la gobernadora sin tener respuesta\u201d, ya que la situaci\u00f3n del campo santo local reviste un tema de salud p\u00fablica que debe ser abordado.<\/p>\n<p style=\"text-align: justify;\">El l\u00edder comunal relat\u00f3 tambi\u00e9n lo acontecido en la reuni\u00f3n sostenida en dependencias del Servicio de Vivienda y Urbanizaci\u00f3n (Serviu) de Ays\u00e9n con el director regional de la entidad, Nelson Quinteros Fuentes. En el encuentro, el edil expuso los distintos proyectos destinados a la comuna y que son de prioridad para los vecinos como las pavimentaciones en las calles Eusebio Ibar y Ma\u00f1ihuales Oriente, de igual manera, buscando materializar la intenci\u00f3n que tiene el municipio de proyectar un nuevo Establecimiento de Larga Estad\u00eda para Adultos Mayores (ELEAM) consult\u00f3 por un terreno que se encuentra bajo la tutela del servicio.<\/p>\n<p style=\"text-align: justify;\">Finalmente, el alcalde de Ays\u00e9n, destac\u00f3 la visita efectuada al Contralor Regional, Ricardo Hevia Kaluf. Al respecto, se\u00f1al\u00f3 que \u201cesto fue para abordar en las diferentes materias por la cuales est\u00e1 auditado el municipio, tenemos que interiorizarnos al respecto. Vamos a hacer unos convenios de colaboraci\u00f3n con la Contralor\u00eda General de la Rep\u00fablica. Todo este resultado es extraordinario, as\u00ed es que esperemos que este trabajo de conversaciones de acercamiento con las diferentes autoridades brinde frutos los pr\u00f3ximos meses\u201d puntualiz\u00f3 Julio Uribe.<\/p>\n<\/div><\/section><\/div><div  style='height:50px' class='hr hr-invisible   avia-builder-el-6  el_after_av_one_full  el_before_av_social_share '><span class='hr-inner ' ><span class='hr-inner-style'><\/span><\/span><\/div><\/p>\n<div  class='av-social-sharing-box  avia-builder-el-7  el_after_av_hr  el_before_av_hr  '><div class='av-share-box'><h5 class='av-share-link-description av-no-toc '>Compartir esta noticia<\/h5><ul class='av-share-box-list noLightbox'><li class='av-share-link av-social-link-facebook' ><a target=\"_blank\" aria-label=\"Compartir en Facebook\" href='https:\/\/www.facebook.com\/sharer.php?u=https:\/\/radiorevelacionfm.cl\/?p=8291&#038;t=Alcalde%20Uribe%20realiza%20positivo%20balance%20tras%20conseguir%20recursos%20en%20el%20CORE%20y%20sostener%20reuniones%20con%20diferentes%20actores%20sociales' aria-hidden='false' data-av_icon='\ue8f3' data-av_iconfont='entypo-fontello' title='' data-avia-related-tooltip='Compartir en Facebook' rel=\"noopener\"><span class='avia_hidden_link_text'>Compartir en Facebook<\/span><\/a><\/li><li class='av-share-link av-social-link-twitter' ><a target=\"_blank\" aria-label=\"Compartir en Twitter\" href='https:\/\/twitter.com\/share?text=Alcalde%20Uribe%20realiza%20positivo%20balance%20tras%20conseguir%20recursos%20en%20el%20CORE%20y%20sostener%20reuniones%20con%20diferentes%20actores%20sociales&#038;url=https:\/\/radiorevelacionfm.cl\/?p=8291' aria-hidden='false' data-av_icon='\ue8f1' data-av_iconfont='entypo-fontello' title='' data-avia-related-tooltip='Compartir en Twitter' rel=\"noopener\"><span class='avia_hidden_link_text'>Compartir en Twitter<\/span><\/a><\/li><li class='av-share-link av-social-link-whatsapp' ><a target=\"_blank\" aria-label=\"Compartir en Whatsapp\" href='https:\/\/api.whatsapp.com\/send?text=https:\/\/radiorevelacionfm.cl\/?p=8291' aria-hidden='false' data-av_icon='\uf232' data-av_iconfont='entypo-fontello' title='' data-avia-related-tooltip='Compartir en Whatsapp' rel=\"noopener\"><span class='avia_hidden_link_text'>Compartir en Whatsapp<\/span><\/a><\/li><li class='av-share-link av-social-link-linkedin' ><a target=\"_blank\" aria-label=\"Compartir en LinkedIn\" href='https:\/\/linkedin.com\/shareArticle?mini=true&#038;title=Alcalde%20Uribe%20realiza%20positivo%20balance%20tras%20conseguir%20recursos%20en%20el%20CORE%20y%20sostener%20reuniones%20con%20diferentes%20actores%20sociales&#038;url=https:\/\/radiorevelacionfm.cl\/?p=8291' aria-hidden='false' data-av_icon='\ue8fc' data-av_iconfont='entypo-fontello' title='' data-avia-related-tooltip='Compartir en LinkedIn' rel=\"noopener\"><span class='avia_hidden_link_text'>Compartir en LinkedIn<\/span><\/a><\/li><li class='av-share-link av-social-link-mail' ><a  aria-label=\"Compartir por correo\" href='mailto:?subject=Alcalde%20Uribe%20realiza%20positivo%20balance%20tras%20conseguir%20recursos%20en%20el%20CORE%20y%20sostener%20reuniones%20con%20diferentes%20actores%20sociales&#038;body=https:\/\/radiorevelacionfm.cl\/?p=8291' aria-hidden='false' data-av_icon='\ue805' data-av_iconfont='entypo-fontello' title='' data-avia-related-tooltip='Compartir por correo'><span class='avia_hidden_link_text'>Compartir por correo<\/span><\/a><\/li><\/ul><\/div><\/div>\n<div  style='height:50px' class='hr hr-invisible   avia-builder-el-8  el_after_av_social_share  el_before_av_comments_list '><span class='hr-inner ' ><span class='hr-inner-style'><\/span><\/span><\/div>\n<div  class='av-buildercomment  av-blog-meta-html-info-disabled av-blog-meta-tag-disabled  '><\/div>\n","protected":false},"excerpt":{"rendered":"","protected":false},"author":1,"featured_media":8292,"comment_status":"open","ping_status":"open","sticky":false,"template":"","format":"standard","meta":{"footnotes":""},"categories":[38],"tags":[],"class_list":["post-8291","post","type-post","status-publish","format-standard","has-post-thumbnail","hentry","category-regional"],"jetpack_featured_media_url":"https:\/\/radiorevelacionfm.cl\/wp-content\/uploads\/2021\/09\/img-agendacoy1-1-1.jpg","_links":{"self":[{"href":"https:\/\/radiorevelacionfm.cl\/index.php?rest_route=\/wp\/v2\/posts\/8291","targetHints":{"allow":["GET"]}}],"collection":[{"href":"https:\/\/radiorevelacionfm.cl\/index.php?rest_route=\/wp\/v2\/posts"}],"about":[{"href":"https:\/\/radiorevelacionfm.cl\/index.php?rest_route=\/wp\/v2\/types\/post"}],"author":[{"embeddable":true,"href":"https:\/\/radiorevelacionfm.cl\/index.php?rest_route=\/wp\/v2\/users\/1"}],"replies":[{"embeddable":true,"href":"https:\/\/radiorevelacionfm.cl\/index.php?rest_route=%2Fwp%2Fv2%2Fcomments&post=8291"}],"version-history":[{"count":1,"href":"https:\/\/radiorevelacionfm.cl\/index.php?rest_route=\/wp\/v2\/posts\/8291\/revisions"}],"predecessor-version":[{"id":8293,"href":"https:\/\/radiorevelacionfm.cl\/index.php?rest_route=\/wp\/v2\/posts\/8291\/revisions\/8293"}],"wp:featuredmedia":[{"embeddable":true,"href":"https:\/\/radiorevelacionfm.cl\/index.php?rest_route=\/wp\/v2\/media\/8292"}],"wp:attachment":[{"href":"https:\/\/radiorevelacionfm.cl\/index.php?rest_route=%2Fwp%2Fv2%2Fmedia&parent=8291"}],"wp:term":[{"taxonomy":"category","embeddable":true,"href":"https:\/\/radiorevelacionfm.cl\/index.php?rest_route=%2Fwp%2Fv2%2Fcategories&post=8291"},{"taxonomy":"post_tag","embeddable":true,"href":"https:\/\/radiorevelacionfm.cl\/index.php?rest_route=%2Fwp%2Fv2%2Ftags&post=8291"}],"curies":[{"name":"wp","href":"https:\/\/api.w.org\/{rel}","templated":true}]}}