{"id":8287,"date":"2021-09-04T22:16:26","date_gmt":"2021-09-05T01:16:26","guid":{"rendered":"https:\/\/radiorevelacionfm.cl\/?p=8287"},"modified":"2021-09-04T22:16:26","modified_gmt":"2021-09-05T01:16:26","slug":"municipio-de-aysen-concreto-donacion-de-unidad-psicotecnica-a-la-comuna-de-lago-verde","status":"publish","type":"post","link":"https:\/\/radiorevelacionfm.cl\/?p=8287","title":{"rendered":"Municipio de Ays\u00e9n concret\u00f3 donaci\u00f3n de unidad psicot\u00e9cnica a la comuna de Lago Verde"},"content":{"rendered":"<div class=\"flex_column av_one_full  flex_column_div av-zero-column-padding first  avia-builder-el-0  el_before_av_one_full  avia-builder-el-first  \" style='border-radius:0px; '><div  class='avia-image-container  av-styling-    avia-builder-el-1  avia-builder-el-no-sibling  avia-align-center '  itemprop=\"image\" itemscope=\"itemscope\" itemtype=\"https:\/\/schema.org\/ImageObject\"  ><div class='avia-image-container-inner'><div class='avia-image-overlay-wrap'><img decoding=\"async\" class='wp-image-8288 avia-img-lazy-loading-not-8288 avia_image' src=\"https:\/\/radiorevelacionfm.cl\/wp-content\/uploads\/2021\/09\/img-lagoverde-Muniaysen1-1-1.jpeg\" alt='' title='img-lagoverde-Muniaysen1 (1) (1)' height=\"600\" width=\"1067\"  itemprop=\"thumbnailUrl\" srcset=\"https:\/\/radiorevelacionfm.cl\/wp-content\/uploads\/2021\/09\/img-lagoverde-Muniaysen1-1-1.jpeg 1067w, https:\/\/radiorevelacionfm.cl\/wp-content\/uploads\/2021\/09\/img-lagoverde-Muniaysen1-1-1-300x169.jpeg 300w, https:\/\/radiorevelacionfm.cl\/wp-content\/uploads\/2021\/09\/img-lagoverde-Muniaysen1-1-1-1030x579.jpeg 1030w, https:\/\/radiorevelacionfm.cl\/wp-content\/uploads\/2021\/09\/img-lagoverde-Muniaysen1-1-1-768x432.jpeg 768w, https:\/\/radiorevelacionfm.cl\/wp-content\/uploads\/2021\/09\/img-lagoverde-Muniaysen1-1-1-705x396.jpeg 705w, https:\/\/radiorevelacionfm.cl\/wp-content\/uploads\/2021\/09\/img-lagoverde-Muniaysen1-1-1-600x337.jpeg 600w\" sizes=\"(max-width: 1067px) 100vw, 1067px\" \/><\/div><\/div><\/div><\/div><div class=\"flex_column av_one_full  flex_column_div av-zero-column-padding first  avia-builder-el-2  el_after_av_one_full  el_before_av_one_full  column-top-margin\" style='border-radius:0px; '><section class=\"av_textblock_section \"  itemscope=\"itemscope\" itemtype=\"https:\/\/schema.org\/BlogPosting\" itemprop=\"blogPost\" ><div class='avia_textblock  '   itemprop=\"text\" ><p style=\"text-align: center;\"><strong><span style=\"font-size: 18pt;\">Municipio de Ays\u00e9n concret\u00f3 donaci\u00f3n de unidad psicot\u00e9cnica a la comuna de Lago Verde<\/span><\/strong><\/p>\n<div id=\"gtx-trans\" style=\"position: absolute; left: -50px; top: 4.31534px;\">\n<div class=\"gtx-trans-icon\"><\/div>\n<\/div>\n<\/div><\/section><\/div><div class=\"flex_column av_one_full  flex_column_div av-zero-column-padding first  avia-builder-el-4  el_after_av_one_full  el_before_av_hr  column-top-margin\" style='border-radius:0px; '><section class=\"av_textblock_section \"  itemscope=\"itemscope\" itemtype=\"https:\/\/schema.org\/BlogPosting\" itemprop=\"blogPost\" ><div class='avia_textblock  '   itemprop=\"text\" ><p style=\"text-align: justify;\">Luego de la aprobaci\u00f3n correspondiente efectuada por el H. Concejo Municipal de Ays\u00e9n, la casa edilicia de la comuna porte\u00f1a realiz\u00f3 la entrega de un gabinete psicot\u00e9cnico a la comuna de Lago Verde. Esto en el marco del convenio de colaboraci\u00f3n que mantienen suscritos los municipios y que permitir\u00e1 a la comuna ubicada en el acceso norte de la regi\u00f3n contar con su primera Unidad de Tr\u00e1nsito y Transporte P\u00fablico. Situaci\u00f3n que simplificar\u00e1 las actuales condiciones de traslado que deben realizar los vecinos para obtener esta prestaci\u00f3n.<\/p>\n<p style=\"text-align: justify;\">Frente a esto, el alcalde de Ays\u00e9n, Julio Uribe Alvarado, manifest\u00f3 que \u201cel municipio junto a los concejales hemos aprobado el convenio de colaboraci\u00f3n con la Ilustre Municipalidad de Lago Verde donde uno de los primeros acuerdos fue aportar para que ellos cuenten con una Direcci\u00f3n de Tr\u00e1nsito. Este era un equipo que ten\u00edamos con anterioridad al actual y estando disponible no tenemos ning\u00fan problema en que pueda ayudar a la comunidad de Lago Verde. Este es uno de los primeros convenios que vamos a realizar con este municipio as\u00ed es que contentos, todos estamos felices de poder ser un aporte a nuestros municipios que est\u00e1n m\u00e1s alejados, es muy importante trabajar con las dem\u00e1s localidades de nuestra regi\u00f3n\u201d.<\/p>\n<p style=\"text-align: justify;\">Por su parte, Nelson Opazo L\u00f3pez, edil de la comuna de Lago Verde valor\u00f3 el accionar que hoy permitir\u00e1 contribuir con el territorio que dirige, enfatizando en los diferentes \u00e1mbitos de acci\u00f3n que posibilita la colaboraci\u00f3n que sostienen los municipios ayseninos \u201ces un abanico de posibilidades que se abren al futuro en t\u00e9rminos de trabajar el \u00e1mbito cultural, deportivo, en proyectos que conecten desde el punto de vista tur\u00edstico, son desaf\u00edos importantes, somos comunas vecinas y no me queda m\u00e1s que decir que agradecer profundamente la disposici\u00f3n un\u00e1nime del Concejo Municipal de Ays\u00e9n\u201d.<\/p>\n<p style=\"text-align: justify;\">Finalmente, Mabel Vel\u00e1squez, directora de Tr\u00e1nsito y Transporte P\u00fablico de la I. Municipalidad de Ays\u00e9n destac\u00f3 la importancia del equipamiento entregado, espec\u00edficamente en la funci\u00f3n que cumplir\u00e1 para que Lago Verde pueda emitir sus propias licencias de conducci\u00f3n. Con ello, la profesional aysenina, explic\u00f3 el trabajo que implica la materializaci\u00f3n de esta unidad \u201ctambi\u00e9n vamos a estar asesor\u00e1ndolos a trav\u00e9s de la Direcci\u00f3n. Nosotros estamos siempre en contacto con otras unidades de la regi\u00f3n y del pa\u00eds, as\u00ed es que, por supuesto que con este convenio existente se facilita tambi\u00e9n mucho m\u00e1s que compartamos alguna experiencia para favorecernos y enriquecer el trabajo tambi\u00e9n mutuamente\u201d, sentenci\u00f3 Vel\u00e1squez.<\/p>\n<\/div><\/section><\/div><div  style='height:50px' class='hr hr-invisible   avia-builder-el-6  el_after_av_one_full  el_before_av_social_share '><span class='hr-inner ' ><span class='hr-inner-style'><\/span><\/span><\/div><\/p>\n<div  class='av-social-sharing-box  avia-builder-el-7  el_after_av_hr  el_before_av_hr  '><div class='av-share-box'><h5 class='av-share-link-description av-no-toc '>Compartir esta noticia<\/h5><ul class='av-share-box-list noLightbox'><li class='av-share-link av-social-link-facebook' ><a target=\"_blank\" aria-label=\"Compartir en Facebook\" href='https:\/\/www.facebook.com\/sharer.php?u=https:\/\/radiorevelacionfm.cl\/?p=8287&#038;t=Municipio%20de%20Ays%C3%A9n%20concret%C3%B3%20donaci%C3%B3n%20de%20unidad%20psicot%C3%A9cnica%20a%20la%20comuna%20de%20Lago%20Verde' aria-hidden='false' data-av_icon='\ue8f3' data-av_iconfont='entypo-fontello' title='' data-avia-related-tooltip='Compartir en Facebook' rel=\"noopener\"><span class='avia_hidden_link_text'>Compartir en Facebook<\/span><\/a><\/li><li class='av-share-link av-social-link-twitter' ><a target=\"_blank\" aria-label=\"Compartir en Twitter\" href='https:\/\/twitter.com\/share?text=Municipio%20de%20Ays%C3%A9n%20concret%C3%B3%20donaci%C3%B3n%20de%20unidad%20psicot%C3%A9cnica%20a%20la%20comuna%20de%20Lago%20Verde&#038;url=https:\/\/radiorevelacionfm.cl\/?p=8287' aria-hidden='false' data-av_icon='\ue8f1' data-av_iconfont='entypo-fontello' title='' data-avia-related-tooltip='Compartir en Twitter' rel=\"noopener\"><span class='avia_hidden_link_text'>Compartir en Twitter<\/span><\/a><\/li><li class='av-share-link av-social-link-whatsapp' ><a target=\"_blank\" aria-label=\"Compartir en Whatsapp\" href='https:\/\/api.whatsapp.com\/send?text=https:\/\/radiorevelacionfm.cl\/?p=8287' aria-hidden='false' data-av_icon='\uf232' data-av_iconfont='entypo-fontello' title='' data-avia-related-tooltip='Compartir en Whatsapp' rel=\"noopener\"><span class='avia_hidden_link_text'>Compartir en Whatsapp<\/span><\/a><\/li><li class='av-share-link av-social-link-linkedin' ><a target=\"_blank\" aria-label=\"Compartir en LinkedIn\" href='https:\/\/linkedin.com\/shareArticle?mini=true&#038;title=Municipio%20de%20Ays%C3%A9n%20concret%C3%B3%20donaci%C3%B3n%20de%20unidad%20psicot%C3%A9cnica%20a%20la%20comuna%20de%20Lago%20Verde&#038;url=https:\/\/radiorevelacionfm.cl\/?p=8287' aria-hidden='false' data-av_icon='\ue8fc' data-av_iconfont='entypo-fontello' title='' data-avia-related-tooltip='Compartir en LinkedIn' rel=\"noopener\"><span class='avia_hidden_link_text'>Compartir en LinkedIn<\/span><\/a><\/li><li class='av-share-link av-social-link-mail' ><a  aria-label=\"Compartir por correo\" href='mailto:?subject=Municipio%20de%20Ays%C3%A9n%20concret%C3%B3%20donaci%C3%B3n%20de%20unidad%20psicot%C3%A9cnica%20a%20la%20comuna%20de%20Lago%20Verde&#038;body=https:\/\/radiorevelacionfm.cl\/?p=8287' aria-hidden='false' data-av_icon='\ue805' data-av_iconfont='entypo-fontello' title='' data-avia-related-tooltip='Compartir por correo'><span class='avia_hidden_link_text'>Compartir por correo<\/span><\/a><\/li><\/ul><\/div><\/div>\n<div  style='height:50px' class='hr hr-invisible   avia-builder-el-8  el_after_av_social_share  el_before_av_comments_list '><span class='hr-inner ' ><span class='hr-inner-style'><\/span><\/span><\/div>\n<div  class='av-buildercomment  av-blog-meta-html-info-disabled av-blog-meta-tag-disabled  '><\/div>\n","protected":false},"excerpt":{"rendered":"","protected":false},"author":1,"featured_media":8288,"comment_status":"open","ping_status":"open","sticky":false,"template":"","format":"standard","meta":{"footnotes":""},"categories":[38],"tags":[],"class_list":["post-8287","post","type-post","status-publish","format-standard","has-post-thumbnail","hentry","category-regional"],"jetpack_featured_media_url":"https:\/\/radiorevelacionfm.cl\/wp-content\/uploads\/2021\/09\/img-lagoverde-Muniaysen1-1-1.jpeg","_links":{"self":[{"href":"https:\/\/radiorevelacionfm.cl\/index.php?rest_route=\/wp\/v2\/posts\/8287","targetHints":{"allow":["GET"]}}],"collection":[{"href":"https:\/\/radiorevelacionfm.cl\/index.php?rest_route=\/wp\/v2\/posts"}],"about":[{"href":"https:\/\/radiorevelacionfm.cl\/index.php?rest_route=\/wp\/v2\/types\/post"}],"author":[{"embeddable":true,"href":"https:\/\/radiorevelacionfm.cl\/index.php?rest_route=\/wp\/v2\/users\/1"}],"replies":[{"embeddable":true,"href":"https:\/\/radiorevelacionfm.cl\/index.php?rest_route=%2Fwp%2Fv2%2Fcomments&post=8287"}],"version-history":[{"count":1,"href":"https:\/\/radiorevelacionfm.cl\/index.php?rest_route=\/wp\/v2\/posts\/8287\/revisions"}],"predecessor-version":[{"id":8289,"href":"https:\/\/radiorevelacionfm.cl\/index.php?rest_route=\/wp\/v2\/posts\/8287\/revisions\/8289"}],"wp:featuredmedia":[{"embeddable":true,"href":"https:\/\/radiorevelacionfm.cl\/index.php?rest_route=\/wp\/v2\/media\/8288"}],"wp:attachment":[{"href":"https:\/\/radiorevelacionfm.cl\/index.php?rest_route=%2Fwp%2Fv2%2Fmedia&parent=8287"}],"wp:term":[{"taxonomy":"category","embeddable":true,"href":"https:\/\/radiorevelacionfm.cl\/index.php?rest_route=%2Fwp%2Fv2%2Fcategories&post=8287"},{"taxonomy":"post_tag","embeddable":true,"href":"https:\/\/radiorevelacionfm.cl\/index.php?rest_route=%2Fwp%2Fv2%2Ftags&post=8287"}],"curies":[{"name":"wp","href":"https:\/\/api.w.org\/{rel}","templated":true}]}}