{"id":8276,"date":"2021-09-03T21:11:06","date_gmt":"2021-09-04T00:11:06","guid":{"rendered":"https:\/\/radiorevelacionfm.cl\/?p=8276"},"modified":"2021-09-03T21:11:06","modified_gmt":"2021-09-04T00:11:06","slug":"carabineros-detuvo-a-cinco-personas-por-ordenes-judiciales-pendientes-y-dos-por-lesiones-menos-graves","status":"publish","type":"post","link":"https:\/\/radiorevelacionfm.cl\/?p=8276","title":{"rendered":"Carabineros detuvo a cinco personas por \u00f3rdenes judiciales pendientes y dos por lesiones menos graves"},"content":{"rendered":"<div class=\"flex_column av_one_full  flex_column_div av-zero-column-padding first  avia-builder-el-0  el_before_av_one_full  avia-builder-el-first  \" style='border-radius:0px; '><div  class='avia-image-container  av-styling-    avia-builder-el-1  avia-builder-el-no-sibling  avia-align-center '  itemprop=\"image\" itemscope=\"itemscope\" itemtype=\"https:\/\/schema.org\/ImageObject\"  ><div class='avia-image-container-inner'><div class='avia-image-overlay-wrap'><img decoding=\"async\" class='wp-image-8277 avia-img-lazy-loading-not-8277 avia_image' src=\"https:\/\/radiorevelacionfm.cl\/wp-content\/uploads\/2021\/09\/E55-1-1.jpg\" alt='' title='E55 (1) (1)' height=\"600\" width=\"802\"  itemprop=\"thumbnailUrl\" srcset=\"https:\/\/radiorevelacionfm.cl\/wp-content\/uploads\/2021\/09\/E55-1-1.jpg 802w, https:\/\/radiorevelacionfm.cl\/wp-content\/uploads\/2021\/09\/E55-1-1-300x224.jpg 300w, https:\/\/radiorevelacionfm.cl\/wp-content\/uploads\/2021\/09\/E55-1-1-768x575.jpg 768w, https:\/\/radiorevelacionfm.cl\/wp-content\/uploads\/2021\/09\/E55-1-1-705x527.jpg 705w, https:\/\/radiorevelacionfm.cl\/wp-content\/uploads\/2021\/09\/E55-1-1-600x449.jpg 600w\" sizes=\"(max-width: 802px) 100vw, 802px\" \/><\/div><\/div><\/div><\/div><div class=\"flex_column av_one_full  flex_column_div av-zero-column-padding first  avia-builder-el-2  el_after_av_one_full  el_before_av_one_full  column-top-margin\" style='border-radius:0px; '><section class=\"av_textblock_section \"  itemscope=\"itemscope\" itemtype=\"https:\/\/schema.org\/BlogPosting\" itemprop=\"blogPost\" ><div class='avia_textblock  '   itemprop=\"text\" ><p style=\"text-align: center;\"><strong><span style=\"font-size: 18pt;\">Carabineros detuvo a cinco personas por \u00f3rdenes judiciales pendientes y dos por lesiones menos graves<\/span><\/strong><\/p>\n<div id=\"gtx-trans\" style=\"position: absolute; left: -50px; top: 4.31534px;\">\n<div class=\"gtx-trans-icon\"><\/div>\n<\/div>\n<\/div><\/section><\/div><div class=\"flex_column av_one_full  flex_column_div av-zero-column-padding first  avia-builder-el-4  el_after_av_one_full  el_before_av_hr  column-top-margin\" style='border-radius:0px; '><section class=\"av_textblock_section \"  itemscope=\"itemscope\" itemtype=\"https:\/\/schema.org\/BlogPosting\" itemprop=\"blogPost\" ><div class='avia_textblock  '   itemprop=\"text\" ><p style=\"text-align: justify;\"><span style=\"font-family: Arial, sans-serif;\">Diligencias desarrolladas por Carabineros permitieron la detenci\u00f3n de cinco personas por mantener \u00f3rdenes judiciales pendientes y otros dos por lesiones menos graves en agresi\u00f3n.<\/span><\/p>\n<p style=\"text-align: justify;\"><span style=\"font-family: Arial, sans-serif;\">A diario el personal policial lleva a cabo m\u00faltiples servicios de control y fiscalizaci\u00f3n, no s\u00f3lo velando por el cumplimiento de las disposiciones sanitarias vigentes, sino tambi\u00e9n en el \u00e1mbito de la prevenci\u00f3n y control del delito, dando igualmente cumplimiento a las disposiciones y requerimientos emanados desde los Tribunales de Justicia.<\/span><\/p>\n<p style=\"text-align: justify;\"><span style=\"font-family: Arial, sans-serif;\">En tal sentido, en las \u00faltimas 24 horas, personal de dotaci\u00f3n de la Primera Comisar\u00eda Coyhaique detuvo a dos personas, uno de estos por mantener pendiente una orden de detenci\u00f3n por el delito de da\u00f1os calificados, siendo derivado a la audiencia de control de detenci\u00f3n por este hecho.<\/span><\/p>\n<p style=\"text-align: justify;\"><span style=\"font-family: Arial, sans-serif;\">Otros dos individuos fueron localizadas y aprehendidas por personal de Carabineros de dotaci\u00f3n de la Segunda Comisar\u00eda de Puerto Ays\u00e9n, entre los que se encuentra una persona requerida por infringir las normas higi\u00e9nicas y de salubridad, en tanto que -en las \u00faltimas horas- el personal logr\u00f3 igualmente dar con el paradero de un sujeto de 45 a\u00f1os de edad, quien manten\u00eda un requerimiento judicial pendiente del Juzgado de Garant\u00eda de Coyhaique por el delito de estafas y otras defraudaciones, tras lo cual ambas personas fueron derivadas a la audiencia de control de detenci\u00f3n por estos hechos.<\/span><\/p>\n<p style=\"text-align: justify;\"><span style=\"font-family: Arial, sans-serif;\">Un quinto individuo fue localizado por Carabineros de dotaci\u00f3n de la Cuarta Comisar\u00eda de Cochrane, tras mantener un requerimiento por la no cancelaci\u00f3n de una multa en el Juzgado de Polic\u00eda Local de esta ciudad.<\/span><\/p>\n<p style=\"text-align: justify;\"><span style=\"font-family: Arial, sans-serif;\">Por otra parte, diligencias desarrolladas por Carabineros del Ret\u00e9n Caleta Tortel, culminaron con la detenci\u00f3n de dos sujetos por el delito de lesiones menos graves en agresi\u00f3n, luego que seg\u00fan las indagatorias, estos habr\u00edan agredido con golpes de pu\u00f1o a otros dos j\u00f3venes &#8211;<\/span><span style=\"font-family: Arial, sans-serif;\">trat\u00e1ndose uno de ellos de una mujer, tras lo cual resultaron con lesiones de car\u00e1cter menos grave y lesiones leves respectivamente, siendo los antecedentes puestos en conocimiento de la Fiscal\u00eda.<\/span><\/p>\n<\/div><\/section><\/div><div  style='height:50px' class='hr hr-invisible   avia-builder-el-6  el_after_av_one_full  el_before_av_social_share '><span class='hr-inner ' ><span class='hr-inner-style'><\/span><\/span><\/div><\/p>\n<div  class='av-social-sharing-box  avia-builder-el-7  el_after_av_hr  el_before_av_hr  '><div class='av-share-box'><h5 class='av-share-link-description av-no-toc '>Compartir esta noticia<\/h5><ul class='av-share-box-list noLightbox'><li class='av-share-link av-social-link-facebook' ><a target=\"_blank\" aria-label=\"Compartir en Facebook\" href='https:\/\/www.facebook.com\/sharer.php?u=https:\/\/radiorevelacionfm.cl\/?p=8276&#038;t=Carabineros%20detuvo%20a%20cinco%20personas%20por%20%C3%B3rdenes%20judiciales%20pendientes%20y%20dos%20por%20lesiones%20menos%20graves' aria-hidden='false' data-av_icon='\ue8f3' data-av_iconfont='entypo-fontello' title='' data-avia-related-tooltip='Compartir en Facebook' rel=\"noopener\"><span class='avia_hidden_link_text'>Compartir en Facebook<\/span><\/a><\/li><li class='av-share-link av-social-link-twitter' ><a target=\"_blank\" aria-label=\"Compartir en Twitter\" href='https:\/\/twitter.com\/share?text=Carabineros%20detuvo%20a%20cinco%20personas%20por%20%C3%B3rdenes%20judiciales%20pendientes%20y%20dos%20por%20lesiones%20menos%20graves&#038;url=https:\/\/radiorevelacionfm.cl\/?p=8276' aria-hidden='false' data-av_icon='\ue8f1' data-av_iconfont='entypo-fontello' title='' data-avia-related-tooltip='Compartir en Twitter' rel=\"noopener\"><span class='avia_hidden_link_text'>Compartir en Twitter<\/span><\/a><\/li><li class='av-share-link av-social-link-whatsapp' ><a target=\"_blank\" aria-label=\"Compartir en Whatsapp\" href='https:\/\/api.whatsapp.com\/send?text=https:\/\/radiorevelacionfm.cl\/?p=8276' aria-hidden='false' data-av_icon='\uf232' data-av_iconfont='entypo-fontello' title='' data-avia-related-tooltip='Compartir en Whatsapp' rel=\"noopener\"><span class='avia_hidden_link_text'>Compartir en Whatsapp<\/span><\/a><\/li><li class='av-share-link av-social-link-linkedin' ><a target=\"_blank\" aria-label=\"Compartir en LinkedIn\" href='https:\/\/linkedin.com\/shareArticle?mini=true&#038;title=Carabineros%20detuvo%20a%20cinco%20personas%20por%20%C3%B3rdenes%20judiciales%20pendientes%20y%20dos%20por%20lesiones%20menos%20graves&#038;url=https:\/\/radiorevelacionfm.cl\/?p=8276' aria-hidden='false' data-av_icon='\ue8fc' data-av_iconfont='entypo-fontello' title='' data-avia-related-tooltip='Compartir en LinkedIn' rel=\"noopener\"><span class='avia_hidden_link_text'>Compartir en LinkedIn<\/span><\/a><\/li><li class='av-share-link av-social-link-mail' ><a  aria-label=\"Compartir por correo\" href='mailto:?subject=Carabineros%20detuvo%20a%20cinco%20personas%20por%20%C3%B3rdenes%20judiciales%20pendientes%20y%20dos%20por%20lesiones%20menos%20graves&#038;body=https:\/\/radiorevelacionfm.cl\/?p=8276' aria-hidden='false' data-av_icon='\ue805' data-av_iconfont='entypo-fontello' title='' data-avia-related-tooltip='Compartir por correo'><span class='avia_hidden_link_text'>Compartir por correo<\/span><\/a><\/li><\/ul><\/div><\/div>\n<div  style='height:50px' class='hr hr-invisible   avia-builder-el-8  el_after_av_social_share  el_before_av_comments_list '><span class='hr-inner ' ><span class='hr-inner-style'><\/span><\/span><\/div>\n<div  class='av-buildercomment  av-blog-meta-html-info-disabled av-blog-meta-tag-disabled  '><\/div>\n","protected":false},"excerpt":{"rendered":"","protected":false},"author":1,"featured_media":8277,"comment_status":"open","ping_status":"open","sticky":false,"template":"","format":"standard","meta":{"footnotes":""},"categories":[36],"tags":[],"class_list":["post-8276","post","type-post","status-publish","format-standard","has-post-thumbnail","hentry","category-policial"],"jetpack_featured_media_url":"https:\/\/radiorevelacionfm.cl\/wp-content\/uploads\/2021\/09\/E55-1-1.jpg","_links":{"self":[{"href":"https:\/\/radiorevelacionfm.cl\/index.php?rest_route=\/wp\/v2\/posts\/8276","targetHints":{"allow":["GET"]}}],"collection":[{"href":"https:\/\/radiorevelacionfm.cl\/index.php?rest_route=\/wp\/v2\/posts"}],"about":[{"href":"https:\/\/radiorevelacionfm.cl\/index.php?rest_route=\/wp\/v2\/types\/post"}],"author":[{"embeddable":true,"href":"https:\/\/radiorevelacionfm.cl\/index.php?rest_route=\/wp\/v2\/users\/1"}],"replies":[{"embeddable":true,"href":"https:\/\/radiorevelacionfm.cl\/index.php?rest_route=%2Fwp%2Fv2%2Fcomments&post=8276"}],"version-history":[{"count":1,"href":"https:\/\/radiorevelacionfm.cl\/index.php?rest_route=\/wp\/v2\/posts\/8276\/revisions"}],"predecessor-version":[{"id":8278,"href":"https:\/\/radiorevelacionfm.cl\/index.php?rest_route=\/wp\/v2\/posts\/8276\/revisions\/8278"}],"wp:featuredmedia":[{"embeddable":true,"href":"https:\/\/radiorevelacionfm.cl\/index.php?rest_route=\/wp\/v2\/media\/8277"}],"wp:attachment":[{"href":"https:\/\/radiorevelacionfm.cl\/index.php?rest_route=%2Fwp%2Fv2%2Fmedia&parent=8276"}],"wp:term":[{"taxonomy":"category","embeddable":true,"href":"https:\/\/radiorevelacionfm.cl\/index.php?rest_route=%2Fwp%2Fv2%2Fcategories&post=8276"},{"taxonomy":"post_tag","embeddable":true,"href":"https:\/\/radiorevelacionfm.cl\/index.php?rest_route=%2Fwp%2Fv2%2Ftags&post=8276"}],"curies":[{"name":"wp","href":"https:\/\/api.w.org\/{rel}","templated":true}]}}