{"id":8273,"date":"2021-09-03T19:39:03","date_gmt":"2021-09-03T22:39:03","guid":{"rendered":"https:\/\/radiorevelacionfm.cl\/?p=8273"},"modified":"2021-09-03T19:39:03","modified_gmt":"2021-09-03T22:39:03","slug":"en-escuela-pedro-quintana-realizan-encuentro-deportivo-del-programa-crecer-en-movimiento","status":"publish","type":"post","link":"https:\/\/radiorevelacionfm.cl\/?p=8273","title":{"rendered":"En escuela Pedro Quintana realizan encuentro deportivo del Programa Crecer en Movimiento"},"content":{"rendered":"<div class=\"flex_column av_one_full  flex_column_div av-zero-column-padding first  avia-builder-el-0  el_before_av_one_full  avia-builder-el-first  \" style='border-radius:0px; '><div  class='avia-image-container  av-styling-    avia-builder-el-1  avia-builder-el-no-sibling  avia-align-center '  itemprop=\"image\" itemscope=\"itemscope\" itemtype=\"https:\/\/schema.org\/ImageObject\"  ><div class='avia-image-container-inner'><div class='avia-image-overlay-wrap'><img decoding=\"async\" class='wp-image-8274 avia-img-lazy-loading-not-8274 avia_image' src=\"https:\/\/radiorevelacionfm.cl\/wp-content\/uploads\/2021\/09\/3-44-1_optimized.jpg\" alt='' title='3-(44)-(1)_optimized' height=\"600\" width=\"900\"  itemprop=\"thumbnailUrl\" srcset=\"https:\/\/radiorevelacionfm.cl\/wp-content\/uploads\/2021\/09\/3-44-1_optimized.jpg 900w, https:\/\/radiorevelacionfm.cl\/wp-content\/uploads\/2021\/09\/3-44-1_optimized-300x200.jpg 300w, https:\/\/radiorevelacionfm.cl\/wp-content\/uploads\/2021\/09\/3-44-1_optimized-768x512.jpg 768w, https:\/\/radiorevelacionfm.cl\/wp-content\/uploads\/2021\/09\/3-44-1_optimized-705x470.jpg 705w, https:\/\/radiorevelacionfm.cl\/wp-content\/uploads\/2021\/09\/3-44-1_optimized-600x400.jpg 600w\" sizes=\"(max-width: 900px) 100vw, 900px\" \/><\/div><\/div><\/div><\/div><div class=\"flex_column av_one_full  flex_column_div av-zero-column-padding first  avia-builder-el-2  el_after_av_one_full  el_before_av_one_full  column-top-margin\" style='border-radius:0px; '><section class=\"av_textblock_section \"  itemscope=\"itemscope\" itemtype=\"https:\/\/schema.org\/BlogPosting\" itemprop=\"blogPost\" ><div class='avia_textblock  '   itemprop=\"text\" ><p class=\"v1MsoNormal\" style=\"text-align: center;\"><span style=\"font-size: 18pt;\"><b>En escuela Pedro Quintana realizan encuentro deportivo del Programa Crecer en Movimiento<\/b><\/span><\/p>\n<div id=\"gtx-trans\" style=\"position: absolute; left: -50px; top: 4.31534px;\">\n<div class=\"gtx-trans-icon\"><\/div>\n<\/div>\n<\/div><\/section><\/div><div class=\"flex_column av_one_full  flex_column_div av-zero-column-padding first  avia-builder-el-4  el_after_av_one_full  el_before_av_hr  column-top-margin\" style='border-radius:0px; '><section class=\"av_textblock_section \"  itemscope=\"itemscope\" itemtype=\"https:\/\/schema.org\/BlogPosting\" itemprop=\"blogPost\" ><div class='avia_textblock  '   itemprop=\"text\" ><p class=\"v1MsoNormal\" style=\"text-align: justify;\">En dos bloques horarios se realiz\u00f3 el encuentro deportivo organizado por el Departamento de Actividad F\u00edsica del IND, como parte del programa Crecer En Movimiento, actividad desarrollada en el Gimnasio de la Escuela Pedro Quinta Mansilla y que cont\u00f3 con juegos de psicomotricidad, estaciones de acondicionamiento f\u00edsico e informaci\u00f3n nutricional.<\/p>\n<p class=\"v1MsoNormal\" style=\"text-align: justify;\">Sobre el encuentro, el Seremi del Deporte, Rodrigo Cubilla Retamal, sostuvo \u00aba trav\u00e9s de estas actividades que ejecuta el IND regional junto a la directora y docentes de la escuela Pedro Quintana Mansilla, podemos comprobar el gran entusiasmo de nuestros estudiantes por participar, lo que se vio reflejado en este encuentro del programa Crecer en Movimiento, que busca que nuestros ni\u00f1os, ni\u00f1as y adolescentes de los niveles parvulario, b\u00e1sico y medio de establecimientos educacionales municipalizados y particulares subvencionados con gratuidad, mejoren la condici\u00f3n f\u00edsica de base a trav\u00e9s de la pr\u00e1ctica sistem\u00e1tica del juego, la actividad f\u00edsica y deporte\u00bb.<\/p>\n<p class=\"v1MsoNormal\" style=\"text-align: justify;\">Asimismo, el Director Regional del Instituto Nacional de Deportes, Jos\u00e9 Manuel Sep\u00falveda se\u00f1al\u00f3 \u00abhoy participaron presencialmente 120 ni\u00f1os y ni\u00f1as del \u00a0primer y segundo ciclo de ense\u00f1anza b\u00e1sica de la Escuela Pedro Quintana, participaron en bloques seg\u00fan el aforo permitido, realizando actividad f\u00edsica, salto en cajones, crossfit juegos de psicomotricidad para los m\u00e1s peque\u00f1os y adem\u00e1s se incorpor\u00f3 una estaci\u00f3n saludable a cargo de la nutricionista Karen Barriga\u00bb, se\u00f1al\u00f3 el director regional.<\/p>\n<p class=\"v1MsoNormal\" style=\"text-align: justify;\">Durante el encuentro, que se espera replicar en otros establecimientos educacionales de la regi\u00f3n de Ays\u00e9n, los participantes recibieron una colaci\u00f3n saludable y una polera institucional.<\/p>\n<\/div><\/section><\/div><div  style='height:50px' class='hr hr-invisible   avia-builder-el-6  el_after_av_one_full  el_before_av_social_share '><span class='hr-inner ' ><span class='hr-inner-style'><\/span><\/span><\/div><\/p>\n<div  class='av-social-sharing-box  avia-builder-el-7  el_after_av_hr  el_before_av_hr  '><div class='av-share-box'><h5 class='av-share-link-description av-no-toc '>Compartir esta noticia<\/h5><ul class='av-share-box-list noLightbox'><li class='av-share-link av-social-link-facebook' ><a target=\"_blank\" aria-label=\"Compartir en Facebook\" href='https:\/\/www.facebook.com\/sharer.php?u=https:\/\/radiorevelacionfm.cl\/?p=8273&#038;t=En%20escuela%20Pedro%20Quintana%20realizan%20encuentro%20deportivo%20del%20Programa%20Crecer%20en%20Movimiento' aria-hidden='false' data-av_icon='\ue8f3' data-av_iconfont='entypo-fontello' title='' data-avia-related-tooltip='Compartir en Facebook' rel=\"noopener\"><span class='avia_hidden_link_text'>Compartir en Facebook<\/span><\/a><\/li><li class='av-share-link av-social-link-twitter' ><a target=\"_blank\" aria-label=\"Compartir en Twitter\" href='https:\/\/twitter.com\/share?text=En%20escuela%20Pedro%20Quintana%20realizan%20encuentro%20deportivo%20del%20Programa%20Crecer%20en%20Movimiento&#038;url=https:\/\/radiorevelacionfm.cl\/?p=8273' aria-hidden='false' data-av_icon='\ue8f1' data-av_iconfont='entypo-fontello' title='' data-avia-related-tooltip='Compartir en Twitter' rel=\"noopener\"><span class='avia_hidden_link_text'>Compartir en Twitter<\/span><\/a><\/li><li class='av-share-link av-social-link-whatsapp' ><a target=\"_blank\" aria-label=\"Compartir en Whatsapp\" href='https:\/\/api.whatsapp.com\/send?text=https:\/\/radiorevelacionfm.cl\/?p=8273' aria-hidden='false' data-av_icon='\uf232' data-av_iconfont='entypo-fontello' title='' data-avia-related-tooltip='Compartir en Whatsapp' rel=\"noopener\"><span class='avia_hidden_link_text'>Compartir en Whatsapp<\/span><\/a><\/li><li class='av-share-link av-social-link-linkedin' ><a target=\"_blank\" aria-label=\"Compartir en LinkedIn\" href='https:\/\/linkedin.com\/shareArticle?mini=true&#038;title=En%20escuela%20Pedro%20Quintana%20realizan%20encuentro%20deportivo%20del%20Programa%20Crecer%20en%20Movimiento&#038;url=https:\/\/radiorevelacionfm.cl\/?p=8273' aria-hidden='false' data-av_icon='\ue8fc' data-av_iconfont='entypo-fontello' title='' data-avia-related-tooltip='Compartir en LinkedIn' rel=\"noopener\"><span class='avia_hidden_link_text'>Compartir en LinkedIn<\/span><\/a><\/li><li class='av-share-link av-social-link-mail' ><a  aria-label=\"Compartir por correo\" href='mailto:?subject=En%20escuela%20Pedro%20Quintana%20realizan%20encuentro%20deportivo%20del%20Programa%20Crecer%20en%20Movimiento&#038;body=https:\/\/radiorevelacionfm.cl\/?p=8273' aria-hidden='false' data-av_icon='\ue805' data-av_iconfont='entypo-fontello' title='' data-avia-related-tooltip='Compartir por correo'><span class='avia_hidden_link_text'>Compartir por correo<\/span><\/a><\/li><\/ul><\/div><\/div>\n<div  style='height:50px' class='hr hr-invisible   avia-builder-el-8  el_after_av_social_share  el_before_av_comments_list '><span class='hr-inner ' ><span class='hr-inner-style'><\/span><\/span><\/div>\n<div  class='av-buildercomment  av-blog-meta-html-info-disabled av-blog-meta-tag-disabled  '><\/div>\n","protected":false},"excerpt":{"rendered":"","protected":false},"author":1,"featured_media":8274,"comment_status":"open","ping_status":"open","sticky":false,"template":"","format":"standard","meta":{"footnotes":""},"categories":[40],"tags":[],"class_list":["post-8273","post","type-post","status-publish","format-standard","has-post-thumbnail","hentry","category-deportes"],"jetpack_featured_media_url":"https:\/\/radiorevelacionfm.cl\/wp-content\/uploads\/2021\/09\/3-44-1_optimized.jpg","_links":{"self":[{"href":"https:\/\/radiorevelacionfm.cl\/index.php?rest_route=\/wp\/v2\/posts\/8273","targetHints":{"allow":["GET"]}}],"collection":[{"href":"https:\/\/radiorevelacionfm.cl\/index.php?rest_route=\/wp\/v2\/posts"}],"about":[{"href":"https:\/\/radiorevelacionfm.cl\/index.php?rest_route=\/wp\/v2\/types\/post"}],"author":[{"embeddable":true,"href":"https:\/\/radiorevelacionfm.cl\/index.php?rest_route=\/wp\/v2\/users\/1"}],"replies":[{"embeddable":true,"href":"https:\/\/radiorevelacionfm.cl\/index.php?rest_route=%2Fwp%2Fv2%2Fcomments&post=8273"}],"version-history":[{"count":1,"href":"https:\/\/radiorevelacionfm.cl\/index.php?rest_route=\/wp\/v2\/posts\/8273\/revisions"}],"predecessor-version":[{"id":8275,"href":"https:\/\/radiorevelacionfm.cl\/index.php?rest_route=\/wp\/v2\/posts\/8273\/revisions\/8275"}],"wp:featuredmedia":[{"embeddable":true,"href":"https:\/\/radiorevelacionfm.cl\/index.php?rest_route=\/wp\/v2\/media\/8274"}],"wp:attachment":[{"href":"https:\/\/radiorevelacionfm.cl\/index.php?rest_route=%2Fwp%2Fv2%2Fmedia&parent=8273"}],"wp:term":[{"taxonomy":"category","embeddable":true,"href":"https:\/\/radiorevelacionfm.cl\/index.php?rest_route=%2Fwp%2Fv2%2Fcategories&post=8273"},{"taxonomy":"post_tag","embeddable":true,"href":"https:\/\/radiorevelacionfm.cl\/index.php?rest_route=%2Fwp%2Fv2%2Ftags&post=8273"}],"curies":[{"name":"wp","href":"https:\/\/api.w.org\/{rel}","templated":true}]}}