{"id":8261,"date":"2021-09-03T18:04:20","date_gmt":"2021-09-03T21:04:20","guid":{"rendered":"https:\/\/radiorevelacionfm.cl\/?p=8261"},"modified":"2021-09-03T18:04:20","modified_gmt":"2021-09-03T21:04:20","slug":"alumnos-de-rio-ibanez-reciben-37-computadores-del-programa-becas-tic-de-junaeb","status":"publish","type":"post","link":"https:\/\/radiorevelacionfm.cl\/?p=8261","title":{"rendered":"Alumnos de R\u00edo Ib\u00e1\u00f1ez reciben 37 computadores del Programa Becas TIC de Junaeb"},"content":{"rendered":"<div class=\"flex_column av_one_full  flex_column_div av-zero-column-padding first  avia-builder-el-0  el_before_av_one_full  avia-builder-el-first  \" style='border-radius:0px; '><div  class='avia-image-container  av-styling-    avia-builder-el-1  avia-builder-el-no-sibling  avia-align-center '  itemprop=\"image\" itemscope=\"itemscope\" itemtype=\"https:\/\/schema.org\/ImageObject\"  ><div class='avia-image-container-inner'><div class='avia-image-overlay-wrap'><img decoding=\"async\" class='wp-image-8262 avia-img-lazy-loading-not-8262 avia_image' src=\"https:\/\/radiorevelacionfm.cl\/wp-content\/uploads\/2021\/09\/foto-1-1-1_optimized.jpeg\" alt='' title='foto-1-(1)-(1)_optimized' height=\"600\" width=\"894\"  itemprop=\"thumbnailUrl\" srcset=\"https:\/\/radiorevelacionfm.cl\/wp-content\/uploads\/2021\/09\/foto-1-1-1_optimized.jpeg 894w, https:\/\/radiorevelacionfm.cl\/wp-content\/uploads\/2021\/09\/foto-1-1-1_optimized-300x201.jpeg 300w, https:\/\/radiorevelacionfm.cl\/wp-content\/uploads\/2021\/09\/foto-1-1-1_optimized-768x515.jpeg 768w, https:\/\/radiorevelacionfm.cl\/wp-content\/uploads\/2021\/09\/foto-1-1-1_optimized-705x473.jpeg 705w, https:\/\/radiorevelacionfm.cl\/wp-content\/uploads\/2021\/09\/foto-1-1-1_optimized-600x403.jpeg 600w\" sizes=\"(max-width: 894px) 100vw, 894px\" \/><\/div><\/div><\/div><\/div><div class=\"flex_column av_one_full  flex_column_div av-zero-column-padding first  avia-builder-el-2  el_after_av_one_full  el_before_av_one_full  column-top-margin\" style='border-radius:0px; '><section class=\"av_textblock_section \"  itemscope=\"itemscope\" itemtype=\"https:\/\/schema.org\/BlogPosting\" itemprop=\"blogPost\" ><div class='avia_textblock  '   itemprop=\"text\" ><p style=\"text-align: center;\"><strong><span style=\"font-size: 18pt;\">Alumnos de R\u00edo Ib\u00e1\u00f1ez reciben 37 computadores del Programa Becas TIC de Junaeb<\/span><\/strong><\/p>\n<div id=\"gtx-trans\" style=\"position: absolute; left: -50px; top: 4.31534px;\">\n<div class=\"gtx-trans-icon\"><\/div>\n<\/div>\n<\/div><\/section><\/div><div class=\"flex_column av_one_full  flex_column_div av-zero-column-padding first  avia-builder-el-4  el_after_av_one_full  el_before_av_hr  column-top-margin\" style='border-radius:0px; '><section class=\"av_textblock_section \"  itemscope=\"itemscope\" itemtype=\"https:\/\/schema.org\/BlogPosting\" itemprop=\"blogPost\" ><div class='avia_textblock  '   itemprop=\"text\" ><p style=\"font-weight: 400; text-align: justify;\">Los computadores vienen con un a\u00f1o de internet m\u00f3vil, 55 programas de estudio para su reforzamiento y un a\u00f1o de servicio t\u00e9cnico.<\/p>\n<p style=\"font-weight: 400; text-align: justify;\">Tras casi tres semanas de entrega en los diferentes establecimientos de la comuna y siguiendo todos los protocolos sanitarios, todos los estudiantes de s\u00e9ptimo b\u00e1sico de R\u00edo Ib\u00e1\u00f1ez recibieron 37 equipos computacionales del Programas Becas TIC de Junaeb en Ays\u00e9n.<\/p>\n<p style=\"font-weight: 400; text-align: justify;\">Los aparatos cuentan con diferentes herramientas para facilitar la conectividad de los escolares y as\u00ed puedan seguir sum\u00e1ndose a las nuevas tendencias. Por esta raz\u00f3n, los computadores traen un a\u00f1o de conexi\u00f3n a internet, 55 programas de estudio para su reforzamiento y un a\u00f1o de servicio t\u00e9cnico.<\/p>\n<p style=\"font-weight: 400; text-align: justify;\">La apoderada, Catalina Cea, destac\u00f3 la iniciativa que le permitir\u00e1 a su hijo tener un dispositivo de calidad: \u201cmuy contenta con este equipo para mi reto\u00f1o que realmente en estos tiempos le hace mucha falta. \u00c9l no tiene notebook, as\u00ed que feliz de haber estado ac\u00e1. La entrega fue muy r\u00e1pida\u201d.<\/p>\n<p style=\"font-weight: 400; text-align: justify;\">Por otra parte, Luis Fernando Gallardo, profesional administrativo del Departamento de Educaci\u00f3n de la Municipalidad de R\u00edo Ib\u00e1\u00f1ez, manifest\u00f3 que \u201cnos encontramos ya en la etapa final que ha sido tan esperada por los apoderados tanto como por los alumnos, que es la entrega de los computadores para los alumnos de s\u00e9ptimo a\u00f1o. Es una etapa que ya se encuentra en proceso de finalizaci\u00f3n, ya se llev\u00f3 a cabo la entrega de computadores en la Escuela Carretera Austral de Bah\u00eda Murta, Gabriela Mistral de Puerto R\u00edo Tranquilo y el Liceo Bicentenario Rural de Cerro Castillo\u201d.<\/p>\n<p style=\"font-weight: 400; text-align: justify;\">Adem\u00e1s, el funcionario municipal asegur\u00f3 que la \u00faltima entrega se realiz\u00f3 en la Escuela Aonikenk otorgando 15 computadores a los escolares del establecimiento.<\/p>\n<p style=\"font-weight: 400; text-align: justify;\"><strong>Beneficio regional<\/strong><\/p>\n<p style=\"font-weight: 400; text-align: justify;\">Junaeb se encuentra en la Regi\u00f3n de Ays\u00e9n desde el 16 de agosto facilitando los equipos a los diferentes establecimientos educacionales de la zona. La instituci\u00f3n entreg\u00f3 1179 computadoras, 263 m\u00e1s que el a\u00f1o 2020.<\/p>\n<p style=\"font-weight: 400; text-align: justify;\">El encargado de los programas de Becas Tics del Departamento de Log\u00edstica, Eduardo Chinch\u00f3n, enfatiz\u00f3 que han tenido un arduo trabajo en el territorio y que la recepci\u00f3n ha sido muy buena.<\/p>\n<p style=\"font-weight: 400; text-align: justify;\">\u201cNo hemos presentando ning\u00fan tipo de problema, un caso excepcional a nivel pa\u00eds, ya que somos la segunda regi\u00f3n que se les ha entregado los equipos al ciento por ciento y contentos ya terminando Ib\u00e1\u00f1ez, continuamos con Chile Chico y finalmente terminamos con Melinka. Logrando la cobertura total a nivel regional\u201d, asegur\u00f3.<\/p>\n<p style=\"font-weight: 400; text-align: justify;\">Cabe destacar que este beneficio es para todos los alumnos que est\u00e9n cursando 7\u00b0a\u00f1o b\u00e1sico en las escuelas municipales y particulares subvencionadas y que hayan sido encuestados el a\u00f1o anterior en 6\u00b0 b\u00e1sico.<\/p>\n<\/div><\/section><\/div><div  style='height:50px' class='hr hr-invisible   avia-builder-el-6  el_after_av_one_full  el_before_av_social_share '><span class='hr-inner ' ><span class='hr-inner-style'><\/span><\/span><\/div><\/p>\n<div  class='av-social-sharing-box  avia-builder-el-7  el_after_av_hr  el_before_av_hr  '><div class='av-share-box'><h5 class='av-share-link-description av-no-toc '>Compartir esta noticia<\/h5><ul class='av-share-box-list noLightbox'><li class='av-share-link av-social-link-facebook' ><a target=\"_blank\" aria-label=\"Compartir en Facebook\" href='https:\/\/www.facebook.com\/sharer.php?u=https:\/\/radiorevelacionfm.cl\/?p=8261&#038;t=Alumnos%20de%20R%C3%ADo%20Ib%C3%A1%C3%B1ez%20reciben%2037%20computadores%20del%20Programa%20Becas%20TIC%20de%20Junaeb' aria-hidden='false' data-av_icon='\ue8f3' data-av_iconfont='entypo-fontello' title='' data-avia-related-tooltip='Compartir en Facebook' rel=\"noopener\"><span class='avia_hidden_link_text'>Compartir en Facebook<\/span><\/a><\/li><li class='av-share-link av-social-link-twitter' ><a target=\"_blank\" aria-label=\"Compartir en Twitter\" href='https:\/\/twitter.com\/share?text=Alumnos%20de%20R%C3%ADo%20Ib%C3%A1%C3%B1ez%20reciben%2037%20computadores%20del%20Programa%20Becas%20TIC%20de%20Junaeb&#038;url=https:\/\/radiorevelacionfm.cl\/?p=8261' aria-hidden='false' data-av_icon='\ue8f1' data-av_iconfont='entypo-fontello' title='' data-avia-related-tooltip='Compartir en Twitter' rel=\"noopener\"><span class='avia_hidden_link_text'>Compartir en Twitter<\/span><\/a><\/li><li class='av-share-link av-social-link-whatsapp' ><a target=\"_blank\" aria-label=\"Compartir en Whatsapp\" href='https:\/\/api.whatsapp.com\/send?text=https:\/\/radiorevelacionfm.cl\/?p=8261' aria-hidden='false' data-av_icon='\uf232' data-av_iconfont='entypo-fontello' title='' data-avia-related-tooltip='Compartir en Whatsapp' rel=\"noopener\"><span class='avia_hidden_link_text'>Compartir en Whatsapp<\/span><\/a><\/li><li class='av-share-link av-social-link-linkedin' ><a target=\"_blank\" aria-label=\"Compartir en LinkedIn\" href='https:\/\/linkedin.com\/shareArticle?mini=true&#038;title=Alumnos%20de%20R%C3%ADo%20Ib%C3%A1%C3%B1ez%20reciben%2037%20computadores%20del%20Programa%20Becas%20TIC%20de%20Junaeb&#038;url=https:\/\/radiorevelacionfm.cl\/?p=8261' aria-hidden='false' data-av_icon='\ue8fc' data-av_iconfont='entypo-fontello' title='' data-avia-related-tooltip='Compartir en LinkedIn' rel=\"noopener\"><span class='avia_hidden_link_text'>Compartir en LinkedIn<\/span><\/a><\/li><li class='av-share-link av-social-link-mail' ><a  aria-label=\"Compartir por correo\" href='mailto:?subject=Alumnos%20de%20R%C3%ADo%20Ib%C3%A1%C3%B1ez%20reciben%2037%20computadores%20del%20Programa%20Becas%20TIC%20de%20Junaeb&#038;body=https:\/\/radiorevelacionfm.cl\/?p=8261' aria-hidden='false' data-av_icon='\ue805' data-av_iconfont='entypo-fontello' title='' data-avia-related-tooltip='Compartir por correo'><span class='avia_hidden_link_text'>Compartir por correo<\/span><\/a><\/li><\/ul><\/div><\/div>\n<div  style='height:50px' class='hr hr-invisible   avia-builder-el-8  el_after_av_social_share  el_before_av_comments_list '><span class='hr-inner ' ><span class='hr-inner-style'><\/span><\/span><\/div>\n<div  class='av-buildercomment  av-blog-meta-html-info-disabled av-blog-meta-tag-disabled  '><\/div>\n","protected":false},"excerpt":{"rendered":"","protected":false},"author":1,"featured_media":8262,"comment_status":"open","ping_status":"open","sticky":false,"template":"","format":"standard","meta":{"footnotes":""},"categories":[38],"tags":[],"class_list":["post-8261","post","type-post","status-publish","format-standard","has-post-thumbnail","hentry","category-regional"],"jetpack_featured_media_url":"https:\/\/radiorevelacionfm.cl\/wp-content\/uploads\/2021\/09\/foto-1-1-1_optimized.jpeg","_links":{"self":[{"href":"https:\/\/radiorevelacionfm.cl\/index.php?rest_route=\/wp\/v2\/posts\/8261","targetHints":{"allow":["GET"]}}],"collection":[{"href":"https:\/\/radiorevelacionfm.cl\/index.php?rest_route=\/wp\/v2\/posts"}],"about":[{"href":"https:\/\/radiorevelacionfm.cl\/index.php?rest_route=\/wp\/v2\/types\/post"}],"author":[{"embeddable":true,"href":"https:\/\/radiorevelacionfm.cl\/index.php?rest_route=\/wp\/v2\/users\/1"}],"replies":[{"embeddable":true,"href":"https:\/\/radiorevelacionfm.cl\/index.php?rest_route=%2Fwp%2Fv2%2Fcomments&post=8261"}],"version-history":[{"count":1,"href":"https:\/\/radiorevelacionfm.cl\/index.php?rest_route=\/wp\/v2\/posts\/8261\/revisions"}],"predecessor-version":[{"id":8263,"href":"https:\/\/radiorevelacionfm.cl\/index.php?rest_route=\/wp\/v2\/posts\/8261\/revisions\/8263"}],"wp:featuredmedia":[{"embeddable":true,"href":"https:\/\/radiorevelacionfm.cl\/index.php?rest_route=\/wp\/v2\/media\/8262"}],"wp:attachment":[{"href":"https:\/\/radiorevelacionfm.cl\/index.php?rest_route=%2Fwp%2Fv2%2Fmedia&parent=8261"}],"wp:term":[{"taxonomy":"category","embeddable":true,"href":"https:\/\/radiorevelacionfm.cl\/index.php?rest_route=%2Fwp%2Fv2%2Fcategories&post=8261"},{"taxonomy":"post_tag","embeddable":true,"href":"https:\/\/radiorevelacionfm.cl\/index.php?rest_route=%2Fwp%2Fv2%2Ftags&post=8261"}],"curies":[{"name":"wp","href":"https:\/\/api.w.org\/{rel}","templated":true}]}}