{"id":8258,"date":"2021-09-03T17:06:01","date_gmt":"2021-09-03T20:06:01","guid":{"rendered":"https:\/\/radiorevelacionfm.cl\/?p=8258"},"modified":"2021-09-03T17:06:01","modified_gmt":"2021-09-03T20:06:01","slug":"en-la-region-de-aysen-son-1-888-los-jovenes-inscritos-para-rendir-el-examen-de-admision-a-las-universidades-chilenas","status":"publish","type":"post","link":"https:\/\/radiorevelacionfm.cl\/?p=8258","title":{"rendered":"En la Regi\u00f3n de Ays\u00e9n son 1.888 los j\u00f3venes inscritos para rendir el examen de admisi\u00f3n a las universidades chilenas"},"content":{"rendered":"<div class=\"flex_column av_one_full  flex_column_div av-zero-column-padding first  avia-builder-el-0  el_before_av_one_full  avia-builder-el-first  \" style='border-radius:0px; '><div  class='avia-image-container  av-styling-    avia-builder-el-1  avia-builder-el-no-sibling  avia-align-center '  itemprop=\"image\" itemscope=\"itemscope\" itemtype=\"https:\/\/schema.org\/ImageObject\"  ><div class='avia-image-container-inner'><div class='avia-image-overlay-wrap'><img decoding=\"async\" class='wp-image-8259 avia-img-lazy-loading-not-8259 avia_image' src=\"https:\/\/radiorevelacionfm.cl\/wp-content\/uploads\/2021\/09\/inscripcion-pdt-1_optimized.jpeg\" alt='' title='inscripci\u00f3n-pdt-(1)_optimized' height=\"600\" width=\"1015\"  itemprop=\"thumbnailUrl\" srcset=\"https:\/\/radiorevelacionfm.cl\/wp-content\/uploads\/2021\/09\/inscripcion-pdt-1_optimized.jpeg 1015w, https:\/\/radiorevelacionfm.cl\/wp-content\/uploads\/2021\/09\/inscripcion-pdt-1_optimized-300x177.jpeg 300w, https:\/\/radiorevelacionfm.cl\/wp-content\/uploads\/2021\/09\/inscripcion-pdt-1_optimized-768x454.jpeg 768w, https:\/\/radiorevelacionfm.cl\/wp-content\/uploads\/2021\/09\/inscripcion-pdt-1_optimized-705x417.jpeg 705w, https:\/\/radiorevelacionfm.cl\/wp-content\/uploads\/2021\/09\/inscripcion-pdt-1_optimized-600x355.jpeg 600w\" sizes=\"(max-width: 1015px) 100vw, 1015px\" \/><\/div><\/div><\/div><\/div><div class=\"flex_column av_one_full  flex_column_div av-zero-column-padding first  avia-builder-el-2  el_after_av_one_full  el_before_av_one_full  column-top-margin\" style='border-radius:0px; '><section class=\"av_textblock_section \"  itemscope=\"itemscope\" itemtype=\"https:\/\/schema.org\/BlogPosting\" itemprop=\"blogPost\" ><div class='avia_textblock  '   itemprop=\"text\" ><p style=\"text-align: center;\"><strong><span style=\"font-size: 18pt;\">En la Regi\u00f3n de Ays\u00e9n son 1.888\u00a0 los j\u00f3venes inscritos para rendir el examen de admisi\u00f3n a las universidades chilenas<\/span><\/strong><\/p>\n<div id=\"gtx-trans\" style=\"position: absolute; left: -50px; top: 4.31534px;\">\n<div class=\"gtx-trans-icon\"><\/div>\n<\/div>\n<\/div><\/section><\/div><div class=\"flex_column av_one_full  flex_column_div av-zero-column-padding first  avia-builder-el-4  el_after_av_one_full  el_before_av_hr  column-top-margin\" style='border-radius:0px; '><section class=\"av_textblock_section \"  itemscope=\"itemscope\" itemtype=\"https:\/\/schema.org\/BlogPosting\" itemprop=\"blogPost\" ><div class='avia_textblock  '   itemprop=\"text\" ><p class=\"v1MsoNormal\" style=\"text-align: justify;\">Desde que se abri\u00f3 el periodo de inscripci\u00f3n, el martes 22 de junio, hasta que cerr\u00f3, el mi\u00e9rcoles 25 de agosto, un total de 275.630 personas se inscribieron para rendir la Prueba de Transici\u00f3n (PDT) en diciembre pr\u00f3ximo.<\/p>\n<p class=\"v1MsoNormal\" style=\"text-align: justify;\">La cifra representa un alza respecto de los inscritos el 2020, a\u00f1o en que ascendieron a 266.065. Al respecto, el subsecretario de Educaci\u00f3n Superior, Juan Eduardo Vargas, se\u00f1al\u00f3 que \u201cnos llena de satisfacci\u00f3n constatar que el n\u00famero de estudiantes inscritos ha aumentado en comparaci\u00f3n con el a\u00f1o anterior, lo que nos habla del inter\u00e9s de los j\u00f3venes por optar a la educaci\u00f3n superior, y en especial a alguna de las 45 universidades adscritas al nuevo Sistema de Acceso. Tambi\u00e9n refleja, a nuestro juicio, la confianza que gener\u00f3 la exitosa aplicaci\u00f3n de la PDT del a\u00f1o pasado, la que gracias a los protocolos seguidos, se rindi\u00f3 sin ning\u00fan tipo de contratiempo\u201d.<\/p>\n<p class=\"v1MsoNormal\" style=\"text-align: justify;\">El Seremi de Educaci\u00f3n Sergio Becerra Mera inform\u00f3 que en la Regi\u00f3n de Ays\u00e9n son 1.888 los j\u00f3venes inscritos para rendir el examen de admisi\u00f3n a las universidades chilenas.<\/p>\n<p class=\"v1MsoNormal\" style=\"text-align: justify;\">Adicionalmente, la autoridad destac\u00f3 que, entre las iniciativas del MINEDUC para apoyar a quienes rendir\u00e1n la PDT, est\u00e1n los preuniversitarios gratuitos\u00a0<i>online<\/i>\u00a0y los ensayos en l\u00ednea que permitir\u00e1n prepararse mejor para este desaf\u00edo.<\/p>\n<p class=\"v1MsoNormal\" style=\"text-align: justify;\">Leonor Varas, directora del DEMRE de la Universidad de Chile, a\u00f1adi\u00f3 que esta alza en los inscritos demuestra que los j\u00f3venes siguen proyect\u00e1ndose en la educaci\u00f3n superior, m\u00e1s all\u00e1 de las dificultades que impone el contexto de pandemia. \u201cPese a las adversidades, las y los j\u00f3venes conf\u00edan su futuro en la PDT y en el sistema. Estamos trabajando para que la rendici\u00f3n sea segura para esos miles de postulantes y para que los cambios que estamos incorporando a las pruebas y al proceso redunden en mayor justicia e inclusi\u00f3n\u201d.<\/p>\n<p class=\"v1MsoNormal\" style=\"text-align: justify;\"><b>Pr\u00f3ximos pasos para el proceso de admisi\u00f3n 2022<\/b><\/p>\n<p class=\"v1MsoNormal\" style=\"text-align: justify;\">Despu\u00e9s del periodo de inscripci\u00f3n, quienes necesiten cambiar algunos de sus antecedentes, como la sede de rendici\u00f3n (comuna) y\/o las pruebas electivas a rendir, podr\u00e1n hacerlo hasta las 23:59 horas del 22 de septiembre de 2021, ingresando a la plataforma web acceso.mineduc.cl.<\/p>\n<p class=\"v1MsoNormal\" style=\"text-align: justify;\">Antes, el jueves 16 de septiembre, se publicar\u00e1 la Oferta Definitiva de Carreras, Vacantes y Ponderaciones, que contiene informaci\u00f3n de las 45 universidades participantes en el Proceso de Admisi\u00f3n 2022.<\/p>\n<p class=\"v1MsoNormal\" style=\"text-align: justify;\">La aplicaci\u00f3n de la PDT se realizar\u00e1 por segundo a\u00f1o consecutivo, y debido al contexto de pandemia, en dos turnos: el primer grupo de postulantes la rendir\u00e1 los d\u00edas 6 y 7 de diciembre, y el segundo grupo lo har\u00e1 los d\u00edas 9 y 10 del mismo mes.<\/p>\n<p class=\"v1MsoNormal\" style=\"text-align: justify;\">En tanto, la publicaci\u00f3n de los resultados de las pruebas se entregar\u00e1 el 11 de enero de 2022.<\/p>\n<p class=\"v1MsoNormal\" style=\"text-align: justify;\">Quienes tengan dudas, pueden encontrar m\u00e1s informaci\u00f3n en acceso.mineduc.cl o en demre.cl. Tambi\u00e9n pueden comunicarse con Ayuda Mineduc, al 600 600 26 26 (desde celulares, al 224066600), o a la Mesa de Ayuda DEMRE, al 229783806.<\/p>\n<\/div><\/section><\/div><div  style='height:50px' class='hr hr-invisible   avia-builder-el-6  el_after_av_one_full  el_before_av_social_share '><span class='hr-inner ' ><span class='hr-inner-style'><\/span><\/span><\/div><\/p>\n<div  class='av-social-sharing-box  avia-builder-el-7  el_after_av_hr  el_before_av_hr  '><div class='av-share-box'><h5 class='av-share-link-description av-no-toc '>Compartir esta noticia<\/h5><ul class='av-share-box-list noLightbox'><li class='av-share-link av-social-link-facebook' ><a target=\"_blank\" aria-label=\"Compartir en Facebook\" href='https:\/\/www.facebook.com\/sharer.php?u=https:\/\/radiorevelacionfm.cl\/?p=8258&#038;t=En%20la%20Regi%C3%B3n%20de%20Ays%C3%A9n%20son%201.888%20los%20j%C3%B3venes%20inscritos%20para%20rendir%20el%20examen%20de%20admisi%C3%B3n%20a%20las%20universidades%20chilenas' aria-hidden='false' data-av_icon='\ue8f3' data-av_iconfont='entypo-fontello' title='' data-avia-related-tooltip='Compartir en Facebook' rel=\"noopener\"><span class='avia_hidden_link_text'>Compartir en Facebook<\/span><\/a><\/li><li class='av-share-link av-social-link-twitter' ><a target=\"_blank\" aria-label=\"Compartir en Twitter\" href='https:\/\/twitter.com\/share?text=En%20la%20Regi%C3%B3n%20de%20Ays%C3%A9n%20son%201.888%20los%20j%C3%B3venes%20inscritos%20para%20rendir%20el%20examen%20de%20admisi%C3%B3n%20a%20las%20universidades%20chilenas&#038;url=https:\/\/radiorevelacionfm.cl\/?p=8258' aria-hidden='false' data-av_icon='\ue8f1' data-av_iconfont='entypo-fontello' title='' data-avia-related-tooltip='Compartir en Twitter' rel=\"noopener\"><span class='avia_hidden_link_text'>Compartir en Twitter<\/span><\/a><\/li><li class='av-share-link av-social-link-whatsapp' ><a target=\"_blank\" aria-label=\"Compartir en Whatsapp\" href='https:\/\/api.whatsapp.com\/send?text=https:\/\/radiorevelacionfm.cl\/?p=8258' aria-hidden='false' data-av_icon='\uf232' data-av_iconfont='entypo-fontello' title='' data-avia-related-tooltip='Compartir en Whatsapp' rel=\"noopener\"><span class='avia_hidden_link_text'>Compartir en Whatsapp<\/span><\/a><\/li><li class='av-share-link av-social-link-linkedin' ><a target=\"_blank\" aria-label=\"Compartir en LinkedIn\" href='https:\/\/linkedin.com\/shareArticle?mini=true&#038;title=En%20la%20Regi%C3%B3n%20de%20Ays%C3%A9n%20son%201.888%20los%20j%C3%B3venes%20inscritos%20para%20rendir%20el%20examen%20de%20admisi%C3%B3n%20a%20las%20universidades%20chilenas&#038;url=https:\/\/radiorevelacionfm.cl\/?p=8258' aria-hidden='false' data-av_icon='\ue8fc' data-av_iconfont='entypo-fontello' title='' data-avia-related-tooltip='Compartir en LinkedIn' rel=\"noopener\"><span class='avia_hidden_link_text'>Compartir en LinkedIn<\/span><\/a><\/li><li class='av-share-link av-social-link-mail' ><a  aria-label=\"Compartir por correo\" href='mailto:?subject=En%20la%20Regi%C3%B3n%20de%20Ays%C3%A9n%20son%201.888%20los%20j%C3%B3venes%20inscritos%20para%20rendir%20el%20examen%20de%20admisi%C3%B3n%20a%20las%20universidades%20chilenas&#038;body=https:\/\/radiorevelacionfm.cl\/?p=8258' aria-hidden='false' data-av_icon='\ue805' data-av_iconfont='entypo-fontello' title='' data-avia-related-tooltip='Compartir por correo'><span class='avia_hidden_link_text'>Compartir por correo<\/span><\/a><\/li><\/ul><\/div><\/div>\n<div  style='height:50px' class='hr hr-invisible   avia-builder-el-8  el_after_av_social_share  el_before_av_comments_list '><span class='hr-inner ' ><span class='hr-inner-style'><\/span><\/span><\/div>\n<div  class='av-buildercomment  av-blog-meta-html-info-disabled av-blog-meta-tag-disabled  '><\/div>\n","protected":false},"excerpt":{"rendered":"","protected":false},"author":1,"featured_media":8259,"comment_status":"open","ping_status":"open","sticky":false,"template":"","format":"standard","meta":{"footnotes":""},"categories":[49],"tags":[],"class_list":["post-8258","post","type-post","status-publish","format-standard","has-post-thumbnail","hentry","category-educacion"],"jetpack_featured_media_url":"https:\/\/radiorevelacionfm.cl\/wp-content\/uploads\/2021\/09\/inscripcion-pdt-1_optimized.jpeg","_links":{"self":[{"href":"https:\/\/radiorevelacionfm.cl\/index.php?rest_route=\/wp\/v2\/posts\/8258","targetHints":{"allow":["GET"]}}],"collection":[{"href":"https:\/\/radiorevelacionfm.cl\/index.php?rest_route=\/wp\/v2\/posts"}],"about":[{"href":"https:\/\/radiorevelacionfm.cl\/index.php?rest_route=\/wp\/v2\/types\/post"}],"author":[{"embeddable":true,"href":"https:\/\/radiorevelacionfm.cl\/index.php?rest_route=\/wp\/v2\/users\/1"}],"replies":[{"embeddable":true,"href":"https:\/\/radiorevelacionfm.cl\/index.php?rest_route=%2Fwp%2Fv2%2Fcomments&post=8258"}],"version-history":[{"count":1,"href":"https:\/\/radiorevelacionfm.cl\/index.php?rest_route=\/wp\/v2\/posts\/8258\/revisions"}],"predecessor-version":[{"id":8260,"href":"https:\/\/radiorevelacionfm.cl\/index.php?rest_route=\/wp\/v2\/posts\/8258\/revisions\/8260"}],"wp:featuredmedia":[{"embeddable":true,"href":"https:\/\/radiorevelacionfm.cl\/index.php?rest_route=\/wp\/v2\/media\/8259"}],"wp:attachment":[{"href":"https:\/\/radiorevelacionfm.cl\/index.php?rest_route=%2Fwp%2Fv2%2Fmedia&parent=8258"}],"wp:term":[{"taxonomy":"category","embeddable":true,"href":"https:\/\/radiorevelacionfm.cl\/index.php?rest_route=%2Fwp%2Fv2%2Fcategories&post=8258"},{"taxonomy":"post_tag","embeddable":true,"href":"https:\/\/radiorevelacionfm.cl\/index.php?rest_route=%2Fwp%2Fv2%2Ftags&post=8258"}],"curies":[{"name":"wp","href":"https:\/\/api.w.org\/{rel}","templated":true}]}}