{"id":8253,"date":"2021-09-03T16:05:22","date_gmt":"2021-09-03T19:05:22","guid":{"rendered":"https:\/\/radiorevelacionfm.cl\/?p=8253"},"modified":"2021-09-03T16:05:22","modified_gmt":"2021-09-03T19:05:22","slug":"gobernadora-regional-y-rector-de-la-usach-acuerdan-apoyo-tecnico-para-la-solucion-de-alcantarillado-de-caleta-tortel","status":"publish","type":"post","link":"https:\/\/radiorevelacionfm.cl\/?p=8253","title":{"rendered":"Gobernadora Regional y Rector de la USACH acuerdan apoyo t\u00e9cnico para la soluci\u00f3n de alcantarillado de Caleta Tortel"},"content":{"rendered":"<div class=\"flex_column av_one_full  flex_column_div av-zero-column-padding first  avia-builder-el-0  el_before_av_one_full  avia-builder-el-first  \" style='border-radius:0px; '><div  class='avia-image-container  av-styling-    avia-builder-el-1  avia-builder-el-no-sibling  avia-align-center '  itemprop=\"image\" itemscope=\"itemscope\" itemtype=\"https:\/\/schema.org\/ImageObject\"  ><div class='avia-image-container-inner'><div class='avia-image-overlay-wrap'><img decoding=\"async\" class='wp-image-8254 avia-img-lazy-loading-not-8254 avia_image' src=\"https:\/\/radiorevelacionfm.cl\/wp-content\/uploads\/2021\/09\/Gob-Usach-1-1.jpeg\" alt='' title='Gob-Usach (1) (1)' height=\"600\" width=\"800\"  itemprop=\"thumbnailUrl\" srcset=\"https:\/\/radiorevelacionfm.cl\/wp-content\/uploads\/2021\/09\/Gob-Usach-1-1.jpeg 800w, https:\/\/radiorevelacionfm.cl\/wp-content\/uploads\/2021\/09\/Gob-Usach-1-1-300x225.jpeg 300w, https:\/\/radiorevelacionfm.cl\/wp-content\/uploads\/2021\/09\/Gob-Usach-1-1-768x576.jpeg 768w, https:\/\/radiorevelacionfm.cl\/wp-content\/uploads\/2021\/09\/Gob-Usach-1-1-705x529.jpeg 705w, https:\/\/radiorevelacionfm.cl\/wp-content\/uploads\/2021\/09\/Gob-Usach-1-1-600x450.jpeg 600w\" sizes=\"(max-width: 800px) 100vw, 800px\" \/><\/div><\/div><\/div><\/div><div class=\"flex_column av_one_full  flex_column_div av-zero-column-padding first  avia-builder-el-2  el_after_av_one_full  el_before_av_one_full  column-top-margin\" style='border-radius:0px; '><section class=\"av_textblock_section \"  itemscope=\"itemscope\" itemtype=\"https:\/\/schema.org\/BlogPosting\" itemprop=\"blogPost\" ><div class='avia_textblock  '   itemprop=\"text\" ><p style=\"text-align: center;\"><span style=\"font-size: 18pt;\"><b>Gobernadora Regional y Rector de la USACH acuerdan apoyo t\u00e9cnico para la soluci\u00f3n de alcantarillado de Caleta Tortel<\/b><\/span><\/p>\n<div id=\"gtx-trans\" style=\"position: absolute; left: -50px; top: 4.31534px;\">\n<div class=\"gtx-trans-icon\"><\/div>\n<\/div>\n<\/div><\/section><\/div><div class=\"flex_column av_one_full  flex_column_div av-zero-column-padding first  avia-builder-el-4  el_after_av_one_full  el_before_av_hr  column-top-margin\" style='border-radius:0px; '><section class=\"av_textblock_section \"  itemscope=\"itemscope\" itemtype=\"https:\/\/schema.org\/BlogPosting\" itemprop=\"blogPost\" ><div class='avia_textblock  '   itemprop=\"text\" ><p style=\"text-align: justify;\">La semana pasada la m\u00e1xima autoridad regional estuvo por la capital del pa\u00eds en diversas reuniones, una de las cuales la llev\u00f3 a visitar las dependencias de la Universidad de Santiago de Chile (USACH) donde fue recibida por su Rector, acad\u00e9mico Juan Manuel Zolezzi.<\/p>\n<p>Dentro de los diversos temas abordados entre ambas autoridades, se plante\u00f3 un acuerdo de colaboraci\u00f3n entre el Gobierno Regional y la USACH para apoyar la puesta en marcha del proyecto de alcantarillado al vac\u00edo que tiene la comunidad de Tortel, y que al d\u00eda de hoy se ha transformado en un desaf\u00edo may\u00fasculo, por no contar con la energ\u00eda el\u00e9ctrica para su funcionamiento, y con dudas t\u00e9cnicas respecto a su puesta en funcionamiento.<\/p>\n<p>Este proyecto, que ha sido financiado con m\u00e1s de 8 mil millones de pesos por parte del GORE, tiene como principal objetivo mejorar la calidad de vida de todos los habitantes de la comuna de Tortel.<\/p>\n<p>\u00abPudimos conversar sobre una serie de inquietudes que tiene la regi\u00f3n y como la Universidad puede colaborar en los temas espec\u00edficos que se plantearon. Nosotros vamos a proponerles un esquema de participaci\u00f3n en esas soluciones. Tambi\u00e9n compartimos algunas ideas sobre temas de c\u00f3mo podemos ser un aporte junto con la Universidad de Ays\u00e9n para ayudar a los Municipios y al Gobierno Regional\u00bb, dijo el Rector Zolezzi.<\/p>\n<p>Por su parte, la Gobernadora Mac\u00edas, se\u00f1al\u00f3 que nuestra regi\u00f3n tiene la necesidad de generar m\u00e1s de estos espacios de colaboraci\u00f3n. \u00abTenemos amplios temas que tienen que ver con energ\u00eda y con soluciones que requieren del apoyo t\u00e9cnico y soluciones que se nos puedan brindar. De manera particular, estamos generando un acuerdo para la colaboraci\u00f3n para la comuna de Tortel y la soluci\u00f3n t\u00e9cnica del alcantarillado que necesitan los vecinos y vecinas\u00bb, sostuvo.<\/p>\n<p>Se espera que prontamente se concrete una mesa de trabajo entre el Gobierno Regional y la Universidad para la asesor\u00eda t\u00e9cnica para la generaci\u00f3n de la electricidad que har\u00e1 posible la utilizaci\u00f3n del alcantarillado.<\/p>\n<\/div><\/section><\/div><div  style='height:50px' class='hr hr-invisible   avia-builder-el-6  el_after_av_one_full  el_before_av_social_share '><span class='hr-inner ' ><span class='hr-inner-style'><\/span><\/span><\/div><\/p>\n<div  class='av-social-sharing-box  avia-builder-el-7  el_after_av_hr  el_before_av_hr  '><div class='av-share-box'><h5 class='av-share-link-description av-no-toc '>Compartir esta noticia<\/h5><ul class='av-share-box-list noLightbox'><li class='av-share-link av-social-link-facebook' ><a target=\"_blank\" aria-label=\"Compartir en Facebook\" href='https:\/\/www.facebook.com\/sharer.php?u=https:\/\/radiorevelacionfm.cl\/?p=8253&#038;t=Gobernadora%20Regional%20y%20Rector%20de%20la%20USACH%20acuerdan%20apoyo%20t%C3%A9cnico%20para%20la%20soluci%C3%B3n%20de%20alcantarillado%20de%20Caleta%20Tortel' aria-hidden='false' data-av_icon='\ue8f3' data-av_iconfont='entypo-fontello' title='' data-avia-related-tooltip='Compartir en Facebook' rel=\"noopener\"><span class='avia_hidden_link_text'>Compartir en Facebook<\/span><\/a><\/li><li class='av-share-link av-social-link-twitter' ><a target=\"_blank\" aria-label=\"Compartir en Twitter\" href='https:\/\/twitter.com\/share?text=Gobernadora%20Regional%20y%20Rector%20de%20la%20USACH%20acuerdan%20apoyo%20t%C3%A9cnico%20para%20la%20soluci%C3%B3n%20de%20alcantarillado%20de%20Caleta%20Tortel&#038;url=https:\/\/radiorevelacionfm.cl\/?p=8253' aria-hidden='false' data-av_icon='\ue8f1' data-av_iconfont='entypo-fontello' title='' data-avia-related-tooltip='Compartir en Twitter' rel=\"noopener\"><span class='avia_hidden_link_text'>Compartir en Twitter<\/span><\/a><\/li><li class='av-share-link av-social-link-whatsapp' ><a target=\"_blank\" aria-label=\"Compartir en Whatsapp\" href='https:\/\/api.whatsapp.com\/send?text=https:\/\/radiorevelacionfm.cl\/?p=8253' aria-hidden='false' data-av_icon='\uf232' data-av_iconfont='entypo-fontello' title='' data-avia-related-tooltip='Compartir en Whatsapp' rel=\"noopener\"><span class='avia_hidden_link_text'>Compartir en Whatsapp<\/span><\/a><\/li><li class='av-share-link av-social-link-linkedin' ><a target=\"_blank\" aria-label=\"Compartir en LinkedIn\" href='https:\/\/linkedin.com\/shareArticle?mini=true&#038;title=Gobernadora%20Regional%20y%20Rector%20de%20la%20USACH%20acuerdan%20apoyo%20t%C3%A9cnico%20para%20la%20soluci%C3%B3n%20de%20alcantarillado%20de%20Caleta%20Tortel&#038;url=https:\/\/radiorevelacionfm.cl\/?p=8253' aria-hidden='false' data-av_icon='\ue8fc' data-av_iconfont='entypo-fontello' title='' data-avia-related-tooltip='Compartir en LinkedIn' rel=\"noopener\"><span class='avia_hidden_link_text'>Compartir en LinkedIn<\/span><\/a><\/li><li class='av-share-link av-social-link-mail' ><a  aria-label=\"Compartir por correo\" href='mailto:?subject=Gobernadora%20Regional%20y%20Rector%20de%20la%20USACH%20acuerdan%20apoyo%20t%C3%A9cnico%20para%20la%20soluci%C3%B3n%20de%20alcantarillado%20de%20Caleta%20Tortel&#038;body=https:\/\/radiorevelacionfm.cl\/?p=8253' aria-hidden='false' data-av_icon='\ue805' data-av_iconfont='entypo-fontello' title='' data-avia-related-tooltip='Compartir por correo'><span class='avia_hidden_link_text'>Compartir por correo<\/span><\/a><\/li><\/ul><\/div><\/div>\n<div  style='height:50px' class='hr hr-invisible   avia-builder-el-8  el_after_av_social_share  el_before_av_comments_list '><span class='hr-inner ' ><span class='hr-inner-style'><\/span><\/span><\/div>\n<div  class='av-buildercomment  av-blog-meta-html-info-disabled av-blog-meta-tag-disabled  '><\/div>\n","protected":false},"excerpt":{"rendered":"","protected":false},"author":1,"featured_media":8254,"comment_status":"open","ping_status":"open","sticky":false,"template":"","format":"standard","meta":{"footnotes":""},"categories":[38],"tags":[],"class_list":["post-8253","post","type-post","status-publish","format-standard","has-post-thumbnail","hentry","category-regional"],"jetpack_featured_media_url":"https:\/\/radiorevelacionfm.cl\/wp-content\/uploads\/2021\/09\/Gob-Usach-1-1.jpeg","_links":{"self":[{"href":"https:\/\/radiorevelacionfm.cl\/index.php?rest_route=\/wp\/v2\/posts\/8253","targetHints":{"allow":["GET"]}}],"collection":[{"href":"https:\/\/radiorevelacionfm.cl\/index.php?rest_route=\/wp\/v2\/posts"}],"about":[{"href":"https:\/\/radiorevelacionfm.cl\/index.php?rest_route=\/wp\/v2\/types\/post"}],"author":[{"embeddable":true,"href":"https:\/\/radiorevelacionfm.cl\/index.php?rest_route=\/wp\/v2\/users\/1"}],"replies":[{"embeddable":true,"href":"https:\/\/radiorevelacionfm.cl\/index.php?rest_route=%2Fwp%2Fv2%2Fcomments&post=8253"}],"version-history":[{"count":1,"href":"https:\/\/radiorevelacionfm.cl\/index.php?rest_route=\/wp\/v2\/posts\/8253\/revisions"}],"predecessor-version":[{"id":8255,"href":"https:\/\/radiorevelacionfm.cl\/index.php?rest_route=\/wp\/v2\/posts\/8253\/revisions\/8255"}],"wp:featuredmedia":[{"embeddable":true,"href":"https:\/\/radiorevelacionfm.cl\/index.php?rest_route=\/wp\/v2\/media\/8254"}],"wp:attachment":[{"href":"https:\/\/radiorevelacionfm.cl\/index.php?rest_route=%2Fwp%2Fv2%2Fmedia&parent=8253"}],"wp:term":[{"taxonomy":"category","embeddable":true,"href":"https:\/\/radiorevelacionfm.cl\/index.php?rest_route=%2Fwp%2Fv2%2Fcategories&post=8253"},{"taxonomy":"post_tag","embeddable":true,"href":"https:\/\/radiorevelacionfm.cl\/index.php?rest_route=%2Fwp%2Fv2%2Ftags&post=8253"}],"curies":[{"name":"wp","href":"https:\/\/api.w.org\/{rel}","templated":true}]}}