{"id":8250,"date":"2021-09-03T13:22:36","date_gmt":"2021-09-03T16:22:36","guid":{"rendered":"https:\/\/radiorevelacionfm.cl\/?p=8250"},"modified":"2021-09-03T13:22:36","modified_gmt":"2021-09-03T16:22:36","slug":"en-puerto-aysen-dan-inicio-a-fiestas-patrias-con-presentacion-de-decoracion-comunal","status":"publish","type":"post","link":"https:\/\/radiorevelacionfm.cl\/?p=8250","title":{"rendered":"En Puerto Ays\u00e9n dan inicio a Fiestas Patrias con presentaci\u00f3n de decoraci\u00f3n comunal"},"content":{"rendered":"<div class=\"flex_column av_one_full  flex_column_div av-zero-column-padding first  avia-builder-el-0  el_before_av_one_full  avia-builder-el-first  \" style='border-radius:0px; '><div  class='avia-image-container  av-styling-    avia-builder-el-1  avia-builder-el-no-sibling  avia-align-center '  itemprop=\"image\" itemscope=\"itemscope\" itemtype=\"https:\/\/schema.org\/ImageObject\"  ><div class='avia-image-container-inner'><div class='avia-image-overlay-wrap'><img decoding=\"async\" class='wp-image-8251 avia-img-lazy-loading-not-8251 avia_image' src=\"https:\/\/radiorevelacionfm.cl\/wp-content\/uploads\/2021\/09\/img-ornamentacion5-1-1.jpeg\" alt='' title='img-ornamentacion5 (1) (1)' height=\"600\" width=\"900\"  itemprop=\"thumbnailUrl\" srcset=\"https:\/\/radiorevelacionfm.cl\/wp-content\/uploads\/2021\/09\/img-ornamentacion5-1-1.jpeg 900w, https:\/\/radiorevelacionfm.cl\/wp-content\/uploads\/2021\/09\/img-ornamentacion5-1-1-300x200.jpeg 300w, https:\/\/radiorevelacionfm.cl\/wp-content\/uploads\/2021\/09\/img-ornamentacion5-1-1-768x512.jpeg 768w, https:\/\/radiorevelacionfm.cl\/wp-content\/uploads\/2021\/09\/img-ornamentacion5-1-1-705x470.jpeg 705w, https:\/\/radiorevelacionfm.cl\/wp-content\/uploads\/2021\/09\/img-ornamentacion5-1-1-600x400.jpeg 600w\" sizes=\"(max-width: 900px) 100vw, 900px\" \/><\/div><\/div><\/div><\/div><div class=\"flex_column av_one_full  flex_column_div av-zero-column-padding first  avia-builder-el-2  el_after_av_one_full  el_before_av_one_full  column-top-margin\" style='border-radius:0px; '><section class=\"av_textblock_section \"  itemscope=\"itemscope\" itemtype=\"https:\/\/schema.org\/BlogPosting\" itemprop=\"blogPost\" ><div class='avia_textblock  '   itemprop=\"text\" ><p style=\"text-align: center;\"><strong><span style=\"font-size: 18pt;\">En Puerto Ays\u00e9n dan inicio a Fiestas Patrias con presentaci\u00f3n de decoraci\u00f3n comunal <\/span><\/strong><\/p>\n<div id=\"gtx-trans\" style=\"position: absolute; left: -50px; top: 4.31534px;\">\n<div class=\"gtx-trans-icon\"><\/div>\n<\/div>\n<\/div><\/section><\/div><div class=\"flex_column av_one_full  flex_column_div av-zero-column-padding first  avia-builder-el-4  el_after_av_one_full  el_before_av_hr  column-top-margin\" style='border-radius:0px; '><section class=\"av_textblock_section \"  itemscope=\"itemscope\" itemtype=\"https:\/\/schema.org\/BlogPosting\" itemprop=\"blogPost\" ><div class='avia_textblock  '   itemprop=\"text\" ><p style=\"text-align: justify;\">Un importante despliegue realizado por el personal de la Direcci\u00f3n de Aseo, Ornato y Medio Ambiente de la Ilustre Municipalidad de Ays\u00e9n permiti\u00f3 decorar distintas zonas de la comuna con la ambientaci\u00f3n necesaria para realzar el \u201cMes de la chilenidad\u201d 2021. Labor que fue ampliamente valorada por la comunidad y destacada tambi\u00e9n por el alcalde de Ays\u00e9n, Julio Uribe Alvarado. Entre las principales novedades destacan el conjunto de formas y figuras dise\u00f1adas con luces Led, as\u00ed tambi\u00e9n, la disposici\u00f3n de distintivos blanco, azul y rojo en gran parte de las plazas, parques y avenidas de Puerto Ays\u00e9n y los alrededores.<\/p>\n<p style=\"text-align: justify;\">Al respecto, el Edil aysenino, junto con felicitar el despliegue y labor efectuada por el personal municipal, se\u00f1al\u00f3 que \u201ccomo municipio y como presidente del Concejo Municipal estoy muy contento. Ac\u00e1 est\u00e1 plasmado el trabajo de la gente, lo que queremos ver en Ays\u00e9n, que es un dieciocho alegre lleno de luces, darle la felicidad a la gente para celebrar nuestras fiestas patrias de la mejor forma. As\u00ed es que, un saludo a toda la comunidad y a participar en las actividades que realizaremos durante todo este mes de la patria.<\/p>\n<p style=\"text-align: justify;\">Asimismo, la concejala Tatiana Villarroel, felicit\u00f3 al personal municipal por el trabajo conseguido en la ornamentaci\u00f3n comunal e invitando a los vecinos a disfrutar de estas disposiciones esc\u00e9nicas para celebrar Fiestas Patrias. \u201cEsto es por lo que nosotros apostamos cuando como concejales nos presentaron un cambio presupuestario para apoyar esta ornamentaci\u00f3n y es lo que aprobamos tres de los concejales, as\u00ed es que muy contenta de haber sido parte de esos concejales porque es para darle un poquito m\u00e1s de luz a nuestra ciudad y alegr\u00eda a nuestra ciudad\u201d.<\/p>\n<p style=\"text-align: justify;\">Finalmente, una de las asistentes a la actividad, Mar\u00eda Mella Alvarado, coment\u00f3 su alegr\u00eda por la decoraci\u00f3n realizada por el municipio \u201cque con esta pandemia que tuvimos es una cosa linda porque los ni\u00f1os, los adultos y todos por lo menos vemos que Ays\u00e9n est\u00e1 llegando a ser una ciudad muy bonita. Le doy gracias, sobre todo, porque vi harto esfuerzo y harto cari\u00f1o que le pusieron todos los trabajadores de la municipalidad sobre todo Marco Gillibrand. Igual en especial a nuestro alcalde, Julio Uribe Alvarado, porque \u00e9l siendo alcalde tan poquito tiempo igual se est\u00e1n viendo tantas cosas bonitas. Un saludo para todos y que sepamos respetar la pandemia\u201d puntualiz\u00f3 la vecina de Puerto Ays\u00e9n.<\/p>\n<\/div><\/section><\/div><div  style='height:50px' class='hr hr-invisible   avia-builder-el-6  el_after_av_one_full  el_before_av_social_share '><span class='hr-inner ' ><span class='hr-inner-style'><\/span><\/span><\/div><\/p>\n<div  class='av-social-sharing-box  avia-builder-el-7  el_after_av_hr  el_before_av_hr  '><div class='av-share-box'><h5 class='av-share-link-description av-no-toc '>Compartir esta noticia<\/h5><ul class='av-share-box-list noLightbox'><li class='av-share-link av-social-link-facebook' ><a target=\"_blank\" aria-label=\"Compartir en Facebook\" href='https:\/\/www.facebook.com\/sharer.php?u=https:\/\/radiorevelacionfm.cl\/?p=8250&#038;t=En%20Puerto%20Ays%C3%A9n%20dan%20inicio%20a%20Fiestas%20Patrias%20con%20presentaci%C3%B3n%20de%20decoraci%C3%B3n%20comunal' aria-hidden='false' data-av_icon='\ue8f3' data-av_iconfont='entypo-fontello' title='' data-avia-related-tooltip='Compartir en Facebook' rel=\"noopener\"><span class='avia_hidden_link_text'>Compartir en Facebook<\/span><\/a><\/li><li class='av-share-link av-social-link-twitter' ><a target=\"_blank\" aria-label=\"Compartir en Twitter\" href='https:\/\/twitter.com\/share?text=En%20Puerto%20Ays%C3%A9n%20dan%20inicio%20a%20Fiestas%20Patrias%20con%20presentaci%C3%B3n%20de%20decoraci%C3%B3n%20comunal&#038;url=https:\/\/radiorevelacionfm.cl\/?p=8250' aria-hidden='false' data-av_icon='\ue8f1' data-av_iconfont='entypo-fontello' title='' data-avia-related-tooltip='Compartir en Twitter' rel=\"noopener\"><span class='avia_hidden_link_text'>Compartir en Twitter<\/span><\/a><\/li><li class='av-share-link av-social-link-whatsapp' ><a target=\"_blank\" aria-label=\"Compartir en Whatsapp\" href='https:\/\/api.whatsapp.com\/send?text=https:\/\/radiorevelacionfm.cl\/?p=8250' aria-hidden='false' data-av_icon='\uf232' data-av_iconfont='entypo-fontello' title='' data-avia-related-tooltip='Compartir en Whatsapp' rel=\"noopener\"><span class='avia_hidden_link_text'>Compartir en Whatsapp<\/span><\/a><\/li><li class='av-share-link av-social-link-linkedin' ><a target=\"_blank\" aria-label=\"Compartir en LinkedIn\" href='https:\/\/linkedin.com\/shareArticle?mini=true&#038;title=En%20Puerto%20Ays%C3%A9n%20dan%20inicio%20a%20Fiestas%20Patrias%20con%20presentaci%C3%B3n%20de%20decoraci%C3%B3n%20comunal&#038;url=https:\/\/radiorevelacionfm.cl\/?p=8250' aria-hidden='false' data-av_icon='\ue8fc' data-av_iconfont='entypo-fontello' title='' data-avia-related-tooltip='Compartir en LinkedIn' rel=\"noopener\"><span class='avia_hidden_link_text'>Compartir en LinkedIn<\/span><\/a><\/li><li class='av-share-link av-social-link-mail' ><a  aria-label=\"Compartir por correo\" href='mailto:?subject=En%20Puerto%20Ays%C3%A9n%20dan%20inicio%20a%20Fiestas%20Patrias%20con%20presentaci%C3%B3n%20de%20decoraci%C3%B3n%20comunal&#038;body=https:\/\/radiorevelacionfm.cl\/?p=8250' aria-hidden='false' data-av_icon='\ue805' data-av_iconfont='entypo-fontello' title='' data-avia-related-tooltip='Compartir por correo'><span class='avia_hidden_link_text'>Compartir por correo<\/span><\/a><\/li><\/ul><\/div><\/div>\n<div  style='height:50px' class='hr hr-invisible   avia-builder-el-8  el_after_av_social_share  el_before_av_comments_list '><span class='hr-inner ' ><span class='hr-inner-style'><\/span><\/span><\/div>\n<div  class='av-buildercomment  av-blog-meta-html-info-disabled av-blog-meta-tag-disabled  '><\/div>\n","protected":false},"excerpt":{"rendered":"","protected":false},"author":1,"featured_media":8251,"comment_status":"open","ping_status":"open","sticky":false,"template":"","format":"standard","meta":{"footnotes":""},"categories":[38],"tags":[],"class_list":["post-8250","post","type-post","status-publish","format-standard","has-post-thumbnail","hentry","category-regional"],"jetpack_featured_media_url":"https:\/\/radiorevelacionfm.cl\/wp-content\/uploads\/2021\/09\/img-ornamentacion5-1-1.jpeg","_links":{"self":[{"href":"https:\/\/radiorevelacionfm.cl\/index.php?rest_route=\/wp\/v2\/posts\/8250","targetHints":{"allow":["GET"]}}],"collection":[{"href":"https:\/\/radiorevelacionfm.cl\/index.php?rest_route=\/wp\/v2\/posts"}],"about":[{"href":"https:\/\/radiorevelacionfm.cl\/index.php?rest_route=\/wp\/v2\/types\/post"}],"author":[{"embeddable":true,"href":"https:\/\/radiorevelacionfm.cl\/index.php?rest_route=\/wp\/v2\/users\/1"}],"replies":[{"embeddable":true,"href":"https:\/\/radiorevelacionfm.cl\/index.php?rest_route=%2Fwp%2Fv2%2Fcomments&post=8250"}],"version-history":[{"count":1,"href":"https:\/\/radiorevelacionfm.cl\/index.php?rest_route=\/wp\/v2\/posts\/8250\/revisions"}],"predecessor-version":[{"id":8252,"href":"https:\/\/radiorevelacionfm.cl\/index.php?rest_route=\/wp\/v2\/posts\/8250\/revisions\/8252"}],"wp:featuredmedia":[{"embeddable":true,"href":"https:\/\/radiorevelacionfm.cl\/index.php?rest_route=\/wp\/v2\/media\/8251"}],"wp:attachment":[{"href":"https:\/\/radiorevelacionfm.cl\/index.php?rest_route=%2Fwp%2Fv2%2Fmedia&parent=8250"}],"wp:term":[{"taxonomy":"category","embeddable":true,"href":"https:\/\/radiorevelacionfm.cl\/index.php?rest_route=%2Fwp%2Fv2%2Fcategories&post=8250"},{"taxonomy":"post_tag","embeddable":true,"href":"https:\/\/radiorevelacionfm.cl\/index.php?rest_route=%2Fwp%2Fv2%2Ftags&post=8250"}],"curies":[{"name":"wp","href":"https:\/\/api.w.org\/{rel}","templated":true}]}}