{"id":8246,"date":"2021-09-03T10:42:21","date_gmt":"2021-09-03T13:42:21","guid":{"rendered":"https:\/\/radiorevelacionfm.cl\/?p=8246"},"modified":"2021-09-03T10:42:21","modified_gmt":"2021-09-03T13:42:21","slug":"mas-de-5-mil-armas-ha-sacado-de-circulacion-este-ano-carabineros-a-nivel-nacional","status":"publish","type":"post","link":"https:\/\/radiorevelacionfm.cl\/?p=8246","title":{"rendered":"M\u00e1s de 5 mil armas ha sacado de circulaci\u00f3n este a\u00f1o Carabineros a nivel nacional"},"content":{"rendered":"<div class=\"flex_column av_one_full  flex_column_div av-zero-column-padding first  avia-builder-el-0  el_before_av_one_full  avia-builder-el-first  \" style='border-radius:0px; '><div  class='avia-image-container  av-styling-    avia-builder-el-1  avia-builder-el-no-sibling  avia-align-center '  itemprop=\"image\" itemscope=\"itemscope\" itemtype=\"https:\/\/schema.org\/ImageObject\"  ><div class='avia-image-container-inner'><div class='avia-image-overlay-wrap'><img decoding=\"async\" class='wp-image-8247 avia-img-lazy-loading-not-8247 avia_image' src=\"https:\/\/radiorevelacionfm.cl\/wp-content\/uploads\/2021\/09\/Armas-incautadas-1.jpg\" alt='' title='Armas incautadas (1)' height=\"600\" width=\"1067\"  itemprop=\"thumbnailUrl\" srcset=\"https:\/\/radiorevelacionfm.cl\/wp-content\/uploads\/2021\/09\/Armas-incautadas-1.jpg 1067w, https:\/\/radiorevelacionfm.cl\/wp-content\/uploads\/2021\/09\/Armas-incautadas-1-300x169.jpg 300w, https:\/\/radiorevelacionfm.cl\/wp-content\/uploads\/2021\/09\/Armas-incautadas-1-1030x579.jpg 1030w, https:\/\/radiorevelacionfm.cl\/wp-content\/uploads\/2021\/09\/Armas-incautadas-1-768x432.jpg 768w, https:\/\/radiorevelacionfm.cl\/wp-content\/uploads\/2021\/09\/Armas-incautadas-1-705x396.jpg 705w, https:\/\/radiorevelacionfm.cl\/wp-content\/uploads\/2021\/09\/Armas-incautadas-1-600x337.jpg 600w\" sizes=\"(max-width: 1067px) 100vw, 1067px\" \/><\/div><\/div><\/div><\/div><div class=\"flex_column av_one_full  flex_column_div av-zero-column-padding first  avia-builder-el-2  el_after_av_one_full  el_before_av_one_full  column-top-margin\" style='border-radius:0px; '><section class=\"av_textblock_section \"  itemscope=\"itemscope\" itemtype=\"https:\/\/schema.org\/BlogPosting\" itemprop=\"blogPost\" ><div class='avia_textblock  '   itemprop=\"text\" ><p style=\"text-align: center;\"><strong><span style=\"font-size: 18pt;\">M\u00e1s de 5 mil armas ha sacado de circulaci\u00f3n este a\u00f1o Carabineros a nivel nacional <\/span><\/strong><\/p>\n<div id=\"gtx-trans\" style=\"position: absolute; left: -50px; top: 4.31534px;\">\n<div class=\"gtx-trans-icon\"><\/div>\n<\/div>\n<\/div><\/section><\/div><div class=\"flex_column av_one_full  flex_column_div av-zero-column-padding first  avia-builder-el-4  el_after_av_one_full  el_before_av_hr  column-top-margin\" style='border-radius:0px; '><section class=\"av_textblock_section \"  itemscope=\"itemscope\" itemtype=\"https:\/\/schema.org\/BlogPosting\" itemprop=\"blogPost\" ><div class='avia_textblock  '   itemprop=\"text\" ><p class=\"v1MsoNormal\" style=\"text-align: justify;\">Los uniformados han retirado m\u00e1s de 1.500 armas de fuego \u2013de las cuales 7 corresponden a la regi\u00f3n de Ays\u00e9n- y m\u00e1s de 3.300 armas blancas de manos de antisociales.<\/p>\n<p class=\"v1MsoNormal\" style=\"text-align: justify;\">Se trata de individuos con m\u00faltiples antecedentes policiales que, en lo que va de 2021, suman m\u00e1s de 9 mil detenciones por diversos delitos.<\/p>\n<p class=\"v1MsoNormal\" style=\"text-align: justify;\">\u00abDetener a un delincuente armado, por cierto, pone en riesgo la vida de nuestros carabineros. Pero sacar de circulaci\u00f3n a estos individuos e incautar esas armas, salvan la vida de muchos de nuestros compatriotas. As\u00ed de valientes y as\u00ed de comprometidos son los Carabineros de Chile\u00bb. As\u00ed inici\u00f3 el Director Nacional de Orden y Seguridad, General Inspector Esteban D\u00edaz Urbina, el balance semanal de la instituci\u00f3n, el que calific\u00f3 como \u00abun acto de transparencia, responsabilidad y rendici\u00f3n de cuenta ante la ciudadan\u00eda\u00bb.<\/p>\n<p class=\"v1MsoNormal\" style=\"text-align: justify;\">El Oficial General inform\u00f3 que, de acuerdo a un estudio desarrollado por el Departamento de An\u00e1lisis Criminal (DAC), este a\u00f1o los uniformados han realizado a nivel nacional 5.321 detenciones con incautaci\u00f3n de armas; entre ellas, 1.546 de fuego y 3.335 blancas. Solo la semana pasada, decomisaron 63 armas de fuego, con un promedio de 9 por d\u00eda. Y este mes se retiraron de manos de delincuentes 33 armas m\u00e1s que durante julio (710 contra 677).<\/p>\n<p class=\"v1MsoNormal\" style=\"text-align: justify;\">Asimismo, el informe, se\u00f1ala que de los 5.321 detenidos, 4.877 son adultos y 444 NNA (ni\u00f1os, ni\u00f1as y adolescentes). Respecto a la agrupaci\u00f3n por g\u00e9nero, 4.727 son hombres y 594 mujeres. Y en cuanto a la distribuci\u00f3n geogr\u00e1fica, ocho comunas del pa\u00eds concentran el 25% de las armas incautadas. El listado lo encabezan Antofagasta (322), Santiago (283), Valpara\u00edso (169), La Serena (142) e Iquique (134), en tanto que en el otro extremo de la tabla \u2013en el pen\u00faltimo lugar- se encuentra la regi\u00f3n de Ays\u00e9n con 7 armas de fuego incautadas.<\/p>\n<p class=\"v1MsoNormal\" style=\"text-align: justify;\">\u00abComo ha ocurrido con otro delitos de mayor connotaci\u00f3n social, esos que causan temor a nuestras familias, llama la atenci\u00f3n en este estudio de nuestros especialistas que este grupo de 5.321 detenidos (de los cuales 77 corresponden a la regi\u00f3n de Ays\u00e9n) suman 9.314 detenciones durante este a\u00f1o. Esto significa que la mayor\u00eda de ellos han sido detenidos dos o m\u00e1s veces por nuestros Carabineros, varios por robo con intimidaci\u00f3n o con violencia. Y lo seguiremos haciendo. No vamos a bajar los brazos. Prueba de ello es que los cinco detenidos m\u00e1s prol\u00edficos acumulan 114 detenciones este a\u00f1o y uno de ellos suma 147 reiteraciones en su carrera delictual\u00bb, agreg\u00f3 el General Inspector D\u00edaz Urbina.<\/p>\n<\/div><\/section><\/div><div  style='height:50px' class='hr hr-invisible   avia-builder-el-6  el_after_av_one_full  el_before_av_social_share '><span class='hr-inner ' ><span class='hr-inner-style'><\/span><\/span><\/div><\/p>\n<div  class='av-social-sharing-box  avia-builder-el-7  el_after_av_hr  el_before_av_hr  '><div class='av-share-box'><h5 class='av-share-link-description av-no-toc '>Compartir esta noticia<\/h5><ul class='av-share-box-list noLightbox'><li class='av-share-link av-social-link-facebook' ><a target=\"_blank\" aria-label=\"Compartir en Facebook\" href='https:\/\/www.facebook.com\/sharer.php?u=https:\/\/radiorevelacionfm.cl\/?p=8246&#038;t=M%C3%A1s%20de%205%20mil%20armas%20ha%20sacado%20de%20circulaci%C3%B3n%20este%20a%C3%B1o%20Carabineros%20a%20nivel%20nacional' aria-hidden='false' data-av_icon='\ue8f3' data-av_iconfont='entypo-fontello' title='' data-avia-related-tooltip='Compartir en Facebook' rel=\"noopener\"><span class='avia_hidden_link_text'>Compartir en Facebook<\/span><\/a><\/li><li class='av-share-link av-social-link-twitter' ><a target=\"_blank\" aria-label=\"Compartir en Twitter\" href='https:\/\/twitter.com\/share?text=M%C3%A1s%20de%205%20mil%20armas%20ha%20sacado%20de%20circulaci%C3%B3n%20este%20a%C3%B1o%20Carabineros%20a%20nivel%20nacional&#038;url=https:\/\/radiorevelacionfm.cl\/?p=8246' aria-hidden='false' data-av_icon='\ue8f1' data-av_iconfont='entypo-fontello' title='' data-avia-related-tooltip='Compartir en Twitter' rel=\"noopener\"><span class='avia_hidden_link_text'>Compartir en Twitter<\/span><\/a><\/li><li class='av-share-link av-social-link-whatsapp' ><a target=\"_blank\" aria-label=\"Compartir en Whatsapp\" href='https:\/\/api.whatsapp.com\/send?text=https:\/\/radiorevelacionfm.cl\/?p=8246' aria-hidden='false' data-av_icon='\uf232' data-av_iconfont='entypo-fontello' title='' data-avia-related-tooltip='Compartir en Whatsapp' rel=\"noopener\"><span class='avia_hidden_link_text'>Compartir en Whatsapp<\/span><\/a><\/li><li class='av-share-link av-social-link-linkedin' ><a target=\"_blank\" aria-label=\"Compartir en LinkedIn\" href='https:\/\/linkedin.com\/shareArticle?mini=true&#038;title=M%C3%A1s%20de%205%20mil%20armas%20ha%20sacado%20de%20circulaci%C3%B3n%20este%20a%C3%B1o%20Carabineros%20a%20nivel%20nacional&#038;url=https:\/\/radiorevelacionfm.cl\/?p=8246' aria-hidden='false' data-av_icon='\ue8fc' data-av_iconfont='entypo-fontello' title='' data-avia-related-tooltip='Compartir en LinkedIn' rel=\"noopener\"><span class='avia_hidden_link_text'>Compartir en LinkedIn<\/span><\/a><\/li><li class='av-share-link av-social-link-mail' ><a  aria-label=\"Compartir por correo\" href='mailto:?subject=M%C3%A1s%20de%205%20mil%20armas%20ha%20sacado%20de%20circulaci%C3%B3n%20este%20a%C3%B1o%20Carabineros%20a%20nivel%20nacional&#038;body=https:\/\/radiorevelacionfm.cl\/?p=8246' aria-hidden='false' data-av_icon='\ue805' data-av_iconfont='entypo-fontello' title='' data-avia-related-tooltip='Compartir por correo'><span class='avia_hidden_link_text'>Compartir por correo<\/span><\/a><\/li><\/ul><\/div><\/div>\n<div  style='height:50px' class='hr hr-invisible   avia-builder-el-8  el_after_av_social_share  el_before_av_comments_list '><span class='hr-inner ' ><span class='hr-inner-style'><\/span><\/span><\/div>\n<div  class='av-buildercomment  av-blog-meta-html-info-disabled av-blog-meta-tag-disabled  '><\/div>\n","protected":false},"excerpt":{"rendered":"","protected":false},"author":1,"featured_media":8247,"comment_status":"open","ping_status":"open","sticky":false,"template":"","format":"standard","meta":{"footnotes":""},"categories":[36],"tags":[],"class_list":["post-8246","post","type-post","status-publish","format-standard","has-post-thumbnail","hentry","category-policial"],"jetpack_featured_media_url":"https:\/\/radiorevelacionfm.cl\/wp-content\/uploads\/2021\/09\/Armas-incautadas-1.jpg","_links":{"self":[{"href":"https:\/\/radiorevelacionfm.cl\/index.php?rest_route=\/wp\/v2\/posts\/8246","targetHints":{"allow":["GET"]}}],"collection":[{"href":"https:\/\/radiorevelacionfm.cl\/index.php?rest_route=\/wp\/v2\/posts"}],"about":[{"href":"https:\/\/radiorevelacionfm.cl\/index.php?rest_route=\/wp\/v2\/types\/post"}],"author":[{"embeddable":true,"href":"https:\/\/radiorevelacionfm.cl\/index.php?rest_route=\/wp\/v2\/users\/1"}],"replies":[{"embeddable":true,"href":"https:\/\/radiorevelacionfm.cl\/index.php?rest_route=%2Fwp%2Fv2%2Fcomments&post=8246"}],"version-history":[{"count":1,"href":"https:\/\/radiorevelacionfm.cl\/index.php?rest_route=\/wp\/v2\/posts\/8246\/revisions"}],"predecessor-version":[{"id":8248,"href":"https:\/\/radiorevelacionfm.cl\/index.php?rest_route=\/wp\/v2\/posts\/8246\/revisions\/8248"}],"wp:featuredmedia":[{"embeddable":true,"href":"https:\/\/radiorevelacionfm.cl\/index.php?rest_route=\/wp\/v2\/media\/8247"}],"wp:attachment":[{"href":"https:\/\/radiorevelacionfm.cl\/index.php?rest_route=%2Fwp%2Fv2%2Fmedia&parent=8246"}],"wp:term":[{"taxonomy":"category","embeddable":true,"href":"https:\/\/radiorevelacionfm.cl\/index.php?rest_route=%2Fwp%2Fv2%2Fcategories&post=8246"},{"taxonomy":"post_tag","embeddable":true,"href":"https:\/\/radiorevelacionfm.cl\/index.php?rest_route=%2Fwp%2Fv2%2Ftags&post=8246"}],"curies":[{"name":"wp","href":"https:\/\/api.w.org\/{rel}","templated":true}]}}