{"id":8243,"date":"2021-09-02T20:30:15","date_gmt":"2021-09-02T23:30:15","guid":{"rendered":"https:\/\/radiorevelacionfm.cl\/?p=8243"},"modified":"2021-09-02T20:30:15","modified_gmt":"2021-09-02T23:30:15","slug":"ante-proximidad-de-fiestas-patrias-pdi-realiza-un-llamado-contra-el-abigeato-de-animales","status":"publish","type":"post","link":"https:\/\/radiorevelacionfm.cl\/?p=8243","title":{"rendered":"Ante proximidad de Fiestas Patrias: PDI realiza un llamado contra el abigeato de animales"},"content":{"rendered":"<div class=\"flex_column av_one_full  flex_column_div av-zero-column-padding first  avia-builder-el-0  el_before_av_one_full  avia-builder-el-first  \" style='border-radius:0px; '><div  class='avia-image-container  av-styling-    avia-builder-el-1  avia-builder-el-no-sibling  avia-align-center '  itemprop=\"image\" itemscope=\"itemscope\" itemtype=\"https:\/\/schema.org\/ImageObject\"  ><div class='avia-image-container-inner'><div class='avia-image-overlay-wrap'><img decoding=\"async\" class='wp-image-8244 avia-img-lazy-loading-not-8244 avia_image' src=\"https:\/\/radiorevelacionfm.cl\/wp-content\/uploads\/2021\/09\/Sustraccion-de-animales-archivo-1-1.jpeg\" alt='' title='Sustracci\u00f3n de animales - archivo (1) (1)' height=\"600\" width=\"1059\"  itemprop=\"thumbnailUrl\" srcset=\"https:\/\/radiorevelacionfm.cl\/wp-content\/uploads\/2021\/09\/Sustraccion-de-animales-archivo-1-1.jpeg 1059w, https:\/\/radiorevelacionfm.cl\/wp-content\/uploads\/2021\/09\/Sustraccion-de-animales-archivo-1-1-300x170.jpeg 300w, https:\/\/radiorevelacionfm.cl\/wp-content\/uploads\/2021\/09\/Sustraccion-de-animales-archivo-1-1-1030x584.jpeg 1030w, https:\/\/radiorevelacionfm.cl\/wp-content\/uploads\/2021\/09\/Sustraccion-de-animales-archivo-1-1-768x435.jpeg 768w, https:\/\/radiorevelacionfm.cl\/wp-content\/uploads\/2021\/09\/Sustraccion-de-animales-archivo-1-1-705x399.jpeg 705w, https:\/\/radiorevelacionfm.cl\/wp-content\/uploads\/2021\/09\/Sustraccion-de-animales-archivo-1-1-600x340.jpeg 600w\" sizes=\"(max-width: 1059px) 100vw, 1059px\" \/><\/div><\/div><\/div><\/div><div class=\"flex_column av_one_full  flex_column_div av-zero-column-padding first  avia-builder-el-2  el_after_av_one_full  el_before_av_one_full  column-top-margin\" style='border-radius:0px; '><section class=\"av_textblock_section \"  itemscope=\"itemscope\" itemtype=\"https:\/\/schema.org\/BlogPosting\" itemprop=\"blogPost\" ><div class='avia_textblock  '   itemprop=\"text\" ><p style=\"text-align: center;\"><strong><span style=\"font-size: 18pt;\">Ante proximidad de Fiestas Patrias: PDI realiza un llamado contra el abigeato de animales<\/span><\/strong><\/p>\n<div id=\"gtx-trans\" style=\"position: absolute; left: -50px; top: 4.31534px;\">\n<div class=\"gtx-trans-icon\"><\/div>\n<\/div>\n<\/div><\/section><\/div><div class=\"flex_column av_one_full  flex_column_div av-zero-column-padding first  avia-builder-el-4  el_after_av_one_full  el_before_av_hr  column-top-margin\" style='border-radius:0px; '><section class=\"av_textblock_section \"  itemscope=\"itemscope\" itemtype=\"https:\/\/schema.org\/BlogPosting\" itemprop=\"blogPost\" ><div class='avia_textblock  '   itemprop=\"text\" ><p style=\"text-align: justify;\">Lleg\u00f3 septiembre y, junto con ello, se aproximan las Fiestas Patrias, fecha donde, por lo general, las familias se aprovisionan de productos c\u00e1rneos, aumentando el consumo de estos productos por las festividades. De acuerdo a los an\u00e1lisis de la PDI, previo, durante y despu\u00e9s de esta fecha incrementa el robo de ganado y el comercio clandestino de carne.<\/p>\n<p style=\"text-align: justify;\">Se trata del delito de abigeato, tipificado en los art\u00edculos 448 bis y siguientes del C\u00f3digo Penal, que consiste en el robo o hurto de especies de ganado mayor, menor o porcino. El cuerpo legal tambi\u00e9n establece el delito de receptaci\u00f3n de especies provenientes del abigeato, y el delito de apropiaci\u00f3n de cualquier elemento de animales ajenos. Las penas para este delito corresponden a la de otros delitos contra la propiedad.<\/p>\n<p style=\"text-align: justify;\">\u201cEl C\u00f3digo Penal establece claramente cu\u00e1les son las penas que arriesgan quienes lo cometen, comercializan y quien mantiene en su poder parte de estos animales que han sido producto del abigeato\u201d, se\u00f1al\u00f3 el jefe de la Brigada Investigadora de Robos Coyhaique, subprefecto V\u00edctor Toledo, agregando que \u201cexiste una modificaci\u00f3n en la Ley N\u00b020.090 del a\u00f1o 2006 que sanciona con mayor rigor este tipo de delito y entrega amplias facultades investigativas, siempre coordinadas con el Ministerio P\u00fablico, para individualizar a estas bandas que se dedican a la comercializaci\u00f3n de estos animales con herramientas suficientes para iniciar l\u00edneas investigativas que permitan establecer los lugares donde est\u00e1n operando, quienes son las personas y la cadena que se inicia a partir del robo de estos animales, si existen mataderos clandestinos o locales establecidos que est\u00e1n comprando este tipo de carne, etc.\u201d.<\/p>\n<p style=\"text-align: justify;\">En estos hechos que afectan a la propiedad y la salud p\u00fablica, la Regi\u00f3n Policial de Ays\u00e9n investiga de manera multidisciplinaria e integral, desde los puntos de vista especializados de la Brigada Investigadora de Robos (BIRO) Coyhaique y la Brigada Investigadora del Medio Ambiente y Patrimonio Cultural (BIDEMA) Ays\u00e9n, unidades que trabajan de manera conjunta los sitios de suceso relativos a hechos que afectan el patrimonio ganadero de los habitantes de la regi\u00f3n, justamente, en el \u00faltimo tiempo, personal especializado de la BIRO Coyhaique, BIDEMA Ays\u00e9n y peritos del Laboratorio de Criminal\u00edstica Regional Coyhaique, en un trabajo coordinado con el Ministerio P\u00fablico y personal del Servicio Agr\u00edcola y Ganadero Ays\u00e9n, han trabajado en diversas concurrencias, desarrollando diligencias investigativas en el sitio de suceso para poder esclarecer los hechos.<\/p>\n<p style=\"text-align: justify;\">Cabe destacar que, en cuanto al delito de abigeato, durante el transcurso del a\u00f1o 2020 se recibieron 17 denuncias en los complejos policiales de la PDI y 58 \u00f3rdenes de investigar por parte de la Fiscal\u00eda, siendo detenidas tres personas. Durante el primer semestre del 2021, se han recepcionado 4 denuncias y se han recibido 15 \u00f3rdenes de investigar por estos mismos hechos.<\/p>\n<p style=\"text-align: justify;\"><strong>Recomendaciones<\/strong><\/p>\n<p style=\"text-align: justify;\">Existen diversos peligros y riesgos asociados a la compra de carne y productos derivados en locales comerciales no autorizados o de forma clandestina, entre ellos cometer un delito penado por ley, la afectaci\u00f3n al comercio establecido, la salud p\u00fablica y la aparici\u00f3n de nuevos delitos asociados a este fen\u00f3meno. En ese sentido, el subprefecto V\u00edctor Toledo indic\u00f3 que \u201cel primer llamado que realizamos es a no consumir este tipo de carne de la cual no sabemos su procedencia, ya que existe un alto riesgo que puede afectar la salud de las personas\u201d, ya que cuando las especies animales producto del abigeato son faenadas en mataderos clandestinos, incumplen las normas sanitarias y se produce un grave riesgo para la salud p\u00fablica.<\/p>\n<p style=\"text-align: justify;\">Ahora bien, al momento de enfrentar la sustracci\u00f3n del ganado es importante entregar elementos para el reconocimiento del animal en caso de hallazgo. Por ejemplo, en caso de caballos, se debe se\u00f1alar raza, sexo, color de pelo, peso estimativo, altura, etc. De estar inscritos, es fundamental obtener el certificado otorgado por la Sociedad Nacional de Agricultura, donde se indica el n\u00famero de chip asociado y en caso de bovinos, es importante contar con el n\u00famero del DIIO, que es el dispositivo de identificaci\u00f3n individual oficial, entregado por el Servicio Agr\u00edcola y Ganadero.<\/p>\n<p style=\"text-align: justify;\">\u201cExisten personas que tienen ciertas medidas preventivas como, por ejemplo, el chip que otorga el Servicio Agr\u00edcola y Ganadero para tener registro de los animales, hay tambi\u00e9n personas que tienen menor cantidad de vacunos y ellos tienen fotograf\u00edas de sus animales para su reconocimiento. Esto nos permite avanzar investigativamente para tratar de ubicar a aquellos animales que son sustra\u00eddos, tenemos ciertos casos en donde ganaderos han instalado c\u00e1maras de vigilancia en accesos a los predios y mantienen un registro actualizado de sus animales, asimismo, ante movimiento inusual de personas en las cercan\u00edas de los predios, se comunican entre propietarios, alertando la presencia de personas extra\u00f1as al lugar y canalizando la informaci\u00f3n a las unidades policiales, esto con la finalidad de prevenir estrat\u00e9gicamente la comisi\u00f3n de estos delitos\u201d, expres\u00f3 el subprefecto Toledo, resaltando la importancia en que una vez que se haya detectado la sustracci\u00f3n del o los animales, es fundamental preservar cualquier elemento ajeno al lugar de los hechos que pueda ser encontrado, como tambi\u00e9n indicar si se encontraron se\u00f1ales de fuerza, alambres cortados, puertas o accesos forzados, antecedentes que deben ser entregados a la PDI al momento de realizar la denuncia.<\/p>\n<p style=\"text-align: justify;\">Desde la PDI enfatizaron que existen diversas acciones de coordinaci\u00f3n junto a la Secretar\u00eda Regional Ministerial de Agricultura de Ays\u00e9n, Servicio Agr\u00edcola y Ganadero, Carabineros, autoridad sanitaria y representantes de la industria ganadera local, participando en las mesas coordinadas por la SEREMI de Agricultura para abordar esta materia de manera transversal a nivel Regional. \u201cProspectando los escenarios que vienen, hemos realizado reuniones de coordinaci\u00f3n con el Seremi de Agricultura de la Regi\u00f3n de Ays\u00e9n, el Servicio Agr\u00edcola y Ganadero y con peque\u00f1os ganaderos y tambi\u00e9n con otros integrantes de este rubro y en estas mesas de trabajo hemos ido levantando informaci\u00f3n respecto a los lugares en donde se han producido estos delitos y acciones investigativas a realizar, agreg\u00f3 el subprefecto Toledo.<\/p>\n<p style=\"text-align: justify;\">Finalmente, \u201cnuestro principal objetivo es que estos delitos no ocurran y si se comenten, nosotros estaremos coordinados con los equipos t\u00e9cnicos para acudir al lugar de los hechos e iniciar prontamente las Primeras Diligencias Investigativas para intentar identificar en el corto plazo a los responsables de la comisi\u00f3n del delito y quienes est\u00e1n detr\u00e1s de la comercializaci\u00f3n de estos animales\u201d, sentenci\u00f3 el jefe de la unidad especializada, subprefecto V\u00edctor Toledo, llamando a efectuar las denuncias correspondientes o aportar antecedentes\u00a0 a las polic\u00edas ante conocimiento de lugares de venta clandestina de carne para denunciar los hechos al Ministerio P\u00fablico e iniciar el proceso investigativo correspondiente, evitando as\u00ed un riesgo para la salud p\u00fablica.<\/p>\n<\/div><\/section><\/div><div  style='height:50px' class='hr hr-invisible   avia-builder-el-6  el_after_av_one_full  el_before_av_social_share '><span class='hr-inner ' ><span class='hr-inner-style'><\/span><\/span><\/div><\/p>\n<div  class='av-social-sharing-box  avia-builder-el-7  el_after_av_hr  el_before_av_hr  '><div class='av-share-box'><h5 class='av-share-link-description av-no-toc '>Compartir esta noticia<\/h5><ul class='av-share-box-list noLightbox'><li class='av-share-link av-social-link-facebook' ><a target=\"_blank\" aria-label=\"Compartir en Facebook\" href='https:\/\/www.facebook.com\/sharer.php?u=https:\/\/radiorevelacionfm.cl\/?p=8243&#038;t=Ante%20proximidad%20de%20Fiestas%20Patrias%3A%20PDI%20realiza%20un%20llamado%20contra%20el%20abigeato%20de%20animales' aria-hidden='false' data-av_icon='\ue8f3' data-av_iconfont='entypo-fontello' title='' data-avia-related-tooltip='Compartir en Facebook' rel=\"noopener\"><span class='avia_hidden_link_text'>Compartir en Facebook<\/span><\/a><\/li><li class='av-share-link av-social-link-twitter' ><a target=\"_blank\" aria-label=\"Compartir en Twitter\" href='https:\/\/twitter.com\/share?text=Ante%20proximidad%20de%20Fiestas%20Patrias%3A%20PDI%20realiza%20un%20llamado%20contra%20el%20abigeato%20de%20animales&#038;url=https:\/\/radiorevelacionfm.cl\/?p=8243' aria-hidden='false' data-av_icon='\ue8f1' data-av_iconfont='entypo-fontello' title='' data-avia-related-tooltip='Compartir en Twitter' rel=\"noopener\"><span class='avia_hidden_link_text'>Compartir en Twitter<\/span><\/a><\/li><li class='av-share-link av-social-link-whatsapp' ><a target=\"_blank\" aria-label=\"Compartir en Whatsapp\" href='https:\/\/api.whatsapp.com\/send?text=https:\/\/radiorevelacionfm.cl\/?p=8243' aria-hidden='false' data-av_icon='\uf232' data-av_iconfont='entypo-fontello' title='' data-avia-related-tooltip='Compartir en Whatsapp' rel=\"noopener\"><span class='avia_hidden_link_text'>Compartir en Whatsapp<\/span><\/a><\/li><li class='av-share-link av-social-link-linkedin' ><a target=\"_blank\" aria-label=\"Compartir en LinkedIn\" href='https:\/\/linkedin.com\/shareArticle?mini=true&#038;title=Ante%20proximidad%20de%20Fiestas%20Patrias%3A%20PDI%20realiza%20un%20llamado%20contra%20el%20abigeato%20de%20animales&#038;url=https:\/\/radiorevelacionfm.cl\/?p=8243' aria-hidden='false' data-av_icon='\ue8fc' data-av_iconfont='entypo-fontello' title='' data-avia-related-tooltip='Compartir en LinkedIn' rel=\"noopener\"><span class='avia_hidden_link_text'>Compartir en LinkedIn<\/span><\/a><\/li><li class='av-share-link av-social-link-mail' ><a  aria-label=\"Compartir por correo\" href='mailto:?subject=Ante%20proximidad%20de%20Fiestas%20Patrias%3A%20PDI%20realiza%20un%20llamado%20contra%20el%20abigeato%20de%20animales&#038;body=https:\/\/radiorevelacionfm.cl\/?p=8243' aria-hidden='false' data-av_icon='\ue805' data-av_iconfont='entypo-fontello' title='' data-avia-related-tooltip='Compartir por correo'><span class='avia_hidden_link_text'>Compartir por correo<\/span><\/a><\/li><\/ul><\/div><\/div>\n<div  style='height:50px' class='hr hr-invisible   avia-builder-el-8  el_after_av_social_share  el_before_av_comments_list '><span class='hr-inner ' ><span class='hr-inner-style'><\/span><\/span><\/div>\n<div  class='av-buildercomment  av-blog-meta-html-info-disabled av-blog-meta-tag-disabled  '><\/div>\n","protected":false},"excerpt":{"rendered":"","protected":false},"author":1,"featured_media":8244,"comment_status":"open","ping_status":"open","sticky":false,"template":"","format":"standard","meta":{"footnotes":""},"categories":[36],"tags":[],"class_list":["post-8243","post","type-post","status-publish","format-standard","has-post-thumbnail","hentry","category-policial"],"jetpack_featured_media_url":"https:\/\/radiorevelacionfm.cl\/wp-content\/uploads\/2021\/09\/Sustraccion-de-animales-archivo-1-1.jpeg","_links":{"self":[{"href":"https:\/\/radiorevelacionfm.cl\/index.php?rest_route=\/wp\/v2\/posts\/8243","targetHints":{"allow":["GET"]}}],"collection":[{"href":"https:\/\/radiorevelacionfm.cl\/index.php?rest_route=\/wp\/v2\/posts"}],"about":[{"href":"https:\/\/radiorevelacionfm.cl\/index.php?rest_route=\/wp\/v2\/types\/post"}],"author":[{"embeddable":true,"href":"https:\/\/radiorevelacionfm.cl\/index.php?rest_route=\/wp\/v2\/users\/1"}],"replies":[{"embeddable":true,"href":"https:\/\/radiorevelacionfm.cl\/index.php?rest_route=%2Fwp%2Fv2%2Fcomments&post=8243"}],"version-history":[{"count":1,"href":"https:\/\/radiorevelacionfm.cl\/index.php?rest_route=\/wp\/v2\/posts\/8243\/revisions"}],"predecessor-version":[{"id":8245,"href":"https:\/\/radiorevelacionfm.cl\/index.php?rest_route=\/wp\/v2\/posts\/8243\/revisions\/8245"}],"wp:featuredmedia":[{"embeddable":true,"href":"https:\/\/radiorevelacionfm.cl\/index.php?rest_route=\/wp\/v2\/media\/8244"}],"wp:attachment":[{"href":"https:\/\/radiorevelacionfm.cl\/index.php?rest_route=%2Fwp%2Fv2%2Fmedia&parent=8243"}],"wp:term":[{"taxonomy":"category","embeddable":true,"href":"https:\/\/radiorevelacionfm.cl\/index.php?rest_route=%2Fwp%2Fv2%2Fcategories&post=8243"},{"taxonomy":"post_tag","embeddable":true,"href":"https:\/\/radiorevelacionfm.cl\/index.php?rest_route=%2Fwp%2Fv2%2Ftags&post=8243"}],"curies":[{"name":"wp","href":"https:\/\/api.w.org\/{rel}","templated":true}]}}