{"id":8240,"date":"2021-09-02T22:57:28","date_gmt":"2021-09-03T01:57:28","guid":{"rendered":"https:\/\/radiorevelacionfm.cl\/?p=8240"},"modified":"2021-09-02T22:57:28","modified_gmt":"2021-09-03T01:57:28","slug":"nuevos-profesionales-medicos-y-odontologos-arriban-a-la-region-de-aysen","status":"publish","type":"post","link":"https:\/\/radiorevelacionfm.cl\/?p=8240","title":{"rendered":"Nuevos profesionales m\u00e9dicos y odont\u00f3logos arriban a la regi\u00f3n de Ays\u00e9n"},"content":{"rendered":"<div class=\"flex_column av_one_full  flex_column_div av-zero-column-padding first  avia-builder-el-0  el_before_av_one_full  avia-builder-el-first  \" style='border-radius:0px; '><div  class='avia-image-container  av-styling-    avia-builder-el-1  avia-builder-el-no-sibling  avia-align-center '  itemprop=\"image\" itemscope=\"itemscope\" itemtype=\"https:\/\/schema.org\/ImageObject\"  ><div class='avia-image-container-inner'><div class='avia-image-overlay-wrap'><img decoding=\"async\" class='wp-image-8241 avia-img-lazy-loading-not-8241 avia_image' src=\"https:\/\/radiorevelacionfm.cl\/wp-content\/uploads\/2021\/09\/efd1-1_optimized.jpeg\" alt='' title='efd1-(1)_optimized' height=\"600\" width=\"1217\"  itemprop=\"thumbnailUrl\" srcset=\"https:\/\/radiorevelacionfm.cl\/wp-content\/uploads\/2021\/09\/efd1-1_optimized.jpeg 1217w, https:\/\/radiorevelacionfm.cl\/wp-content\/uploads\/2021\/09\/efd1-1_optimized-300x148.jpeg 300w, https:\/\/radiorevelacionfm.cl\/wp-content\/uploads\/2021\/09\/efd1-1_optimized-1030x508.jpeg 1030w, https:\/\/radiorevelacionfm.cl\/wp-content\/uploads\/2021\/09\/efd1-1_optimized-768x379.jpeg 768w, https:\/\/radiorevelacionfm.cl\/wp-content\/uploads\/2021\/09\/efd1-1_optimized-705x348.jpeg 705w, https:\/\/radiorevelacionfm.cl\/wp-content\/uploads\/2021\/09\/efd1-1_optimized-600x296.jpeg 600w\" sizes=\"(max-width: 1217px) 100vw, 1217px\" \/><\/div><\/div><\/div><\/div><div class=\"flex_column av_one_full  flex_column_div av-zero-column-padding first  avia-builder-el-2  el_after_av_one_full  el_before_av_one_full  column-top-margin\" style='border-radius:0px; '><section class=\"av_textblock_section \"  itemscope=\"itemscope\" itemtype=\"https:\/\/schema.org\/BlogPosting\" itemprop=\"blogPost\" ><div class='avia_textblock  '   itemprop=\"text\" ><p style=\"text-align: center;\"><strong><span style=\"font-size: 18pt;\">Nuevos profesionales m\u00e9dicos y odont\u00f3logos arriban a la regi\u00f3n de Ays\u00e9n <\/span><\/strong><\/p>\n<div id=\"gtx-trans\" style=\"position: absolute; left: -50px; top: 4.31534px;\">\n<div class=\"gtx-trans-icon\"><\/div>\n<\/div>\n<\/div><\/section><\/div><div class=\"flex_column av_one_full  flex_column_div av-zero-column-padding first  avia-builder-el-4  el_after_av_one_full  el_before_av_hr  column-top-margin\" style='border-radius:0px; '><section class=\"av_textblock_section \"  itemscope=\"itemscope\" itemtype=\"https:\/\/schema.org\/BlogPosting\" itemprop=\"blogPost\" ><div class='avia_textblock  '   itemprop=\"text\" ><p style=\"text-align: justify;\">En el Museo Regional, y mientras participaban de una inducci\u00f3n brindada por el Servicio de Salud Ays\u00e9n, se realiz\u00f3 la presentaci\u00f3n formal a la comunidad de los 2 odont\u00f3logos y 14 m\u00e9dicos, que tras participar del \u201cConcurso Nacional de Ingreso al Sistema de Salud\u201d arribaron a la zona, para desempe\u00f1arse en los CESFAM, Postas de Salud Rural u Hospitales Comunitarios de la red, en lo que se denomina \u201cEtapa de Destinaci\u00f3n y Formaci\u00f3n\u201d, instancia en que el profesional titulado, se desempe\u00f1a en el nivel primario de atenci\u00f3n, por un lapso no inferior a tres y como m\u00e1ximo 6 a\u00f1os, seg\u00fan lo establecido en el Art\u00edculo 8 de la Ley 19.664.<\/p>\n<p style=\"text-align: justify;\">La m\u00e9dico cirujana de la Regi\u00f3n Metropolitana, Pamela Pizarro, destinada a la zona norte de Ays\u00e9n, se\u00f1al\u00f3: \u201cAhora me dirijo al CESFAM de La Junta, me siento muy feliz de estar aqu\u00ed en la Regi\u00f3n, he conocido un poquito ahora, reci\u00e9n llegada a Coyhaique, y lo encontr\u00e9 hermoso, la gente es muy amable, as\u00ed es que espero poder ser un aporte a la comunidad\u201d, indic\u00f3 la profesional, titulada en la Universidad de Chile.<\/p>\n<p style=\"text-align: justify;\">En tanto Sebasti\u00e1n Geissbuhler, oriundo de Puerto Varas y titulado en la Universidad San Sebasti\u00e1n, se manifest\u00f3, \u201cMuy contento de iniciar este proceso de Destinaci\u00f3n y Formaci\u00f3n, con muchas ganas y esperanzas de venir a aportar sobre todo a la posta de Melinka y a la Regi\u00f3n de Ays\u00e9n; muy agradecido igual por el recibimiento que nos han dado el d\u00eda de hoy\u201d, enfatiz\u00f3.<\/p>\n<p style=\"text-align: justify;\"><strong>Reacci\u00f3n de autoridades<\/strong><\/p>\n<p style=\"text-align: justify;\">\u201cPara nosotros como Servicio de Salud, es una gran alegr\u00eda contar con estos nuevos 16 profesionales que se suman a esta amplia Red Asistencial. El Generalato de zona como se llamaba antes, lleva 66 a\u00f1os en nuestro pa\u00eds y es una de las estrategias de salud p\u00fablica m\u00e1s importante de la historia de la salud; hoy en d\u00eda, esto se denomina EDF, y nosotros sabemos que va a tener un gran impacto en la salud que brindamos en toda la Regi\u00f3n. Estamos muy contentos, este es un proceso que hoy d\u00eda se inicia, les deseamos el mayor de los \u00e9xitos a estos nuevos profesionales y nosotros estamos para acompa\u00f1arlos y orientarles junto a nuestro gran equipo que tenemos\u201d.<\/p>\n<p style=\"text-align: justify;\">\u201cEstamos muy contentos de participar en esta actividad de bienvenida a 16 profesionales de la salud, 14 m\u00e9dicos y 2 odont\u00f3logos, en Etapa de Destinaci\u00f3n y Formaci\u00f3n, que sin duda es un aporte para nuestra Regi\u00f3n, dado que principalmente la distribuci\u00f3n que se realiza es en aquellos lugares m\u00e1s apartados y donde nuestra red de salud requiere ser fortalecida, sobre todo en tiempos de pandemia, y que desde el a\u00f1o 55 se viene ejecutando, dotando de profesionales del \u00e1rea de la salud a aquellas localidades que son m\u00e1s vulnerables y que tienen mayores necesidades\u201d, se\u00f1al\u00f3 la Gobernadora Regional Andrea Mac\u00edas.<\/p>\n<p style=\"text-align: justify;\">Finalmente, la Delegada Presidencial, Margarita Ossa, coment\u00f3 que ,\u201cA\u00fan falta la llegada de algunos m\u00e9dicos, luego se ir\u00e1n desplazando por la regi\u00f3n hasta sus lugares de destino, y la meta inicial, es poder empaparse conocer y darse el tiempo de conversar con cada uno de los vecinos, que es el primer gran desaf\u00edo que tiene cualquier persona que llega a nuestra Regi\u00f3n, por tanto ellos est\u00e1n con esa apertura y claridad y por supuesto que van a ser recibidos con los brazos abiertos en cada una de las localidades, por lo que queremos reiterarles nuestro agradecimiento. Esperamos que ellos se puedan adaptar con facilidad, que tengan el mejor contacto con todos nuestros vecinos de las localidades\u201d, concluy\u00f3.<\/p>\n<p style=\"text-align: justify;\"><strong>Antecedentes y establecimientos beneficiados<\/strong><\/p>\n<p style=\"text-align: justify;\">Destacamos finalmente que con la incorporaci\u00f3n de los profesionales el a\u00f1o 2021, ser\u00e1n un total 62 M\u00e9dicos y 8 Odont\u00f3logos EDF, en etapa de destinaci\u00f3n, en los Establecimientos de la Red del Servicio de Salud Ays\u00e9n. El per\u00edodo de destinaci\u00f3n durar\u00e1 entre 3 y 6 a\u00f1os, desempe\u00f1\u00e1ndose el m\u00e9dico en Establecimientos de Atenci\u00f3n Primaria de Salud u Hospitales de baja complejidad, otorgando atenciones de APS, de urgencias y hospitalizaci\u00f3n, seg\u00fan corresponda. Luego de este per\u00edodo podr\u00e1 postular a una especializaci\u00f3n mediante un concurso similar al de ingreso.<\/p>\n<p style=\"text-align: justify;\">Los establecimientos beneficiados ser\u00e1n:<\/p>\n<p style=\"text-align: justify;\">Consultorio Dr. Alejandro Guti\u00e9rrez, CESFAM de Puerto Ays\u00e9n, Hospital Dr. Leopoldo Ortega de Chile Chico, Hospital Dr. Jorge Ibar de Puerto Cisnes, Hospital Lord Cochrane, CESFAM La Junta, Posta Melinka, Posta Amengual, Posta Tranquilo.<\/p>\n<\/div><\/section><\/div><div  style='height:50px' class='hr hr-invisible   avia-builder-el-6  el_after_av_one_full  el_before_av_social_share '><span class='hr-inner ' ><span class='hr-inner-style'><\/span><\/span><\/div><\/p>\n<div  class='av-social-sharing-box  avia-builder-el-7  el_after_av_hr  el_before_av_hr  '><div class='av-share-box'><h5 class='av-share-link-description av-no-toc '>Compartir esta noticia<\/h5><ul class='av-share-box-list noLightbox'><li class='av-share-link av-social-link-facebook' ><a target=\"_blank\" aria-label=\"Compartir en Facebook\" href='https:\/\/www.facebook.com\/sharer.php?u=https:\/\/radiorevelacionfm.cl\/?p=8240&#038;t=Nuevos%20profesionales%20m%C3%A9dicos%20y%20odont%C3%B3logos%20arriban%20a%20la%20regi%C3%B3n%20de%20Ays%C3%A9n' aria-hidden='false' data-av_icon='\ue8f3' data-av_iconfont='entypo-fontello' title='' data-avia-related-tooltip='Compartir en Facebook' rel=\"noopener\"><span class='avia_hidden_link_text'>Compartir en Facebook<\/span><\/a><\/li><li class='av-share-link av-social-link-twitter' ><a target=\"_blank\" aria-label=\"Compartir en Twitter\" href='https:\/\/twitter.com\/share?text=Nuevos%20profesionales%20m%C3%A9dicos%20y%20odont%C3%B3logos%20arriban%20a%20la%20regi%C3%B3n%20de%20Ays%C3%A9n&#038;url=https:\/\/radiorevelacionfm.cl\/?p=8240' aria-hidden='false' data-av_icon='\ue8f1' data-av_iconfont='entypo-fontello' title='' data-avia-related-tooltip='Compartir en Twitter' rel=\"noopener\"><span class='avia_hidden_link_text'>Compartir en Twitter<\/span><\/a><\/li><li class='av-share-link av-social-link-whatsapp' ><a target=\"_blank\" aria-label=\"Compartir en Whatsapp\" href='https:\/\/api.whatsapp.com\/send?text=https:\/\/radiorevelacionfm.cl\/?p=8240' aria-hidden='false' data-av_icon='\uf232' data-av_iconfont='entypo-fontello' title='' data-avia-related-tooltip='Compartir en Whatsapp' rel=\"noopener\"><span class='avia_hidden_link_text'>Compartir en Whatsapp<\/span><\/a><\/li><li class='av-share-link av-social-link-linkedin' ><a target=\"_blank\" aria-label=\"Compartir en LinkedIn\" href='https:\/\/linkedin.com\/shareArticle?mini=true&#038;title=Nuevos%20profesionales%20m%C3%A9dicos%20y%20odont%C3%B3logos%20arriban%20a%20la%20regi%C3%B3n%20de%20Ays%C3%A9n&#038;url=https:\/\/radiorevelacionfm.cl\/?p=8240' aria-hidden='false' data-av_icon='\ue8fc' data-av_iconfont='entypo-fontello' title='' data-avia-related-tooltip='Compartir en LinkedIn' rel=\"noopener\"><span class='avia_hidden_link_text'>Compartir en LinkedIn<\/span><\/a><\/li><li class='av-share-link av-social-link-mail' ><a  aria-label=\"Compartir por correo\" href='mailto:?subject=Nuevos%20profesionales%20m%C3%A9dicos%20y%20odont%C3%B3logos%20arriban%20a%20la%20regi%C3%B3n%20de%20Ays%C3%A9n&#038;body=https:\/\/radiorevelacionfm.cl\/?p=8240' aria-hidden='false' data-av_icon='\ue805' data-av_iconfont='entypo-fontello' title='' data-avia-related-tooltip='Compartir por correo'><span class='avia_hidden_link_text'>Compartir por correo<\/span><\/a><\/li><\/ul><\/div><\/div>\n<div  style='height:50px' class='hr hr-invisible   avia-builder-el-8  el_after_av_social_share  el_before_av_comments_list '><span class='hr-inner ' ><span class='hr-inner-style'><\/span><\/span><\/div>\n<div  class='av-buildercomment  av-blog-meta-html-info-disabled av-blog-meta-tag-disabled  '><\/div>\n","protected":false},"excerpt":{"rendered":"","protected":false},"author":1,"featured_media":8241,"comment_status":"open","ping_status":"open","sticky":false,"template":"","format":"standard","meta":{"footnotes":""},"categories":[46],"tags":[],"class_list":["post-8240","post","type-post","status-publish","format-standard","has-post-thumbnail","hentry","category-salud"],"jetpack_featured_media_url":"https:\/\/radiorevelacionfm.cl\/wp-content\/uploads\/2021\/09\/efd1-1_optimized.jpeg","_links":{"self":[{"href":"https:\/\/radiorevelacionfm.cl\/index.php?rest_route=\/wp\/v2\/posts\/8240","targetHints":{"allow":["GET"]}}],"collection":[{"href":"https:\/\/radiorevelacionfm.cl\/index.php?rest_route=\/wp\/v2\/posts"}],"about":[{"href":"https:\/\/radiorevelacionfm.cl\/index.php?rest_route=\/wp\/v2\/types\/post"}],"author":[{"embeddable":true,"href":"https:\/\/radiorevelacionfm.cl\/index.php?rest_route=\/wp\/v2\/users\/1"}],"replies":[{"embeddable":true,"href":"https:\/\/radiorevelacionfm.cl\/index.php?rest_route=%2Fwp%2Fv2%2Fcomments&post=8240"}],"version-history":[{"count":1,"href":"https:\/\/radiorevelacionfm.cl\/index.php?rest_route=\/wp\/v2\/posts\/8240\/revisions"}],"predecessor-version":[{"id":8242,"href":"https:\/\/radiorevelacionfm.cl\/index.php?rest_route=\/wp\/v2\/posts\/8240\/revisions\/8242"}],"wp:featuredmedia":[{"embeddable":true,"href":"https:\/\/radiorevelacionfm.cl\/index.php?rest_route=\/wp\/v2\/media\/8241"}],"wp:attachment":[{"href":"https:\/\/radiorevelacionfm.cl\/index.php?rest_route=%2Fwp%2Fv2%2Fmedia&parent=8240"}],"wp:term":[{"taxonomy":"category","embeddable":true,"href":"https:\/\/radiorevelacionfm.cl\/index.php?rest_route=%2Fwp%2Fv2%2Fcategories&post=8240"},{"taxonomy":"post_tag","embeddable":true,"href":"https:\/\/radiorevelacionfm.cl\/index.php?rest_route=%2Fwp%2Fv2%2Ftags&post=8240"}],"curies":[{"name":"wp","href":"https:\/\/api.w.org\/{rel}","templated":true}]}}