{"id":8233,"date":"2021-09-03T11:13:36","date_gmt":"2021-09-03T14:13:36","guid":{"rendered":"https:\/\/radiorevelacionfm.cl\/?p=8233"},"modified":"2021-09-03T11:13:36","modified_gmt":"2021-09-03T14:13:36","slug":"ministerio-de-educacion-lanza-plataforma-mas-informacion-mejor-educacion-mime","status":"publish","type":"post","link":"https:\/\/radiorevelacionfm.cl\/?p=8233","title":{"rendered":"Ministerio de Educaci\u00f3n lanza plataforma M\u00e1s informaci\u00f3n, mejor educaci\u00f3n (MIME)"},"content":{"rendered":"<div class=\"flex_column av_one_full  flex_column_div av-zero-column-padding first  avia-builder-el-0  el_before_av_one_full  avia-builder-el-first  \" style='border-radius:0px; '><div  class='avia-image-container  av-styling-    avia-builder-el-1  avia-builder-el-no-sibling  avia-align-center '  itemprop=\"image\" itemscope=\"itemscope\" itemtype=\"https:\/\/schema.org\/ImageObject\"  ><div class='avia-image-container-inner'><div class='avia-image-overlay-wrap'><img decoding=\"async\" class='wp-image-8235 avia-img-lazy-loading-not-8235 avia_image' src=\"https:\/\/radiorevelacionfm.cl\/wp-content\/uploads\/2021\/09\/MIME2-1-1.jpeg\" alt='' title='MIME2 (1) (1)' height=\"600\" width=\"945\"  itemprop=\"thumbnailUrl\" srcset=\"https:\/\/radiorevelacionfm.cl\/wp-content\/uploads\/2021\/09\/MIME2-1-1.jpeg 945w, https:\/\/radiorevelacionfm.cl\/wp-content\/uploads\/2021\/09\/MIME2-1-1-300x190.jpeg 300w, https:\/\/radiorevelacionfm.cl\/wp-content\/uploads\/2021\/09\/MIME2-1-1-768x488.jpeg 768w, https:\/\/radiorevelacionfm.cl\/wp-content\/uploads\/2021\/09\/MIME2-1-1-705x448.jpeg 705w, https:\/\/radiorevelacionfm.cl\/wp-content\/uploads\/2021\/09\/MIME2-1-1-600x381.jpeg 600w\" sizes=\"(max-width: 945px) 100vw, 945px\" \/><\/div><\/div><\/div><\/div><div class=\"flex_column av_one_full  flex_column_div av-zero-column-padding first  avia-builder-el-2  el_after_av_one_full  el_before_av_one_full  column-top-margin\" style='border-radius:0px; '><section class=\"av_textblock_section \"  itemscope=\"itemscope\" itemtype=\"https:\/\/schema.org\/BlogPosting\" itemprop=\"blogPost\" ><div class='avia_textblock  '   itemprop=\"text\" ><p style=\"text-align: center;\"><span style=\"font-size: 18pt;\"><b>Ministerio de Educaci\u00f3n lanza plataforma M\u00e1s informaci\u00f3n, mejor educaci\u00f3n (MIME)<\/b><\/span><\/p>\n<div id=\"gtx-trans\" style=\"position: absolute; left: -50px; top: 4.31534px;\">\n<div class=\"gtx-trans-icon\"><\/div>\n<\/div>\n<\/div><\/section><\/div><div class=\"flex_column av_one_full  flex_column_div av-zero-column-padding first  avia-builder-el-4  el_after_av_one_full  el_before_av_hr  column-top-margin\" style='border-radius:0px; '><section class=\"av_textblock_section \"  itemscope=\"itemscope\" itemtype=\"https:\/\/schema.org\/BlogPosting\" itemprop=\"blogPost\" ><div class='avia_textblock  '   itemprop=\"text\" ><p class=\"v1MsoNormal\" style=\"text-align: justify;\">A partir de esta semana, los padres y apoderados a trav\u00e9s de la p\u00e1gina web\u00a0<a href=\"http:\/\/www.mime.mineduc.cl\/\" target=\"_blank\" rel=\"noopener noreferrer\">www.mime.mineduc.cl<\/a> podr\u00e1n informarse sobre todos los establecimientos educacionales a nivel nacional, de manera de entregar informaci\u00f3n clara, comprensible y \u00fatil que les permita poder tomar la mejor decisi\u00f3n a la hora de buscar un establecimiento educacional.<\/p>\n<p class=\"v1MsoNormal\" style=\"text-align: justify;\">M\u00e1s Informaci\u00f3n Mejor Educaci\u00f3n\u00bb (MIME) tendr\u00e1 informaci\u00f3n clave como el proyecto educativo, categor\u00eda de desempe\u00f1o, cercan\u00eda de la ubicaci\u00f3n de la familia, actividades extra program\u00e1ticas, informaci\u00f3n de infraestructura y mucho m\u00e1s. Esta informaci\u00f3n estar\u00e1 disponible para m\u00e1s de <b>15.000<\/b>\u00a0establecimientos ya sea p\u00fablicos, municipales, particulares subvencionados, particulares pagados, jardines infantiles entre otros.<\/p>\n<p class=\"v1MsoNormal\" style=\"text-align: justify;\">El principal objetivo de esta plataforma de MIME es que las familias est\u00e9n lo mejor informadas a la hora de tomar una buena decisi\u00f3n al momento de buscar un establecimiento educacional.<\/p>\n<p class=\"v1MsoNormal\" style=\"text-align: justify;\">Adicionalmente MIME tendr\u00e1 algunos establecimientos con im\u00e1genes grabadas a trav\u00e9s de drones y visitas 3D al interior del establecimiento de manera que no sea necesario visitarlo presencialmente a la hora de buscar colegios.<\/p>\n<p class=\"v1MsoNormal\" style=\"text-align: justify;\">\u00abCon esto queremos que las familias puedan contar con una herramienta que les permita conocer sobre los proyectos educativos que est\u00e1n cerca de los lugares donde viven para que puedan postular con mayor informaci\u00f3n respecto a la educaci\u00f3n de sus hijos\u00bb,\u00a0dijo el Ministro Ra\u00fal Figueroa.<\/p>\n<p class=\"v1MsoNormal\" style=\"text-align: justify;\">Por su parte, el Seremi de Educaci\u00f3n de Ays\u00e9n \u00a0Sergio Becerra Mera record\u00f3 que la evidencia ha demostrado que apoderados mejor informados e involucrados con la educaci\u00f3n de sus hijos tienen un impacto positivo sobre la trayectoria de los ni\u00f1os y ni\u00f1as.<\/p>\n<p class=\"v1MsoNormal\" style=\"text-align: justify;\">\u00abEsto significa que los apoderados utilizan y aprovechan la informaci\u00f3n que tienen a su disposici\u00f3n, lo que los lleva a elegir mejores establecimientos para sus hijos, gener\u00e1ndoles as\u00ed un beneficio a largo plazo sobre su desarrollo\u00bb, coment\u00f3 Sergio Becerra.<\/p>\n<p class=\"v1MsoNormal\" style=\"text-align: justify;\">Para acceder debe ingresar a\u00a0<a href=\"http:\/\/www.mime.mineduc.cl\/\" target=\"_blank\" rel=\"noopener noreferrer\">www.mime.mineduc.cl<\/a>, podr\u00e1 navegar y encontrar informaci\u00f3n muy relevante a la hora de tomar una decisi\u00f3n, de manera que m\u00e1s informaci\u00f3n se transforme en mejor educaci\u00f3n.<\/p>\n<\/div><\/section><\/div><div  style='height:50px' class='hr hr-invisible   avia-builder-el-6  el_after_av_one_full  el_before_av_social_share '><span class='hr-inner ' ><span class='hr-inner-style'><\/span><\/span><\/div><\/p>\n<div  class='av-social-sharing-box  avia-builder-el-7  el_after_av_hr  el_before_av_hr  '><div class='av-share-box'><h5 class='av-share-link-description av-no-toc '>Compartir esta noticia<\/h5><ul class='av-share-box-list noLightbox'><li class='av-share-link av-social-link-facebook' ><a target=\"_blank\" aria-label=\"Compartir en Facebook\" href='https:\/\/www.facebook.com\/sharer.php?u=https:\/\/radiorevelacionfm.cl\/?p=8233&#038;t=Ministerio%20de%20Educaci%C3%B3n%20lanza%20plataforma%20M%C3%A1s%20informaci%C3%B3n%2C%20mejor%20educaci%C3%B3n%20%28MIME%29' aria-hidden='false' data-av_icon='\ue8f3' data-av_iconfont='entypo-fontello' title='' data-avia-related-tooltip='Compartir en Facebook' rel=\"noopener\"><span class='avia_hidden_link_text'>Compartir en Facebook<\/span><\/a><\/li><li class='av-share-link av-social-link-twitter' ><a target=\"_blank\" aria-label=\"Compartir en Twitter\" href='https:\/\/twitter.com\/share?text=Ministerio%20de%20Educaci%C3%B3n%20lanza%20plataforma%20M%C3%A1s%20informaci%C3%B3n%2C%20mejor%20educaci%C3%B3n%20%28MIME%29&#038;url=https:\/\/radiorevelacionfm.cl\/?p=8233' aria-hidden='false' data-av_icon='\ue8f1' data-av_iconfont='entypo-fontello' title='' data-avia-related-tooltip='Compartir en Twitter' rel=\"noopener\"><span class='avia_hidden_link_text'>Compartir en Twitter<\/span><\/a><\/li><li class='av-share-link av-social-link-whatsapp' ><a target=\"_blank\" aria-label=\"Compartir en Whatsapp\" href='https:\/\/api.whatsapp.com\/send?text=https:\/\/radiorevelacionfm.cl\/?p=8233' aria-hidden='false' data-av_icon='\uf232' data-av_iconfont='entypo-fontello' title='' data-avia-related-tooltip='Compartir en Whatsapp' rel=\"noopener\"><span class='avia_hidden_link_text'>Compartir en Whatsapp<\/span><\/a><\/li><li class='av-share-link av-social-link-linkedin' ><a target=\"_blank\" aria-label=\"Compartir en LinkedIn\" href='https:\/\/linkedin.com\/shareArticle?mini=true&#038;title=Ministerio%20de%20Educaci%C3%B3n%20lanza%20plataforma%20M%C3%A1s%20informaci%C3%B3n%2C%20mejor%20educaci%C3%B3n%20%28MIME%29&#038;url=https:\/\/radiorevelacionfm.cl\/?p=8233' aria-hidden='false' data-av_icon='\ue8fc' data-av_iconfont='entypo-fontello' title='' data-avia-related-tooltip='Compartir en LinkedIn' rel=\"noopener\"><span class='avia_hidden_link_text'>Compartir en LinkedIn<\/span><\/a><\/li><li class='av-share-link av-social-link-mail' ><a  aria-label=\"Compartir por correo\" href='mailto:?subject=Ministerio%20de%20Educaci%C3%B3n%20lanza%20plataforma%20M%C3%A1s%20informaci%C3%B3n%2C%20mejor%20educaci%C3%B3n%20%28MIME%29&#038;body=https:\/\/radiorevelacionfm.cl\/?p=8233' aria-hidden='false' data-av_icon='\ue805' data-av_iconfont='entypo-fontello' title='' data-avia-related-tooltip='Compartir por correo'><span class='avia_hidden_link_text'>Compartir por correo<\/span><\/a><\/li><\/ul><\/div><\/div>\n<div  style='height:50px' class='hr hr-invisible   avia-builder-el-8  el_after_av_social_share  el_before_av_comments_list '><span class='hr-inner ' ><span class='hr-inner-style'><\/span><\/span><\/div>\n<div  class='av-buildercomment  av-blog-meta-html-info-disabled av-blog-meta-tag-disabled  '><\/div>\n<div  style='height:50px' class='hr hr-invisible   avia-builder-el-10  el_after_av_comments_list  avia-builder-el-last '><span class='hr-inner ' ><span class='hr-inner-style'><\/span><\/span><\/div>\n","protected":false},"excerpt":{"rendered":"","protected":false},"author":1,"featured_media":8235,"comment_status":"open","ping_status":"open","sticky":false,"template":"","format":"standard","meta":{"footnotes":""},"categories":[49],"tags":[],"class_list":["post-8233","post","type-post","status-publish","format-standard","has-post-thumbnail","hentry","category-educacion"],"jetpack_featured_media_url":"https:\/\/radiorevelacionfm.cl\/wp-content\/uploads\/2021\/09\/MIME2-1-1.jpeg","_links":{"self":[{"href":"https:\/\/radiorevelacionfm.cl\/index.php?rest_route=\/wp\/v2\/posts\/8233","targetHints":{"allow":["GET"]}}],"collection":[{"href":"https:\/\/radiorevelacionfm.cl\/index.php?rest_route=\/wp\/v2\/posts"}],"about":[{"href":"https:\/\/radiorevelacionfm.cl\/index.php?rest_route=\/wp\/v2\/types\/post"}],"author":[{"embeddable":true,"href":"https:\/\/radiorevelacionfm.cl\/index.php?rest_route=\/wp\/v2\/users\/1"}],"replies":[{"embeddable":true,"href":"https:\/\/radiorevelacionfm.cl\/index.php?rest_route=%2Fwp%2Fv2%2Fcomments&post=8233"}],"version-history":[{"count":1,"href":"https:\/\/radiorevelacionfm.cl\/index.php?rest_route=\/wp\/v2\/posts\/8233\/revisions"}],"predecessor-version":[{"id":8236,"href":"https:\/\/radiorevelacionfm.cl\/index.php?rest_route=\/wp\/v2\/posts\/8233\/revisions\/8236"}],"wp:featuredmedia":[{"embeddable":true,"href":"https:\/\/radiorevelacionfm.cl\/index.php?rest_route=\/wp\/v2\/media\/8235"}],"wp:attachment":[{"href":"https:\/\/radiorevelacionfm.cl\/index.php?rest_route=%2Fwp%2Fv2%2Fmedia&parent=8233"}],"wp:term":[{"taxonomy":"category","embeddable":true,"href":"https:\/\/radiorevelacionfm.cl\/index.php?rest_route=%2Fwp%2Fv2%2Fcategories&post=8233"},{"taxonomy":"post_tag","embeddable":true,"href":"https:\/\/radiorevelacionfm.cl\/index.php?rest_route=%2Fwp%2Fv2%2Ftags&post=8233"}],"curies":[{"name":"wp","href":"https:\/\/api.w.org\/{rel}","templated":true}]}}