{"id":8227,"date":"2021-09-02T18:35:48","date_gmt":"2021-09-02T21:35:48","guid":{"rendered":"https:\/\/radiorevelacionfm.cl\/?p=8227"},"modified":"2021-09-02T18:53:21","modified_gmt":"2021-09-02T21:53:21","slug":"estadio-atletico-de-coyhaique-cuenta-con-nuevo-photofinish-y-marcador-electronico","status":"publish","type":"post","link":"https:\/\/radiorevelacionfm.cl\/?p=8227","title":{"rendered":"Estadio Atl\u00e9tico de Coyhaique cuenta con nuevo photofinish y marcador electr\u00f3nico"},"content":{"rendered":"<div class=\"flex_column av_one_full  flex_column_div av-zero-column-padding first  avia-builder-el-0  el_before_av_one_full  avia-builder-el-first  \" style='border-radius:0px; '><div  class='avia-image-container  av-styling-    avia-builder-el-1  avia-builder-el-no-sibling  avia-align-center '  itemprop=\"image\" itemscope=\"itemscope\" itemtype=\"https:\/\/schema.org\/ImageObject\"  ><div class='avia-image-container-inner'><div class='avia-image-overlay-wrap'><img decoding=\"async\" class='wp-image-8228 avia-img-lazy-loading-not-8228 avia_image' src=\"https:\/\/radiorevelacionfm.cl\/wp-content\/uploads\/2021\/09\/Estadio-1-1.jpg\" alt='' title='Estadio (1) (1)' height=\"600\" width=\"539\"  itemprop=\"thumbnailUrl\" srcset=\"https:\/\/radiorevelacionfm.cl\/wp-content\/uploads\/2021\/09\/Estadio-1-1.jpg 539w, https:\/\/radiorevelacionfm.cl\/wp-content\/uploads\/2021\/09\/Estadio-1-1-270x300.jpg 270w\" sizes=\"(max-width: 539px) 100vw, 539px\" \/><\/div><\/div><\/div><\/div><div class=\"flex_column av_one_full  flex_column_div av-zero-column-padding first  avia-builder-el-2  el_after_av_one_full  el_before_av_one_full  column-top-margin\" style='border-radius:0px; '><section class=\"av_textblock_section \"  itemscope=\"itemscope\" itemtype=\"https:\/\/schema.org\/BlogPosting\" itemprop=\"blogPost\" ><div class='avia_textblock  '   itemprop=\"text\" ><p style=\"text-align: center;\"><span style=\"font-size: 18pt;\"><strong>Estadio Atl\u00e9tico de Coyhaique cuenta con nuevo photofinish y marcador electr\u00f3nico<\/strong><\/span><\/p>\n<div id=\"gtx-trans\" style=\"position: absolute; left: -50px; top: 4.31534px;\">\n<div class=\"gtx-trans-icon\"><\/div>\n<\/div>\n<\/div><\/section><\/div><div class=\"flex_column av_one_full  flex_column_div av-zero-column-padding first  avia-builder-el-4  el_after_av_one_full  el_before_av_hr  column-top-margin\" style='border-radius:0px; '><section class=\"av_textblock_section \"  itemscope=\"itemscope\" itemtype=\"https:\/\/schema.org\/BlogPosting\" itemprop=\"blogPost\" ><div class='avia_textblock  '   itemprop=\"text\" ><div>\n<p class=\"v1MsoNormal\" style=\"text-align: justify;\">La adquisici\u00f3n del nuevo equipamiento forma parte del proyecto \u00abReposici\u00f3n Estadio Atl\u00e9tico de Coyhaique\u00bb, que permitir\u00e1 dotar al principal recinto deportivo de la regi\u00f3n de implementaci\u00f3n e infraestructura de calidad para el desarrollo de las diversas pruebas del atletismo.<\/p>\n<p class=\"v1MsoNormal\" style=\"text-align: justify;\">Para el Seremi del Deporte, Rodrigo Cubilla Retamal,\u00a0\u00a0este proyecto\u00a0\u00a0\u00abbusca complementar las iniciativas que ya se han desarrollado como la cancha de f\u00fatbol sint\u00e9tica, el estadio atl\u00e9tico con su pista, el foso de salto largo y triple, entre otros y transformarse en un parque deportivo integral, por lo que agradecemos al Gobierno Regional como unidad financiera por esta inversi\u00f3n que supera los 41 millones de pesos y al IND regional quienes formularon este proyecto para la adquisici\u00f3n de los nuevos equipos que permitir\u00e1n el desarrollo de esta disciplina y ser sede de campeonatos y torneos nacionales e internacionales\u00bb.<\/p>\n<p class=\"v1MsoNormal\" style=\"text-align: justify;\">Por su parte el Director Regional del IND, Jos\u00e9 Manuel Sep\u00falveda destac\u00f3 \u00abeste es un equipo de elite nivel 3, de excelente calidad y entre sus componentes cuenta adem\u00e1s con tablero indicador de marca y un anem\u00f3metro para medir el viento, equipamiento que forma parte de un proyecto de mejoramiento continuo de nuestro estadio atl\u00e9tico, potenciando el desarrollo de la disciplina a nivel formativo y competitivo y posibilitando adem\u00e1s que nuestros nuestros funcionarios se capaciten en tecnolog\u00edas aplicadas al deporte con lo que ya no ser\u00e1 necesario traer operadores desde otras regiones, por lo que estamos muy contentos de recibir este nuevo equipo\u00bb.<\/p>\n<p class=\"v1MsoNormal\" style=\"text-align: justify;\"><b>Capacitaci\u00f3n Operaci\u00f3n de Photofinish<\/b><\/p>\n<p class=\"v1MsoNormal\" style=\"text-align: justify;\">Junto con la llegada del nuevo equipamiento deportivo, profesionales y funcionarios del IND regional fueron capacitados en el \u00abCurso de Operadores FinishLynx.\u00bb, dictado por el operador Lynx Guido Ovando, adquiriendo conocimientos en el \u00e1mbito digital y de funcionamiento, relacionados con la marca del equipo.<\/p>\n<\/div>\n<div style=\"text-align: justify;\"><\/div>\n<\/div><\/section><\/div><div  style='height:50px' class='hr hr-invisible   avia-builder-el-6  el_after_av_one_full  el_before_av_social_share '><span class='hr-inner ' ><span class='hr-inner-style'><\/span><\/span><\/div><\/p>\n<div  class='av-social-sharing-box  avia-builder-el-7  el_after_av_hr  el_before_av_hr  '><div class='av-share-box'><h5 class='av-share-link-description av-no-toc '>Compartir esta noticia<\/h5><ul class='av-share-box-list noLightbox'><li class='av-share-link av-social-link-facebook' ><a target=\"_blank\" aria-label=\"Compartir en Facebook\" href='https:\/\/www.facebook.com\/sharer.php?u=https:\/\/radiorevelacionfm.cl\/?p=8227&#038;t=Estadio%20Atl%C3%A9tico%20de%20Coyhaique%20cuenta%20con%20nuevo%20photofinish%20y%20marcador%20electr%C3%B3nico' aria-hidden='false' data-av_icon='\ue8f3' data-av_iconfont='entypo-fontello' title='' data-avia-related-tooltip='Compartir en Facebook' rel=\"noopener\"><span class='avia_hidden_link_text'>Compartir en Facebook<\/span><\/a><\/li><li class='av-share-link av-social-link-twitter' ><a target=\"_blank\" aria-label=\"Compartir en Twitter\" href='https:\/\/twitter.com\/share?text=Estadio%20Atl%C3%A9tico%20de%20Coyhaique%20cuenta%20con%20nuevo%20photofinish%20y%20marcador%20electr%C3%B3nico&#038;url=https:\/\/radiorevelacionfm.cl\/?p=8227' aria-hidden='false' data-av_icon='\ue8f1' data-av_iconfont='entypo-fontello' title='' data-avia-related-tooltip='Compartir en Twitter' rel=\"noopener\"><span class='avia_hidden_link_text'>Compartir en Twitter<\/span><\/a><\/li><li class='av-share-link av-social-link-whatsapp' ><a target=\"_blank\" aria-label=\"Compartir en Whatsapp\" href='https:\/\/api.whatsapp.com\/send?text=https:\/\/radiorevelacionfm.cl\/?p=8227' aria-hidden='false' data-av_icon='\uf232' data-av_iconfont='entypo-fontello' title='' data-avia-related-tooltip='Compartir en Whatsapp' rel=\"noopener\"><span class='avia_hidden_link_text'>Compartir en Whatsapp<\/span><\/a><\/li><li class='av-share-link av-social-link-linkedin' ><a target=\"_blank\" aria-label=\"Compartir en LinkedIn\" href='https:\/\/linkedin.com\/shareArticle?mini=true&#038;title=Estadio%20Atl%C3%A9tico%20de%20Coyhaique%20cuenta%20con%20nuevo%20photofinish%20y%20marcador%20electr%C3%B3nico&#038;url=https:\/\/radiorevelacionfm.cl\/?p=8227' aria-hidden='false' data-av_icon='\ue8fc' data-av_iconfont='entypo-fontello' title='' data-avia-related-tooltip='Compartir en LinkedIn' rel=\"noopener\"><span class='avia_hidden_link_text'>Compartir en LinkedIn<\/span><\/a><\/li><li class='av-share-link av-social-link-mail' ><a  aria-label=\"Compartir por correo\" href='mailto:?subject=Estadio%20Atl%C3%A9tico%20de%20Coyhaique%20cuenta%20con%20nuevo%20photofinish%20y%20marcador%20electr%C3%B3nico&#038;body=https:\/\/radiorevelacionfm.cl\/?p=8227' aria-hidden='false' data-av_icon='\ue805' data-av_iconfont='entypo-fontello' title='' data-avia-related-tooltip='Compartir por correo'><span class='avia_hidden_link_text'>Compartir por correo<\/span><\/a><\/li><\/ul><\/div><\/div>\n<div  style='height:50px' class='hr hr-invisible   avia-builder-el-8  el_after_av_social_share  el_before_av_comments_list '><span class='hr-inner ' ><span class='hr-inner-style'><\/span><\/span><\/div>\n<div  class='av-buildercomment  av-blog-meta-html-info-disabled av-blog-meta-tag-disabled  '><\/div>\n","protected":false},"excerpt":{"rendered":"","protected":false},"author":1,"featured_media":8232,"comment_status":"open","ping_status":"open","sticky":false,"template":"","format":"standard","meta":{"footnotes":""},"categories":[40],"tags":[],"class_list":["post-8227","post","type-post","status-publish","format-standard","has-post-thumbnail","hentry","category-deportes"],"jetpack_featured_media_url":"https:\/\/radiorevelacionfm.cl\/wp-content\/uploads\/2021\/09\/Estadio-1-2-1.jpg","_links":{"self":[{"href":"https:\/\/radiorevelacionfm.cl\/index.php?rest_route=\/wp\/v2\/posts\/8227","targetHints":{"allow":["GET"]}}],"collection":[{"href":"https:\/\/radiorevelacionfm.cl\/index.php?rest_route=\/wp\/v2\/posts"}],"about":[{"href":"https:\/\/radiorevelacionfm.cl\/index.php?rest_route=\/wp\/v2\/types\/post"}],"author":[{"embeddable":true,"href":"https:\/\/radiorevelacionfm.cl\/index.php?rest_route=\/wp\/v2\/users\/1"}],"replies":[{"embeddable":true,"href":"https:\/\/radiorevelacionfm.cl\/index.php?rest_route=%2Fwp%2Fv2%2Fcomments&post=8227"}],"version-history":[{"count":1,"href":"https:\/\/radiorevelacionfm.cl\/index.php?rest_route=\/wp\/v2\/posts\/8227\/revisions"}],"predecessor-version":[{"id":8229,"href":"https:\/\/radiorevelacionfm.cl\/index.php?rest_route=\/wp\/v2\/posts\/8227\/revisions\/8229"}],"wp:featuredmedia":[{"embeddable":true,"href":"https:\/\/radiorevelacionfm.cl\/index.php?rest_route=\/wp\/v2\/media\/8232"}],"wp:attachment":[{"href":"https:\/\/radiorevelacionfm.cl\/index.php?rest_route=%2Fwp%2Fv2%2Fmedia&parent=8227"}],"wp:term":[{"taxonomy":"category","embeddable":true,"href":"https:\/\/radiorevelacionfm.cl\/index.php?rest_route=%2Fwp%2Fv2%2Fcategories&post=8227"},{"taxonomy":"post_tag","embeddable":true,"href":"https:\/\/radiorevelacionfm.cl\/index.php?rest_route=%2Fwp%2Fv2%2Ftags&post=8227"}],"curies":[{"name":"wp","href":"https:\/\/api.w.org\/{rel}","templated":true}]}}