{"id":8224,"date":"2021-09-03T10:32:14","date_gmt":"2021-09-03T13:32:14","guid":{"rendered":"https:\/\/radiorevelacionfm.cl\/?p=8224"},"modified":"2021-09-03T10:39:59","modified_gmt":"2021-09-03T13:39:59","slug":"seremi-de-energia-recuerda-que-este-sabado-4-de-septiembre-comienza-el-horario-de-verano","status":"publish","type":"post","link":"https:\/\/radiorevelacionfm.cl\/?p=8224","title":{"rendered":"Seremi de Energ\u00eda recuerda que este s\u00e1bado 4 de septiembre comienza el horario de verano"},"content":{"rendered":"<div class=\"flex_column av_one_full  flex_column_div av-zero-column-padding first  avia-builder-el-0  el_before_av_one_full  avia-builder-el-first  \" style='border-radius:0px; '><div  class='avia-image-container  av-styling-    avia-builder-el-1  avia-builder-el-no-sibling  avia-align-center '  itemprop=\"image\" itemscope=\"itemscope\" itemtype=\"https:\/\/schema.org\/ImageObject\"  ><div class='avia-image-container-inner'><div class='avia-image-overlay-wrap'><img decoding=\"async\" class='wp-image-8225 avia-img-lazy-loading-not-8225 avia_image' src=\"https:\/\/radiorevelacionfm.cl\/wp-content\/uploads\/2021\/09\/HORARIO-VERANO-IG-Y-FB-1-1.jpg\" alt='' title='HORARIO VERANO IG Y FB (1) (1)' height=\"600\" width=\"600\"  itemprop=\"thumbnailUrl\" srcset=\"https:\/\/radiorevelacionfm.cl\/wp-content\/uploads\/2021\/09\/HORARIO-VERANO-IG-Y-FB-1-1.jpg 600w, https:\/\/radiorevelacionfm.cl\/wp-content\/uploads\/2021\/09\/HORARIO-VERANO-IG-Y-FB-1-1-300x300.jpg 300w, https:\/\/radiorevelacionfm.cl\/wp-content\/uploads\/2021\/09\/HORARIO-VERANO-IG-Y-FB-1-1-80x80.jpg 80w, https:\/\/radiorevelacionfm.cl\/wp-content\/uploads\/2021\/09\/HORARIO-VERANO-IG-Y-FB-1-1-36x36.jpg 36w, https:\/\/radiorevelacionfm.cl\/wp-content\/uploads\/2021\/09\/HORARIO-VERANO-IG-Y-FB-1-1-180x180.jpg 180w, https:\/\/radiorevelacionfm.cl\/wp-content\/uploads\/2021\/09\/HORARIO-VERANO-IG-Y-FB-1-1-100x100.jpg 100w\" sizes=\"(max-width: 600px) 100vw, 600px\" \/><\/div><\/div><\/div><\/div><div class=\"flex_column av_one_full  flex_column_div av-zero-column-padding first  avia-builder-el-2  el_after_av_one_full  el_before_av_one_full  column-top-margin\" style='border-radius:0px; '><section class=\"av_textblock_section \"  itemscope=\"itemscope\" itemtype=\"https:\/\/schema.org\/BlogPosting\" itemprop=\"blogPost\" ><div class='avia_textblock  '   itemprop=\"text\" ><h2 style=\"text-align: center;\"><span style=\"font-size: 18pt;\">Seremi de Energ\u00eda recuerda que este s\u00e1bado 4 de septiembre comienza el horario de verano<\/span><\/h2>\n<div id=\"gtx-trans\" style=\"position: absolute; left: -50px; top: 4.31534px;\">\n<div class=\"gtx-trans-icon\"><\/div>\n<\/div>\n<\/div><\/section><\/div><div class=\"flex_column av_one_full  flex_column_div av-zero-column-padding first  avia-builder-el-4  el_after_av_one_full  el_before_av_hr  column-top-margin\" style='border-radius:0px; '><section class=\"av_textblock_section \"  itemscope=\"itemscope\" itemtype=\"https:\/\/schema.org\/BlogPosting\" itemprop=\"blogPost\" ><div class='avia_textblock  '   itemprop=\"text\" ><p style=\"text-align: justify;\">El Seremi de Energ\u00eda de Ays\u00e9n (s), Julio Z\u00fa\u00f1iga, dio a conocer los detalles del horario de verano recordando a la ciudadan\u00eda que \u201ceste s\u00e1bado 4 de septiembre a partir de 23:59 horas comenzar\u00e1 a regir oficialmente el horario de verano,\u00a0por lo que los relojes y dispositivos electr\u00f3nicos deber\u00e1n adelantarse en 60 minutos, pasando as\u00ed del huso horario de invierno (UTC- 4) al de verano (UTC-3)\u201d.<\/p>\n<p style=\"text-align: justify;\">Adem\u00e1s la autoridad regional de energ\u00eda explic\u00f3 que \u201cel r\u00e9gimen de horario de invierno y verano, nos permite aprovechar lo m\u00e1s posible la luz natural del sol a lo largo del a\u00f1o. Esta comprobado cient\u00edficamente que esto tiene beneficios directos en la salud, ya que nuestro cuerpo esta dise\u00f1ado para trabajar mejor con luz natural, favoreciendo, la concentraci\u00f3n y nuestro desempe\u00f1o\u201d.<\/p>\n<p style=\"text-align: justify;\">La medida se aplicar\u00e1 en\u00a0todo el territorio continental e insular del pa\u00eds, a excepci\u00f3n de la regi\u00f3n de Magallanes y Ant\u00e1rtica, ya que en dicha zona rige permanentemente el huso horario (UTC-3). En el caso Chile Insular, Isla de Pascua e Isla Salas y G\u00f3mez, el cambio de hora tiene 2 horas de diferencia con Chile Continental, por lo que ser\u00e1 a las 22:00 horas local, donde los relojes deber\u00e1n adelantarse una hora pasando de esta manera al huso horario (UTC-5).<\/p>\n<p style=\"text-align: justify;\">Estos cambios responden al\u00a0Decreto Supremo 1.286 del a\u00f1o 2018, el que establece que el\u00a0horario de verano\u00a0empieza a contar de la\u00a0medianoche del primer s\u00e1bado de septiembre. Este nuevo horario estar\u00e1 vigente hasta el primer s\u00e1bado de abril del 2022.<\/p>\n<p style=\"text-align: justify;\">Finalmente el Seremi Z\u00fa\u00f1iga recalc\u00f3 que \u201cel horario de verano facilita las actividades familiares, sociales y recreativas y es una gran oportunidad para que la comunidad pueda disfrutar de los espacios p\u00fablicos y actividades de recreaci\u00f3n, lo que es parte de nuestra cultura y tradici\u00f3n cuando comienza la primavera. Sin embargo, producto de la situaci\u00f3n sanitaria en que nos encontramos, el llamado es ir retomando nuestras actividades, pero siempre con la m\u00e1xima responsabilidad en el auto cuidado como uso de mascarillas, distanciamiento social, lavado de manos, utilizaci\u00f3n de alcohol gel entre otras\u201d.<\/p>\n<\/div><\/section><\/div><div  style='height:50px' class='hr hr-invisible   avia-builder-el-6  el_after_av_one_full  el_before_av_social_share '><span class='hr-inner ' ><span class='hr-inner-style'><\/span><\/span><\/div><\/p>\n<div  class='av-social-sharing-box  avia-builder-el-7  el_after_av_hr  el_before_av_hr  '><div class='av-share-box'><h5 class='av-share-link-description av-no-toc '>Compartir esta noticia<\/h5><ul class='av-share-box-list noLightbox'><li class='av-share-link av-social-link-facebook' ><a target=\"_blank\" aria-label=\"Compartir en Facebook\" href='https:\/\/www.facebook.com\/sharer.php?u=https:\/\/radiorevelacionfm.cl\/?p=8224&#038;t=Seremi%20de%20Energ%C3%ADa%20recuerda%20que%20este%20s%C3%A1bado%204%20de%20septiembre%20comienza%20el%20horario%20de%20verano' aria-hidden='false' data-av_icon='\ue8f3' data-av_iconfont='entypo-fontello' title='' data-avia-related-tooltip='Compartir en Facebook' rel=\"noopener\"><span class='avia_hidden_link_text'>Compartir en Facebook<\/span><\/a><\/li><li class='av-share-link av-social-link-twitter' ><a target=\"_blank\" aria-label=\"Compartir en Twitter\" href='https:\/\/twitter.com\/share?text=Seremi%20de%20Energ%C3%ADa%20recuerda%20que%20este%20s%C3%A1bado%204%20de%20septiembre%20comienza%20el%20horario%20de%20verano&#038;url=https:\/\/radiorevelacionfm.cl\/?p=8224' aria-hidden='false' data-av_icon='\ue8f1' data-av_iconfont='entypo-fontello' title='' data-avia-related-tooltip='Compartir en Twitter' rel=\"noopener\"><span class='avia_hidden_link_text'>Compartir en Twitter<\/span><\/a><\/li><li class='av-share-link av-social-link-whatsapp' ><a target=\"_blank\" aria-label=\"Compartir en Whatsapp\" href='https:\/\/api.whatsapp.com\/send?text=https:\/\/radiorevelacionfm.cl\/?p=8224' aria-hidden='false' data-av_icon='\uf232' data-av_iconfont='entypo-fontello' title='' data-avia-related-tooltip='Compartir en Whatsapp' rel=\"noopener\"><span class='avia_hidden_link_text'>Compartir en Whatsapp<\/span><\/a><\/li><li class='av-share-link av-social-link-linkedin' ><a target=\"_blank\" aria-label=\"Compartir en LinkedIn\" href='https:\/\/linkedin.com\/shareArticle?mini=true&#038;title=Seremi%20de%20Energ%C3%ADa%20recuerda%20que%20este%20s%C3%A1bado%204%20de%20septiembre%20comienza%20el%20horario%20de%20verano&#038;url=https:\/\/radiorevelacionfm.cl\/?p=8224' aria-hidden='false' data-av_icon='\ue8fc' data-av_iconfont='entypo-fontello' title='' data-avia-related-tooltip='Compartir en LinkedIn' rel=\"noopener\"><span class='avia_hidden_link_text'>Compartir en LinkedIn<\/span><\/a><\/li><li class='av-share-link av-social-link-mail' ><a  aria-label=\"Compartir por correo\" href='mailto:?subject=Seremi%20de%20Energ%C3%ADa%20recuerda%20que%20este%20s%C3%A1bado%204%20de%20septiembre%20comienza%20el%20horario%20de%20verano&#038;body=https:\/\/radiorevelacionfm.cl\/?p=8224' aria-hidden='false' data-av_icon='\ue805' data-av_iconfont='entypo-fontello' title='' data-avia-related-tooltip='Compartir por correo'><span class='avia_hidden_link_text'>Compartir por correo<\/span><\/a><\/li><\/ul><\/div><\/div>\n<div  style='height:50px' class='hr hr-invisible   avia-builder-el-8  el_after_av_social_share  el_before_av_comments_list '><span class='hr-inner ' ><span class='hr-inner-style'><\/span><\/span><\/div>\n<div  class='av-buildercomment  av-blog-meta-html-info-disabled av-blog-meta-tag-disabled  '><\/div>\n","protected":false},"excerpt":{"rendered":"","protected":false},"author":1,"featured_media":8249,"comment_status":"open","ping_status":"open","sticky":false,"template":"","format":"standard","meta":{"footnotes":""},"categories":[61,38],"tags":[],"class_list":["post-8224","post","type-post","status-publish","format-standard","has-post-thumbnail","hentry","category-nacional","category-regional"],"jetpack_featured_media_url":"https:\/\/radiorevelacionfm.cl\/wp-content\/uploads\/2021\/09\/HORARIO-VERANO-IG-Y-FB1-1-1.jpg","_links":{"self":[{"href":"https:\/\/radiorevelacionfm.cl\/index.php?rest_route=\/wp\/v2\/posts\/8224","targetHints":{"allow":["GET"]}}],"collection":[{"href":"https:\/\/radiorevelacionfm.cl\/index.php?rest_route=\/wp\/v2\/posts"}],"about":[{"href":"https:\/\/radiorevelacionfm.cl\/index.php?rest_route=\/wp\/v2\/types\/post"}],"author":[{"embeddable":true,"href":"https:\/\/radiorevelacionfm.cl\/index.php?rest_route=\/wp\/v2\/users\/1"}],"replies":[{"embeddable":true,"href":"https:\/\/radiorevelacionfm.cl\/index.php?rest_route=%2Fwp%2Fv2%2Fcomments&post=8224"}],"version-history":[{"count":1,"href":"https:\/\/radiorevelacionfm.cl\/index.php?rest_route=\/wp\/v2\/posts\/8224\/revisions"}],"predecessor-version":[{"id":8226,"href":"https:\/\/radiorevelacionfm.cl\/index.php?rest_route=\/wp\/v2\/posts\/8224\/revisions\/8226"}],"wp:featuredmedia":[{"embeddable":true,"href":"https:\/\/radiorevelacionfm.cl\/index.php?rest_route=\/wp\/v2\/media\/8249"}],"wp:attachment":[{"href":"https:\/\/radiorevelacionfm.cl\/index.php?rest_route=%2Fwp%2Fv2%2Fmedia&parent=8224"}],"wp:term":[{"taxonomy":"category","embeddable":true,"href":"https:\/\/radiorevelacionfm.cl\/index.php?rest_route=%2Fwp%2Fv2%2Fcategories&post=8224"},{"taxonomy":"post_tag","embeddable":true,"href":"https:\/\/radiorevelacionfm.cl\/index.php?rest_route=%2Fwp%2Fv2%2Ftags&post=8224"}],"curies":[{"name":"wp","href":"https:\/\/api.w.org\/{rel}","templated":true}]}}