{"id":8217,"date":"2021-09-02T17:38:41","date_gmt":"2021-09-02T20:38:41","guid":{"rendered":"https:\/\/radiorevelacionfm.cl\/?p=8217"},"modified":"2021-09-02T17:38:41","modified_gmt":"2021-09-02T20:38:41","slug":"barrios-en-accion-conforma-oficialmente-grupo-motor-con-dirigentes-vecinales-de-coyhaique","status":"publish","type":"post","link":"https:\/\/radiorevelacionfm.cl\/?p=8217","title":{"rendered":"Barrios en Acci\u00f3n conforma oficialmente grupo motor con dirigentes vecinales de Coyhaique"},"content":{"rendered":"<div class=\"flex_column av_one_full  flex_column_div av-zero-column-padding first  avia-builder-el-0  el_before_av_one_full  avia-builder-el-first  \" style='border-radius:0px; '><div  class='avia-image-container  av-styling-    avia-builder-el-1  avia-builder-el-no-sibling  avia-align-center '  itemprop=\"image\" itemscope=\"itemscope\" itemtype=\"https:\/\/schema.org\/ImageObject\"  ><div class='avia-image-container-inner'><div class='avia-image-overlay-wrap'><img decoding=\"async\" class='wp-image-8218 avia-img-lazy-loading-not-8218 avia_image' src=\"https:\/\/radiorevelacionfm.cl\/wp-content\/uploads\/2021\/09\/grupo-motor-1-1_optimized.jpeg\" alt='' title='grupo-motor-1-(1)_optimized' height=\"600\" width=\"1350\"  itemprop=\"thumbnailUrl\" srcset=\"https:\/\/radiorevelacionfm.cl\/wp-content\/uploads\/2021\/09\/grupo-motor-1-1_optimized.jpeg 1350w, https:\/\/radiorevelacionfm.cl\/wp-content\/uploads\/2021\/09\/grupo-motor-1-1_optimized-300x133.jpeg 300w, https:\/\/radiorevelacionfm.cl\/wp-content\/uploads\/2021\/09\/grupo-motor-1-1_optimized-1030x458.jpeg 1030w, https:\/\/radiorevelacionfm.cl\/wp-content\/uploads\/2021\/09\/grupo-motor-1-1_optimized-768x341.jpeg 768w, https:\/\/radiorevelacionfm.cl\/wp-content\/uploads\/2021\/09\/grupo-motor-1-1_optimized-705x313.jpeg 705w, https:\/\/radiorevelacionfm.cl\/wp-content\/uploads\/2021\/09\/grupo-motor-1-1_optimized-600x267.jpeg 600w\" sizes=\"(max-width: 1350px) 100vw, 1350px\" \/><\/div><\/div><\/div><\/div><div class=\"flex_column av_one_full  flex_column_div av-zero-column-padding first  avia-builder-el-2  el_after_av_one_full  el_before_av_one_full  column-top-margin\" style='border-radius:0px; '><section class=\"av_textblock_section \"  itemscope=\"itemscope\" itemtype=\"https:\/\/schema.org\/BlogPosting\" itemprop=\"blogPost\" ><div class='avia_textblock  '   itemprop=\"text\" ><p style=\"text-align: center;\"><span style=\"font-size: 18pt;\"><strong>Barrios en Acci\u00f3n conforma oficialmente grupo motor con dirigentes vecinales de Coyhaique<\/strong><\/span><\/p>\n<div id=\"gtx-trans\" style=\"position: absolute; left: -50px; top: 4.31534px;\">\n<div class=\"gtx-trans-icon\"><\/div>\n<\/div>\n<\/div><\/section><\/div><div class=\"flex_column av_one_full  flex_column_div av-zero-column-padding first  avia-builder-el-4  el_after_av_one_full  el_before_av_hr  column-top-margin\" style='border-radius:0px; '><section class=\"av_textblock_section \"  itemscope=\"itemscope\" itemtype=\"https:\/\/schema.org\/BlogPosting\" itemprop=\"blogPost\" ><div class='avia_textblock  '   itemprop=\"text\" ><p style=\"text-align: justify;\">La Subsecretar\u00eda de Prevenci\u00f3n del Delito y el Fondo de Solidaridad e Inversi\u00f3n Social, FOSIS, suscribieron este convenio de colaboraci\u00f3n y transferencia de recursos aunando esfuerzos para ejecutar el programa Barrios en Acci\u00f3n, donde se trabajar\u00e1 en los pilares comunidad y familia.<\/p>\n<p style=\"text-align: justify;\">El objetivo principal del programa Barrios en Acci\u00f3n es mitigar los efectos del debilitamiento del capital social, a trav\u00e9s del fortalecimiento de las capacidades de gesti\u00f3n sociocomunitaria, integraci\u00f3n social de Barrios Prioritarios y el fortalecimiento de alianzas p\u00fablico-privadas.<\/p>\n<p style=\"text-align: justify;\">Los integrantes que conforman el grupo motor barrial son Jaqueline Yannet Carrasco Opazo, Presidenta de la Agrupaci\u00f3n Mirando Hacia el Futuro; Mar\u00eda Ver\u00f3nica Legue Vera, Presidenta de la Junta de Vecinos Achen n\u00b04 Ampliaci\u00f3n Pablo Neruda; Luis Eduardo Vera Riquelme, Presidente del Comit\u00e9 de Ampliaci\u00f3n y Desarrollo Villa Bicentenario; Segundo Ricardo Guichapay Guenul, Presidente de la Junta de Vecinos El Bosque n\u00b031 y Ram\u00f3n Maximiliano \u00c1guila Castillo, Presidente da la Junta de Vecinos Villa Patagonia.<\/p>\n<p style=\"text-align: justify;\">En la instancia de constituci\u00f3n del grupo motor barrial los participantes se comprometieron a ser un equipo de trabajo colaborativo, apoyar e involucrarse en todo el proceso, mejorar las gestiones de las organizaciones, generar redes de apoyo, motivar a la comunidad para que participe, compartir informaci\u00f3n con la comunidad y apoyar la gesti\u00f3n del programa en la comunidad.<\/p>\n<p style=\"text-align: justify;\">La Directora Regional del FOSIS en Ays\u00e9n, Dominique Br\u00e4utigam, destac\u00f3 la importancia de conformar este grupo de trabajo. \u201cSi bien es cierto hemos estado trabajando con los dirigentes desde el mes de marzo a la fecha, hoy comenzamos una labor especial de focalizaci\u00f3n con el grupo motor, donde vamos a canalizar fortaleza y debilidades del territorio con el objetivo de implementar un programa, una iniciativa que ser\u00e1 financiada para poder suplir las carencias que se pueden ir identificando como tambi\u00e9n el ir escuchando las opiniones de los vecinos y vecinas para poder mejorar la calidad de vida en el territorio\u201d.<\/p>\n<p style=\"text-align: justify;\">Luis Vera, Presidente de la Junta de Vecinos de Villa Bicentenario, valor\u00f3 positivamente la conformaci\u00f3n del grupo motor como una instancia activa para trabajar y coordinar esfuerzos en favor de su comunidad. \u201cEs una actividad que venimos realizando hace meses ya con varias entidades entre ellas FOSIS que ha sido una de las m\u00e1s constantes con nosotros junto con Ana Mar\u00eda Gallardo que es la coordinadora barrial y en si ha sido principalmente mejorar el entorno vecinal y que los vecinos se sientan m\u00e1s seguros\u201d.<\/p>\n<p style=\"text-align: justify;\">Al grupo motor barrial conformado en esta instancia, se podr\u00e1n sumar nuevos actores en la medida que se estime necesario, para poder abordar nuevas tem\u00e1ticas o profundizar en las que ya se est\u00e1n desarrollando.<\/p>\n<\/div><\/section><\/div><div  style='height:50px' class='hr hr-invisible   avia-builder-el-6  el_after_av_one_full  el_before_av_social_share '><span class='hr-inner ' ><span class='hr-inner-style'><\/span><\/span><\/div><\/p>\n<div  class='av-social-sharing-box  avia-builder-el-7  el_after_av_hr  el_before_av_hr  '><div class='av-share-box'><h5 class='av-share-link-description av-no-toc '>Compartir esta noticia<\/h5><ul class='av-share-box-list noLightbox'><li class='av-share-link av-social-link-facebook' ><a target=\"_blank\" aria-label=\"Compartir en Facebook\" href='https:\/\/www.facebook.com\/sharer.php?u=https:\/\/radiorevelacionfm.cl\/?p=8217&#038;t=Barrios%20en%20Acci%C3%B3n%20conforma%20oficialmente%20grupo%20motor%20con%20dirigentes%20vecinales%20de%20Coyhaique' aria-hidden='false' data-av_icon='\ue8f3' data-av_iconfont='entypo-fontello' title='' data-avia-related-tooltip='Compartir en Facebook' rel=\"noopener\"><span class='avia_hidden_link_text'>Compartir en Facebook<\/span><\/a><\/li><li class='av-share-link av-social-link-twitter' ><a target=\"_blank\" aria-label=\"Compartir en Twitter\" href='https:\/\/twitter.com\/share?text=Barrios%20en%20Acci%C3%B3n%20conforma%20oficialmente%20grupo%20motor%20con%20dirigentes%20vecinales%20de%20Coyhaique&#038;url=https:\/\/radiorevelacionfm.cl\/?p=8217' aria-hidden='false' data-av_icon='\ue8f1' data-av_iconfont='entypo-fontello' title='' data-avia-related-tooltip='Compartir en Twitter' rel=\"noopener\"><span class='avia_hidden_link_text'>Compartir en Twitter<\/span><\/a><\/li><li class='av-share-link av-social-link-whatsapp' ><a target=\"_blank\" aria-label=\"Compartir en Whatsapp\" href='https:\/\/api.whatsapp.com\/send?text=https:\/\/radiorevelacionfm.cl\/?p=8217' aria-hidden='false' data-av_icon='\uf232' data-av_iconfont='entypo-fontello' title='' data-avia-related-tooltip='Compartir en Whatsapp' rel=\"noopener\"><span class='avia_hidden_link_text'>Compartir en Whatsapp<\/span><\/a><\/li><li class='av-share-link av-social-link-linkedin' ><a target=\"_blank\" aria-label=\"Compartir en LinkedIn\" href='https:\/\/linkedin.com\/shareArticle?mini=true&#038;title=Barrios%20en%20Acci%C3%B3n%20conforma%20oficialmente%20grupo%20motor%20con%20dirigentes%20vecinales%20de%20Coyhaique&#038;url=https:\/\/radiorevelacionfm.cl\/?p=8217' aria-hidden='false' data-av_icon='\ue8fc' data-av_iconfont='entypo-fontello' title='' data-avia-related-tooltip='Compartir en LinkedIn' rel=\"noopener\"><span class='avia_hidden_link_text'>Compartir en LinkedIn<\/span><\/a><\/li><li class='av-share-link av-social-link-mail' ><a  aria-label=\"Compartir por correo\" href='mailto:?subject=Barrios%20en%20Acci%C3%B3n%20conforma%20oficialmente%20grupo%20motor%20con%20dirigentes%20vecinales%20de%20Coyhaique&#038;body=https:\/\/radiorevelacionfm.cl\/?p=8217' aria-hidden='false' data-av_icon='\ue805' data-av_iconfont='entypo-fontello' title='' data-avia-related-tooltip='Compartir por correo'><span class='avia_hidden_link_text'>Compartir por correo<\/span><\/a><\/li><\/ul><\/div><\/div>\n<div  style='height:50px' class='hr hr-invisible   avia-builder-el-8  el_after_av_social_share  el_before_av_comments_list '><span class='hr-inner ' ><span class='hr-inner-style'><\/span><\/span><\/div>\n<div  class='av-buildercomment  av-blog-meta-html-info-disabled av-blog-meta-tag-disabled  '><\/div>\n","protected":false},"excerpt":{"rendered":"","protected":false},"author":1,"featured_media":8218,"comment_status":"open","ping_status":"open","sticky":false,"template":"","format":"standard","meta":{"footnotes":""},"categories":[38],"tags":[],"class_list":["post-8217","post","type-post","status-publish","format-standard","has-post-thumbnail","hentry","category-regional"],"jetpack_featured_media_url":"https:\/\/radiorevelacionfm.cl\/wp-content\/uploads\/2021\/09\/grupo-motor-1-1_optimized.jpeg","_links":{"self":[{"href":"https:\/\/radiorevelacionfm.cl\/index.php?rest_route=\/wp\/v2\/posts\/8217","targetHints":{"allow":["GET"]}}],"collection":[{"href":"https:\/\/radiorevelacionfm.cl\/index.php?rest_route=\/wp\/v2\/posts"}],"about":[{"href":"https:\/\/radiorevelacionfm.cl\/index.php?rest_route=\/wp\/v2\/types\/post"}],"author":[{"embeddable":true,"href":"https:\/\/radiorevelacionfm.cl\/index.php?rest_route=\/wp\/v2\/users\/1"}],"replies":[{"embeddable":true,"href":"https:\/\/radiorevelacionfm.cl\/index.php?rest_route=%2Fwp%2Fv2%2Fcomments&post=8217"}],"version-history":[{"count":1,"href":"https:\/\/radiorevelacionfm.cl\/index.php?rest_route=\/wp\/v2\/posts\/8217\/revisions"}],"predecessor-version":[{"id":8219,"href":"https:\/\/radiorevelacionfm.cl\/index.php?rest_route=\/wp\/v2\/posts\/8217\/revisions\/8219"}],"wp:featuredmedia":[{"embeddable":true,"href":"https:\/\/radiorevelacionfm.cl\/index.php?rest_route=\/wp\/v2\/media\/8218"}],"wp:attachment":[{"href":"https:\/\/radiorevelacionfm.cl\/index.php?rest_route=%2Fwp%2Fv2%2Fmedia&parent=8217"}],"wp:term":[{"taxonomy":"category","embeddable":true,"href":"https:\/\/radiorevelacionfm.cl\/index.php?rest_route=%2Fwp%2Fv2%2Fcategories&post=8217"},{"taxonomy":"post_tag","embeddable":true,"href":"https:\/\/radiorevelacionfm.cl\/index.php?rest_route=%2Fwp%2Fv2%2Ftags&post=8217"}],"curies":[{"name":"wp","href":"https:\/\/api.w.org\/{rel}","templated":true}]}}