{"id":8214,"date":"2021-09-02T16:52:27","date_gmt":"2021-09-02T19:52:27","guid":{"rendered":"https:\/\/radiorevelacionfm.cl\/?p=8214"},"modified":"2021-09-02T16:52:27","modified_gmt":"2021-09-02T19:52:27","slug":"clubes-de-adultos-mayores-y-union-comunal-de-rio-ibanez-obtienen-fondos-del-servicio-nacional-del-adulto-mayor","status":"publish","type":"post","link":"https:\/\/radiorevelacionfm.cl\/?p=8214","title":{"rendered":"Clubes de adultos mayores y Uni\u00f3n Comunal de R\u00edo Ib\u00e1\u00f1ez obtienen Fondos del Servicio Nacional del Adulto Mayor"},"content":{"rendered":"<div class=\"flex_column av_one_full  flex_column_div av-zero-column-padding first  avia-builder-el-0  el_before_av_one_full  avia-builder-el-first  \" style='border-radius:0px; '><div  class='avia-image-container  av-styling-    avia-builder-el-1  avia-builder-el-no-sibling  avia-align-center '  itemprop=\"image\" itemscope=\"itemscope\" itemtype=\"https:\/\/schema.org\/ImageObject\"  ><div class='avia-image-container-inner'><div class='avia-image-overlay-wrap'><img decoding=\"async\" class='wp-image-8215 avia-img-lazy-loading-not-8215 avia_image' src=\"https:\/\/radiorevelacionfm.cl\/wp-content\/uploads\/2021\/09\/Foto-3-1-1.jpeg\" alt='' title='Foto 3 (1) (1)' height=\"600\" width=\"800\"  itemprop=\"thumbnailUrl\" srcset=\"https:\/\/radiorevelacionfm.cl\/wp-content\/uploads\/2021\/09\/Foto-3-1-1.jpeg 800w, https:\/\/radiorevelacionfm.cl\/wp-content\/uploads\/2021\/09\/Foto-3-1-1-300x225.jpeg 300w, https:\/\/radiorevelacionfm.cl\/wp-content\/uploads\/2021\/09\/Foto-3-1-1-768x576.jpeg 768w, https:\/\/radiorevelacionfm.cl\/wp-content\/uploads\/2021\/09\/Foto-3-1-1-705x529.jpeg 705w, https:\/\/radiorevelacionfm.cl\/wp-content\/uploads\/2021\/09\/Foto-3-1-1-600x450.jpeg 600w\" sizes=\"(max-width: 800px) 100vw, 800px\" \/><\/div><\/div><\/div><\/div><div class=\"flex_column av_one_full  flex_column_div av-zero-column-padding first  avia-builder-el-2  el_after_av_one_full  el_before_av_one_full  column-top-margin\" style='border-radius:0px; '><section class=\"av_textblock_section \"  itemscope=\"itemscope\" itemtype=\"https:\/\/schema.org\/BlogPosting\" itemprop=\"blogPost\" ><div class='avia_textblock  '   itemprop=\"text\" ><p style=\"text-align: center;\"><strong><span style=\"font-size: 18pt;\">Clubes de adultos mayores y Uni\u00f3n Comunal de R\u00edo Ib\u00e1\u00f1ez obtienen Fondos del Servicio Nacional del Adulto Mayor <\/span><\/strong><\/p>\n<div id=\"gtx-trans\" style=\"position: absolute; left: -50px; top: 4.31534px;\">\n<div class=\"gtx-trans-icon\"><\/div>\n<\/div>\n<\/div><\/section><\/div><div class=\"flex_column av_one_full  flex_column_div av-zero-column-padding first  avia-builder-el-4  el_after_av_one_full  el_before_av_hr  column-top-margin\" style='border-radius:0px; '><section class=\"av_textblock_section \"  itemscope=\"itemscope\" itemtype=\"https:\/\/schema.org\/BlogPosting\" itemprop=\"blogPost\" ><div class='avia_textblock  '   itemprop=\"text\" ><div>\n<div>\n<p style=\"text-align: justify;\"><span lang=\"ES-ES\">Buenas noticias para los 7 clubes de personas mayores y la Uni\u00f3n Comunal de R\u00edo Ib\u00e1\u00f1ez, que, con ayuda de la Oficina del Adulto Mayor del municipio, se adjudicaron 8 proyectos de Senama, que contemplan nueve millones de pesos de inversi\u00f3n.<\/span><\/p>\n<\/div>\n<div style=\"text-align: justify;\">\n<p><span lang=\"ES-ES\">El alcalde de R\u00edo Ib\u00e1\u00f1ez, Marcelo Santana, expres\u00f3 su felicidad por la aprobaci\u00f3n de estos recursos que ser\u00e1n de gran ayuda para los vecinos de las cinco localidades del sector.\u00a0\u00a0<\/span><\/p>\n<\/div>\n<div style=\"text-align: justify;\">\n<p><span lang=\"ES-ES\">\u201cEstamos muy contentos porque estos trabajos se hacen en conjunto con las directivas y tambi\u00e9n a los profesionales de nuestro municipio que elaboran estos proyectos y se consiguen estos recursos en el Servicio Nacional del Adulto Mayor\u201d, asegur\u00f3.\u00a0<\/span><\/p>\n<\/div>\n<div style=\"text-align: justify;\">\n<p><span lang=\"ES-ES\">Adem\u00e1s, el jefe comunal explic\u00f3 que toda la inversi\u00f3n ser\u00e1 dirigida a viajes recreativos, equipamientos y construcci\u00f3n de le\u00f1eras seg\u00fan la necesidad expuesta por cada agrupaci\u00f3n.\u00a0<\/span><\/p>\n<\/div>\n<div style=\"text-align: justify;\">\n<p><span lang=\"ES-ES\">Por su parte, uno de los organizadores de la instancia y parte del apoyo administrativo de la Oficina del Adulto Mayor de la municipalidad, Luis Burgos recalc\u00f3 que \u201cpara entregar estos premios realizamos un conversatorio junto al alcalde donde se dio<\/span><span lang=\"ES-ES\">\u00a0<\/span><span lang=\"ES-ES\">de manera simb\u00f3lica estos proyectos aprobados por Senama, donde 7 clubes de adultos mayores obtuvieron un mill\u00f3n de pesos cada uno. En tanto, la Uni\u00f3n Comunal se adjudic\u00f3 dos millones de pesos\u201d.\u00a0<\/span><\/p>\n<\/div>\n<div style=\"text-align: justify;\">\n<p><span lang=\"ES-ES\">Por \u00faltimo, el funcionario municipal manifest\u00f3 que se encuentran trabajando arduamente para seguir organizando este tipo de espacios y que tendr\u00e1n m\u00e1s proyectos, como, por ejemplo: vinculo 16, red local de apoyo, cuidado domiciliarios, ciudades amigables, entre otros.\u00a0<\/span><\/p>\n<\/div>\n<div style=\"text-align: justify;\">\n<p><strong><span lang=\"ES-ES\">Mayores espacios de reuni\u00f3n con vecinos<\/span><span lang=\"ES-ES\">\u00a0<\/span>\u00a0<\/strong><\/p>\n<\/div>\n<div style=\"text-align: justify;\">\n<p><span lang=\"ES-ES\">La entrega emblem\u00e1tica de estos recursos se realiz\u00f3 en un conversatorio organizado por la Municipalidad de R\u00edo Ib\u00e1\u00f1ez, a trav\u00e9s de la Oficina del Adulto Mayor, donde el alcalde, Marcelo Santana escuch\u00f3 las distintas inquietudes de los diferentes dirigentes de los clubes y la Uni\u00f3n Comunal.\u00a0<\/span><\/p>\n<\/div>\n<div style=\"text-align: justify;\">\n<p><span lang=\"ES-ES\">Una de las asistentes, la tesorera del Club de Corazones J\u00f3venes, Julia Vidal, afirm\u00f3 que \u201cme pareci\u00f3 el conversatorio muy excelente, una actividad muy entretenida, presentando nuestras dificultades de\u00a0todos los sectores. Eso a nosotros nos da mucha alegr\u00eda. Ojal\u00e1 podamos reunirnos nuevamente, no compart\u00edamos hace m\u00e1s de dos a\u00f1os y nos sirvi\u00f3 para liberar estr\u00e9s\u201d.\u00a0<\/span><\/p>\n<\/div>\n<div style=\"text-align: justify;\">\n<p><span lang=\"ES-ES\">Por \u00faltimo, la Municipalidad de R\u00edo Ib\u00e1\u00f1ez declar\u00f3 su inter\u00e9s por seguir manteniendo reuniones con los dirigentes de las cinco localidades de la comuna para tener una comunicaci\u00f3n mucho m\u00e1s directa y cercana.\u00a0\u00a0<\/span><\/p>\n<\/div>\n<\/div>\n<div style=\"text-align: justify;\"><\/div>\n<\/div><\/section><\/div><div  style='height:50px' class='hr hr-invisible   avia-builder-el-6  el_after_av_one_full  el_before_av_social_share '><span class='hr-inner ' ><span class='hr-inner-style'><\/span><\/span><\/div><\/p>\n<div  class='av-social-sharing-box  avia-builder-el-7  el_after_av_hr  el_before_av_hr  '><div class='av-share-box'><h5 class='av-share-link-description av-no-toc '>Compartir esta noticia<\/h5><ul class='av-share-box-list noLightbox'><li class='av-share-link av-social-link-facebook' ><a target=\"_blank\" aria-label=\"Compartir en Facebook\" href='https:\/\/www.facebook.com\/sharer.php?u=https:\/\/radiorevelacionfm.cl\/?p=8214&#038;t=Clubes%20de%20adultos%20mayores%20y%20Uni%C3%B3n%20Comunal%20de%20R%C3%ADo%20Ib%C3%A1%C3%B1ez%20obtienen%20Fondos%20del%20Servicio%20Nacional%20del%20Adulto%20Mayor' aria-hidden='false' data-av_icon='\ue8f3' data-av_iconfont='entypo-fontello' title='' data-avia-related-tooltip='Compartir en Facebook' rel=\"noopener\"><span class='avia_hidden_link_text'>Compartir en Facebook<\/span><\/a><\/li><li class='av-share-link av-social-link-twitter' ><a target=\"_blank\" aria-label=\"Compartir en Twitter\" href='https:\/\/twitter.com\/share?text=Clubes%20de%20adultos%20mayores%20y%20Uni%C3%B3n%20Comunal%20de%20R%C3%ADo%20Ib%C3%A1%C3%B1ez%20obtienen%20Fondos%20del%20Servicio%20Nacional%20del%20Adulto%20Mayor&#038;url=https:\/\/radiorevelacionfm.cl\/?p=8214' aria-hidden='false' data-av_icon='\ue8f1' data-av_iconfont='entypo-fontello' title='' data-avia-related-tooltip='Compartir en Twitter' rel=\"noopener\"><span class='avia_hidden_link_text'>Compartir en Twitter<\/span><\/a><\/li><li class='av-share-link av-social-link-whatsapp' ><a target=\"_blank\" aria-label=\"Compartir en Whatsapp\" href='https:\/\/api.whatsapp.com\/send?text=https:\/\/radiorevelacionfm.cl\/?p=8214' aria-hidden='false' data-av_icon='\uf232' data-av_iconfont='entypo-fontello' title='' data-avia-related-tooltip='Compartir en Whatsapp' rel=\"noopener\"><span class='avia_hidden_link_text'>Compartir en Whatsapp<\/span><\/a><\/li><li class='av-share-link av-social-link-linkedin' ><a target=\"_blank\" aria-label=\"Compartir en LinkedIn\" href='https:\/\/linkedin.com\/shareArticle?mini=true&#038;title=Clubes%20de%20adultos%20mayores%20y%20Uni%C3%B3n%20Comunal%20de%20R%C3%ADo%20Ib%C3%A1%C3%B1ez%20obtienen%20Fondos%20del%20Servicio%20Nacional%20del%20Adulto%20Mayor&#038;url=https:\/\/radiorevelacionfm.cl\/?p=8214' aria-hidden='false' data-av_icon='\ue8fc' data-av_iconfont='entypo-fontello' title='' data-avia-related-tooltip='Compartir en LinkedIn' rel=\"noopener\"><span class='avia_hidden_link_text'>Compartir en LinkedIn<\/span><\/a><\/li><li class='av-share-link av-social-link-mail' ><a  aria-label=\"Compartir por correo\" href='mailto:?subject=Clubes%20de%20adultos%20mayores%20y%20Uni%C3%B3n%20Comunal%20de%20R%C3%ADo%20Ib%C3%A1%C3%B1ez%20obtienen%20Fondos%20del%20Servicio%20Nacional%20del%20Adulto%20Mayor&#038;body=https:\/\/radiorevelacionfm.cl\/?p=8214' aria-hidden='false' data-av_icon='\ue805' data-av_iconfont='entypo-fontello' title='' data-avia-related-tooltip='Compartir por correo'><span class='avia_hidden_link_text'>Compartir por correo<\/span><\/a><\/li><\/ul><\/div><\/div>\n<div  style='height:50px' class='hr hr-invisible   avia-builder-el-8  el_after_av_social_share  el_before_av_comments_list '><span class='hr-inner ' ><span class='hr-inner-style'><\/span><\/span><\/div>\n<div  class='av-buildercomment  av-blog-meta-html-info-disabled av-blog-meta-tag-disabled  '><\/div>\n","protected":false},"excerpt":{"rendered":"","protected":false},"author":1,"featured_media":8215,"comment_status":"open","ping_status":"open","sticky":false,"template":"","format":"standard","meta":{"footnotes":""},"categories":[38],"tags":[],"class_list":["post-8214","post","type-post","status-publish","format-standard","has-post-thumbnail","hentry","category-regional"],"jetpack_featured_media_url":"https:\/\/radiorevelacionfm.cl\/wp-content\/uploads\/2021\/09\/Foto-3-1-1.jpeg","_links":{"self":[{"href":"https:\/\/radiorevelacionfm.cl\/index.php?rest_route=\/wp\/v2\/posts\/8214","targetHints":{"allow":["GET"]}}],"collection":[{"href":"https:\/\/radiorevelacionfm.cl\/index.php?rest_route=\/wp\/v2\/posts"}],"about":[{"href":"https:\/\/radiorevelacionfm.cl\/index.php?rest_route=\/wp\/v2\/types\/post"}],"author":[{"embeddable":true,"href":"https:\/\/radiorevelacionfm.cl\/index.php?rest_route=\/wp\/v2\/users\/1"}],"replies":[{"embeddable":true,"href":"https:\/\/radiorevelacionfm.cl\/index.php?rest_route=%2Fwp%2Fv2%2Fcomments&post=8214"}],"version-history":[{"count":1,"href":"https:\/\/radiorevelacionfm.cl\/index.php?rest_route=\/wp\/v2\/posts\/8214\/revisions"}],"predecessor-version":[{"id":8216,"href":"https:\/\/radiorevelacionfm.cl\/index.php?rest_route=\/wp\/v2\/posts\/8214\/revisions\/8216"}],"wp:featuredmedia":[{"embeddable":true,"href":"https:\/\/radiorevelacionfm.cl\/index.php?rest_route=\/wp\/v2\/media\/8215"}],"wp:attachment":[{"href":"https:\/\/radiorevelacionfm.cl\/index.php?rest_route=%2Fwp%2Fv2%2Fmedia&parent=8214"}],"wp:term":[{"taxonomy":"category","embeddable":true,"href":"https:\/\/radiorevelacionfm.cl\/index.php?rest_route=%2Fwp%2Fv2%2Fcategories&post=8214"},{"taxonomy":"post_tag","embeddable":true,"href":"https:\/\/radiorevelacionfm.cl\/index.php?rest_route=%2Fwp%2Fv2%2Ftags&post=8214"}],"curies":[{"name":"wp","href":"https:\/\/api.w.org\/{rel}","templated":true}]}}